{"id":140927,"date":"2020-01-23T23:59:20","date_gmt":"2020-01-23T22:59:20","guid":{"rendered":"https:\/\/online.smago.de\/ws2\/?p=140927"},"modified":"2020-01-23T12:43:53","modified_gmt":"2020-01-23T11:43:53","slug":"claus-marcus-claus-marcus-meldet-sich-mit-dem-titel-wir-leben-bunt-zurueck","status":"publish","type":"post","link":"https:\/\/smago.de\/ws2\/uncategorized\/claus-marcus-claus-marcus-meldet-sich-mit-dem-titel-wir-leben-bunt-zurueck\/","title":{"rendered":"CLAUS MARCUS <br>Claus Marcus meldet sich mit dem Titel &#8222;Wir leben bunt.&#8220; zur\u00fcck!"},"content":{"rendered":"<p><strong>Claus Marcus \u2013 schon mal geh\u00f6rt? Sp\u00e4testens bei \u201aAnton aus Tirol\u2018 klingelt&#8217;s &#8230;:<br \/>\n<\/strong><\/p>\n<p><!--more--><\/p>\n<p>&nbsp;<\/p>\n<p style=\"text-align: justify;\">CLAUS MARCUS in Personalunion. Diesmal als K\u00fcnstler, Songschreiber, S\u00e4nger der Themen aufgreift, die nicht dem Mainstream huldigen und sich daher sehr sympathisch vom \u00fcblichen Pop-Schlager abheben.<\/p>\n<p style=\"text-align: justify;\">\u201aWir leben bunt\u2018 ist eine Liebeskl\u00e4rung ans Leben, an die Menschen in all ihrer Unterschiedlichkeit.<\/p>\n<p style=\"text-align: justify;\">Mit diesem Lied deklarieren sich Claus Marcus und sein Kollege Wolfgang Grabmair eindeutig gegen Ausgrenzung und Fremdenhass.<\/p>\n<p style=\"text-align: justify;\">Sie sehen die Buntheit ihres Tuns vielmehr als Chance. \u201aWir leben bunt\u2018 ist ein erfrischender Ohrwurm, ein Pop-Schlager mit Kinderchor, tollem Video, Benefiz-Anteil f\u00fcr die Kinderkrebshilfe und \u00fcberhaupt mit allem was dazugeh\u00f6rt, was Text und Musik bildlich unterst\u00fctzt und die bunte Botschaft r\u00fcberbringt.<\/p>\n<p>&nbsp;<\/p>\n<p>&nbsp;<\/p>\n<p>&nbsp;<\/p>\n<p>&nbsp;<\/p>\n<p style=\"text-align: justify;\"><strong>Claus Marcus. Songschreiber, Producer, Arrangeur \u2026<\/strong><\/p>\n<p>&nbsp;<\/p>\n<p style=\"text-align: justify;\">In den Nuller Jahren des jungen Jahrtausends stand er f\u00fcr einige Hits als Regisseur im Hintergrund.<\/p>\n<p>Jetzt ist Claus Marcus zur\u00fcck auf der Musikb\u00fchne.<\/p>\n<p>&nbsp;<\/p>\n<p>&nbsp;<\/p>\n<p>&nbsp;<\/p>\n<p>&nbsp;<\/p>\n<p style=\"text-align: justify;\"><strong>Claus Marcus \u2013 schon mal geh\u00f6rt? Sp\u00e4testens bei \u201aAnton aus Tirol\u2018 klingelt&#8217;s &#8230; \u00a0<\/strong><\/p>\n<p>&nbsp;<\/p>\n<p style=\"text-align: justify;\">Der Steirer war stets der Mann im Hintergrund. Produzierte, arrangierte Songs, schrieb Lieder und feierte Erfolge.<\/p>\n<p>Doch es kam die Zeit, da entschied er sich dem stressigen Leben im Music Business einige Jahre Auszeit entgegen zu setzen.<\/p>\n<p>&nbsp;<\/p>\n<p>&nbsp;<\/p>\n<p>&nbsp;<\/p>\n<p>&nbsp;<\/p>\n<p style=\"text-align: justify;\"><strong>Selbstfindung. Neuorientierung. Ab auf die \u201eInsel\u201c &#8230;\u00a0<\/strong><\/p>\n<p>&nbsp;<\/p>\n<p style=\"text-align: justify;\">Jahre sp\u00e4ter kam Claus zur\u00fcck nach \u00d6sterreich und traf in der alten Heimat auf Wolfgang Grabmair.<\/p>\n<p style=\"text-align: justify;\">Ein Musikerkollege, mit dem er bereits vor langer Zeit, noch als Teenager, gemeinsam in der Band Phoenix spielte, an Songs arbeitete. Die Begegnung hatte Folgen. Im Kopf dr\u00fcckte Claus den Reset-Knopf, entschied sich nicht mehr von Trends beeinflussen lassen zu wollen, sondern wichtig war nur mehr musikalisch das zu tun, was er wirklich tun will. Phoenix lie\u00df gr\u00fc\u00dfen, machte seinem Namen alle Ehre und nahm Claus mit auf einen neuen Flug. Der Spirit, die Unbefangenheit von fr\u00fcher, beides war wieder da. Es war eine Art Befreiungsschlag.<\/p>\n","protected":false},"excerpt":{"rendered":"<p>Claus Marcus \u2013 schon mal geh\u00f6rt? Sp\u00e4testens bei \u201aAnton aus Tirol\u2018 klingelt&#8217;s &#8230;:<\/p>\n","protected":false},"author":2,"featured_media":140928,"comment_status":"open","ping_status":"closed","sticky":false,"template":"","format":"standard","meta":{"_FSMCFIC_featured_image_caption":"","_FSMCFIC_featured_image_nocaption":"","_FSMCFIC_featured_image_hide":""},"categories":[1],"tags":[1342],"acf":[],"_links":{"self":[{"href":"https:\/\/smago.de\/ws2\/wp-json\/wp\/v2\/posts\/140927"}],"collection":[{"href":"https:\/\/smago.de\/ws2\/wp-json\/wp\/v2\/posts"}],"about":[{"href":"https:\/\/smago.de\/ws2\/wp-json\/wp\/v2\/types\/post"}],"author":[{"embeddable":true,"href":"https:\/\/smago.de\/ws2\/wp-json\/wp\/v2\/users\/2"}],"replies":[{"embeddable":true,"href":"https:\/\/smago.de\/ws2\/wp-json\/wp\/v2\/comments?post=140927"}],"version-history":[{"count":3,"href":"https:\/\/smago.de\/ws2\/wp-json\/wp\/v2\/posts\/140927\/revisions"}],"predecessor-version":[{"id":140931,"href":"https:\/\/smago.de\/ws2\/wp-json\/wp\/v2\/posts\/140927\/revisions\/140931"}],"wp:featuredmedia":[{"embeddable":true,"href":"https:\/\/smago.de\/ws2\/wp-json\/wp\/v2\/media\/140928"}],"wp:attachment":[{"href":"https:\/\/smago.de\/ws2\/wp-json\/wp\/v2\/media?parent=140927"}],"wp:term":[{"taxonomy":"category","embeddable":true,"href":"https:\/\/smago.de\/ws2\/wp-json\/wp\/v2\/categories?post=140927"},{"taxonomy":"post_tag","embeddable":true,"href":"https:\/\/smago.de\/ws2\/wp-json\/wp\/v2\/tags?post=140927"}],"curies":[{"name":"wp","href":"https:\/\/api.w.org\/{rel}","templated":true}]}}