{"id":140790,"date":"2020-01-23T00:00:45","date_gmt":"2020-01-22T23:00:45","guid":{"rendered":"https:\/\/online.smago.de\/ws2\/?p=140790"},"modified":"2020-01-22T23:56:14","modified_gmt":"2020-01-22T22:56:14","slug":"nina-lizell","status":"publish","type":"post","link":"https:\/\/smago.de\/ws2\/uncategorized\/nina-lizell\/","title":{"rendered":"NINA LIZELL <br>Eigens aus Stockholm zum smago! Award eingeflogen!"},"content":{"rendered":"<p>Der Titel &#8222;Eins, Zwei, Drei (Eene, Meene, Muh)&#8220; aus dem Jahre 1976 ist bis heute ein fester Bestandteil ihrer Live-Shows!<br \/>\n<!--more--><\/p>\n<p>&nbsp;<\/p>\n<p style=\"text-align: justify;\">SIE hat ihr 50-j\u00e4hriges B\u00fchnenjubil\u00e4um bereits hinter sich gelassen &#8230;<\/p>\n<p>Und am 1. September 2019 wurde sie 75 Jahre jung.<\/p>\n<p>Die Rede ist von NINA LIZELL.<\/p>\n<p>Die schwedische S\u00e4ngerin flog eigens f\u00fcr die Preisverleihung &#8222;<em>smago!<\/em> Award feiert &amp; ehrt &#8217;50 Jahre ZDF-Hitparade'&#8220; aus ihrer Heimatstadt Stockholm ein, um ihren Kult-Hit &#8222;Eins, Zwei, Drei (Eene, Meene, Muh)&#8220; aus dem Jahre 1976 zu pr\u00e4sentieren.<\/p>\n<p>&nbsp;<\/p>\n<p><iframe loading=\"lazy\" src=\"\/\/www.youtube.com\/embed\/GkKBDIeEGck\" width=\"560\" height=\"314\" allowfullscreen=\"allowfullscreen\"><\/iframe><\/p>\n","protected":false},"excerpt":{"rendered":"<p>Der Titel &#8222;Eins, Zwei, Drei (Eene, Meene, Muh)&#8220; aus dem Jahre 1976 ist bis heute ein fester Bestandteil ihrer Live-Shows!<\/p>\n","protected":false},"author":2,"featured_media":140791,"comment_status":"open","ping_status":"closed","sticky":false,"template":"","format":"standard","meta":{"_FSMCFIC_featured_image_caption":"","_FSMCFIC_featured_image_nocaption":"","_FSMCFIC_featured_image_hide":""},"categories":[1],"tags":[1129],"acf":[],"_links":{"self":[{"href":"https:\/\/smago.de\/ws2\/wp-json\/wp\/v2\/posts\/140790"}],"collection":[{"href":"https:\/\/smago.de\/ws2\/wp-json\/wp\/v2\/posts"}],"about":[{"href":"https:\/\/smago.de\/ws2\/wp-json\/wp\/v2\/types\/post"}],"author":[{"embeddable":true,"href":"https:\/\/smago.de\/ws2\/wp-json\/wp\/v2\/users\/2"}],"replies":[{"embeddable":true,"href":"https:\/\/smago.de\/ws2\/wp-json\/wp\/v2\/comments?post=140790"}],"version-history":[{"count":4,"href":"https:\/\/smago.de\/ws2\/wp-json\/wp\/v2\/posts\/140790\/revisions"}],"predecessor-version":[{"id":140885,"href":"https:\/\/smago.de\/ws2\/wp-json\/wp\/v2\/posts\/140790\/revisions\/140885"}],"wp:featuredmedia":[{"embeddable":true,"href":"https:\/\/smago.de\/ws2\/wp-json\/wp\/v2\/media\/140791"}],"wp:attachment":[{"href":"https:\/\/smago.de\/ws2\/wp-json\/wp\/v2\/media?parent=140790"}],"wp:term":[{"taxonomy":"category","embeddable":true,"href":"https:\/\/smago.de\/ws2\/wp-json\/wp\/v2\/categories?post=140790"},{"taxonomy":"post_tag","embeddable":true,"href":"https:\/\/smago.de\/ws2\/wp-json\/wp\/v2\/tags?post=140790"}],"curies":[{"name":"wp","href":"https:\/\/api.w.org\/{rel}","templated":true}]}}