{"id":140758,"date":"2020-01-23T00:00:46","date_gmt":"2020-01-22T23:00:46","guid":{"rendered":"https:\/\/online.smago.de\/ws2\/?p=140758"},"modified":"2020-01-22T14:30:28","modified_gmt":"2020-01-22T13:30:28","slug":"peter-orloff","status":"publish","type":"post","link":"https:\/\/smago.de\/ws2\/schlager\/peter-orloff\/","title":{"rendered":"PETER ORLOFF <br>&#8222;Der Titan&#8220; wurde mit gleich ZWEI smago! Awards ausgezeichnet!"},"content":{"rendered":"<p>Auch er war und ist &#8222;Premieren-Teilnehmer der 1. &#8218;Hitparade&#8216; im ZDF&#8220; &#8230;:<br \/>\n<!--more--><\/p>\n<p>&nbsp;<\/p>\n<p style=\"text-align: justify;\">PETER ORLOFF wurde am 12.01.2020 im Rahmen der Preisverleihung &#8222;<em>smago!<\/em> Award feiert &amp; ehrt &#8217;50 Jahre ZDF-Hitparade'&#8220; gleich zweimal geehrt: Zum einen als &#8222;Der Titan&#8220;, der zudem &#8222;Premieren-Teilnehmer der 1. &#8218;Hitparade&#8216; vom 18.01.2020&#8220; war, zum anderen aber auch als &#8222;Dschungelk\u00f6nig der Herzen&#8220; und &#8222;Mit 75 &#8211; nach 16 amtlichen Single-Hits (1967 &#8211; 1979) &#8211; erstmalig auch in den Offiziellen Deutschen ALBUM Charts vertreten (Doppel-CD &#8218;Teure Heimat&#8220; &#8211; Peter Orloff und der Schwarzmeer Kosaken Chor)&#8220;.<\/p>\n<p>Peter Orloff bedankte sich wie folgt &#8230;:<\/p>\n<p>&nbsp;<\/p>\n<p>&nbsp;<\/p>\n<p style=\"text-align: justify;\"><em>&#8222;Danke Andy,<\/em><\/p>\n<p style=\"text-align: justify;\"><em>das war ein tolles, total gelungenes Fest des Deutschen Schlagers, der Dir durch Dein smago! Projekt inzwischen so viel zu verdanken hat. Ganz herzlichen Dank f\u00fcr alles, was Du f\u00fcr mich schon alles bewegt und erreicht hast. Das wei\u00df ich sehr zu w\u00fcrdigen und sowas vergesse ich nicht. Und auf meine beiden so unterschiedlichen und doch in dieser Unterschiedlichkeit mein ganzes Spectrum umfassenden liebevoll gestalteten smago! Awards bin ich \u201estolz wie &#8211; der sprichw\u00f6rtliche &#8211; Oscar\u201c.<\/em><\/p>\n<p style=\"text-align: justify;\"><em>Der Ehrenname \u201eSchlager-Titan\u201c, den Du schon vor so langer Zeit f\u00fcr mich gepr\u00e4gt hast, auf dem ersten ZDF-Hitparade Award und der mir von BILD verliehene \u201eDschungelk\u00f6nig der Herzen\u201c auf meinem Special Award in Verbindung mit meinem sp\u00e4ten, aber daf\u00fcr umso sch\u00f6neren ersten Eintritt in die Top 100 Album Charts, das alles hat mich total ber\u00fchrt! Das bekommt einen Ehrenplatz neben meinen Goldenen und anderen Auszeichnungen und f\u00fcr immer in meinem Herzen.<\/em><\/p>\n<p style=\"text-align: justify;\"><em>Danke, Du hast Dir soviel Gedanken und M\u00fche gemacht und so eine Super-Veranstaltung auf die Beine gestellt<\/em><\/p>\n<p style=\"text-align: justify;\"><em>Ich freue mich schon jetzt auf unsere n\u00e4chsten Aktivit\u00e4ten und Begegnungen.<\/em><\/p>\n<p style=\"text-align: justify;\"><em>Liebe Gr\u00fc\u00dfe &#8211; Peter.&#8220;<\/em><\/p>\n<p>&nbsp;<\/p>\n<p>&nbsp;<\/p>\n<p style=\"text-align: justify;\"><iframe loading=\"lazy\" src=\"\/\/www.youtube.com\/embed\/q9-HP5UMDro\" width=\"560\" height=\"314\" allowfullscreen=\"allowfullscreen\"><\/iframe><\/p>\n<p>&nbsp;<\/p>\n<p>&nbsp;<\/p>\n<p><iframe loading=\"lazy\" src=\"\/\/www.youtube.com\/embed\/uloSMTD5My4\" width=\"560\" height=\"314\" allowfullscreen=\"allowfullscreen\"><\/iframe><\/p>\n<p>&nbsp;<\/p>\n<p>&nbsp;<\/p>\n<p>&nbsp;<\/p>\n<p style=\"text-align: justify;\"><iframe loading=\"lazy\" src=\"\/\/www.youtube.com\/embed\/NXPtbEc07MY\" width=\"560\" height=\"314\" allowfullscreen=\"allowfullscreen\"><\/iframe><\/p>\n<p style=\"text-align: justify;\"><span lang=\"DE\">Ganz herzlichen Dank an Sabrina Rucks von den <strong><u>Hauptstadtfotografen<\/u><\/strong> und an <strong><u>Klaus Bartel<\/u><\/strong><\/span><span lang=\"DE\">, dass wir deren Videos einbinden durften.<\/span><\/p>\n<p>&nbsp;<\/p>\n<figure id=\"attachment_140760\" aria-describedby=\"caption-attachment-140760\" style=\"width: 533px\" class=\"wp-caption alignnone\"><img decoding=\"async\" loading=\"lazy\" class=\"size-large wp-image-140760\" src=\"https:\/\/online.smago.de\/ws2\/wp-content\/uploads\/2020\/01\/orloff_peter-533x800.jpg\" alt=\"\" width=\"533\" height=\"800\" srcset=\"https:\/\/smago.de\/ws2\/wp-content\/uploads\/2020\/01\/orloff_peter-533x800.jpg 533w, https:\/\/smago.de\/ws2\/wp-content\/uploads\/2020\/01\/orloff_peter-348x522.jpg 348w, https:\/\/smago.de\/ws2\/wp-content\/uploads\/2020\/01\/orloff_peter-100x150.jpg 100w, https:\/\/smago.de\/ws2\/wp-content\/uploads\/2020\/01\/orloff_peter-768x1152.jpg 768w, https:\/\/smago.de\/ws2\/wp-content\/uploads\/2020\/01\/orloff_peter-1024x1536.jpg 1024w, https:\/\/smago.de\/ws2\/wp-content\/uploads\/2020\/01\/orloff_peter-400x600.jpg 400w, https:\/\/smago.de\/ws2\/wp-content\/uploads\/2020\/01\/orloff_peter-87x130.jpg 87w, https:\/\/smago.de\/ws2\/wp-content\/uploads\/2020\/01\/orloff_peter-297x445.jpg 297w, https:\/\/smago.de\/ws2\/wp-content\/uploads\/2020\/01\/orloff_peter-127x190.jpg 127w, https:\/\/smago.de\/ws2\/wp-content\/uploads\/2020\/01\/orloff_peter-193x290.jpg 193w, https:\/\/smago.de\/ws2\/wp-content\/uploads\/2020\/01\/orloff_peter.jpg 1365w\" sizes=\"(max-width: 533px) 100vw, 533px\" \/><figcaption id=\"caption-attachment-140760\" class=\"wp-caption-text\"><em>Foto-Credit: Henning Schulz (http:\/\/www.henning-schulz.de) exklusiv f\u00fcr SMAGO.de \/ TichlerMedia UG<\/em><\/figcaption><\/figure>\n<p>&nbsp;<\/p>\n<p>&nbsp;<\/p>\n<p>&nbsp;<\/p>\n<figure id=\"attachment_140762\" aria-describedby=\"caption-attachment-140762\" style=\"width: 783px\" class=\"wp-caption alignnone\"><img decoding=\"async\" loading=\"lazy\" class=\"size-nerubian-single wp-image-140762\" src=\"https:\/\/online.smago.de\/ws2\/wp-content\/uploads\/2020\/01\/orloff_anders-783x522.jpg\" alt=\"\" width=\"783\" height=\"522\" srcset=\"https:\/\/smago.de\/ws2\/wp-content\/uploads\/2020\/01\/orloff_anders-783x522.jpg 783w, https:\/\/smago.de\/ws2\/wp-content\/uploads\/2020\/01\/orloff_anders-522x348.jpg 522w, https:\/\/smago.de\/ws2\/wp-content\/uploads\/2020\/01\/orloff_anders-800x533.jpg 800w, https:\/\/smago.de\/ws2\/wp-content\/uploads\/2020\/01\/orloff_anders-225x150.jpg 225w, https:\/\/smago.de\/ws2\/wp-content\/uploads\/2020\/01\/orloff_anders-768x512.jpg 768w, https:\/\/smago.de\/ws2\/wp-content\/uploads\/2020\/01\/orloff_anders-1536x1024.jpg 1536w, https:\/\/smago.de\/ws2\/wp-content\/uploads\/2020\/01\/orloff_anders-130x87.jpg 130w, https:\/\/smago.de\/ws2\/wp-content\/uploads\/2020\/01\/orloff_anders-668x445.jpg 668w, https:\/\/smago.de\/ws2\/wp-content\/uploads\/2020\/01\/orloff_anders-285x190.jpg 285w, https:\/\/smago.de\/ws2\/wp-content\/uploads\/2020\/01\/orloff_anders-435x290.jpg 435w, https:\/\/smago.de\/ws2\/wp-content\/uploads\/2020\/01\/orloff_anders-150x100.jpg 150w, https:\/\/smago.de\/ws2\/wp-content\/uploads\/2020\/01\/orloff_anders-370x247.jpg 370w, https:\/\/smago.de\/ws2\/wp-content\/uploads\/2020\/01\/orloff_anders.jpg 2048w\" sizes=\"(max-width: 783px) 100vw, 783px\" \/><figcaption id=\"caption-attachment-140762\" class=\"wp-caption-text\"><em>Foto-Credit: Henning Schulz (http:\/\/www.henning-schulz.de) exklusiv f\u00fcr SMAGO.de \/ TichlerMedia UG<\/em><\/figcaption><\/figure>\n","protected":false},"excerpt":{"rendered":"<p>Auch er war und ist &#8222;Premieren-Teilnehmer der 1. &#8218;Hitparade&#8216; im ZDF&#8220; &#8230;:<\/p>\n","protected":false},"author":2,"featured_media":140759,"comment_status":"open","ping_status":"closed","sticky":false,"template":"","format":"standard","meta":{"_FSMCFIC_featured_image_caption":"","_FSMCFIC_featured_image_nocaption":"","_FSMCFIC_featured_image_hide":""},"categories":[29],"tags":[743],"acf":[],"_links":{"self":[{"href":"https:\/\/smago.de\/ws2\/wp-json\/wp\/v2\/posts\/140758"}],"collection":[{"href":"https:\/\/smago.de\/ws2\/wp-json\/wp\/v2\/posts"}],"about":[{"href":"https:\/\/smago.de\/ws2\/wp-json\/wp\/v2\/types\/post"}],"author":[{"embeddable":true,"href":"https:\/\/smago.de\/ws2\/wp-json\/wp\/v2\/users\/2"}],"replies":[{"embeddable":true,"href":"https:\/\/smago.de\/ws2\/wp-json\/wp\/v2\/comments?post=140758"}],"version-history":[{"count":6,"href":"https:\/\/smago.de\/ws2\/wp-json\/wp\/v2\/posts\/140758\/revisions"}],"predecessor-version":[{"id":140822,"href":"https:\/\/smago.de\/ws2\/wp-json\/wp\/v2\/posts\/140758\/revisions\/140822"}],"wp:featuredmedia":[{"embeddable":true,"href":"https:\/\/smago.de\/ws2\/wp-json\/wp\/v2\/media\/140759"}],"wp:attachment":[{"href":"https:\/\/smago.de\/ws2\/wp-json\/wp\/v2\/media?parent=140758"}],"wp:term":[{"taxonomy":"category","embeddable":true,"href":"https:\/\/smago.de\/ws2\/wp-json\/wp\/v2\/categories?post=140758"},{"taxonomy":"post_tag","embeddable":true,"href":"https:\/\/smago.de\/ws2\/wp-json\/wp\/v2\/tags?post=140758"}],"curies":[{"name":"wp","href":"https:\/\/api.w.org\/{rel}","templated":true}]}}