{"id":140506,"date":"2020-01-17T09:47:29","date_gmt":"2020-01-17T08:47:29","guid":{"rendered":"https:\/\/online.smago.de\/ws2\/?p=140506"},"modified":"2020-01-17T09:47:41","modified_gmt":"2020-01-17T08:47:41","slug":"dorthe-kollo-entertainerin-dorthe-kollo-startet-ihr-jubilaeumsjahr","status":"publish","type":"post","link":"https:\/\/smago.de\/ws2\/oldies\/dorthe-kollo-entertainerin-dorthe-kollo-startet-ihr-jubilaeumsjahr\/","title":{"rendered":"DORTHE KOLLO <br>Entertainerin Dorthe Kollo startet ihr Jubil\u00e4umsjahr!"},"content":{"rendered":"<p>Es ist nun wahrlich nicht zu glauben, ABER: Sie feiert ihr 65-j\u00e4hriges B\u00fchnenjubil\u00e4um!<br \/>\n<!--more--><\/p>\n<p>&nbsp;<\/p>\n<p>&nbsp;<\/p>\n<div class=\"\" style=\"text-align: justify;\">\n<p><span class=\"\">Die d\u00e4nische Entertainerin DORTHE KOLLO startete\u00a0<\/span><span class=\"\">gestern Abend\u00a0in N\u00e6stved (Kopenhagen) ihr ganz pers\u00f6nliches Jubil\u00e4umsjahr.<\/span><\/p>\n<p>&nbsp;<\/p>\n<\/div>\n<div class=\"\" style=\"text-align: justify;\"><span class=\"\">Als Headlinerin der\u00a0\u201eDansk Slager Parade 2020\u201c Tournee konnte sie das <\/span><span class=\"\">Publikum restlos begeistern und\u00a0l\u00e4utete damit ihr bereits 65-j\u00e4hriges \u00a0<\/span><span class=\"\">B\u00fchnenjubil\u00e4um ein.<\/span><\/div>\n<div class=\"\" style=\"text-align: justify;\"><span class=\"\">\u00a0<\/span><\/div>\n<div class=\"\" style=\"text-align: justify;\"><span class=\"\"><b class=\"\">Dorthe Kollo<\/b>\u00a0landet im Jahre\u00a01955 im zarten Alter von acht Jahren den ersten Hit ihrer\u00a0<\/span><span class=\"\">Karriere in\u00a0D\u00e4nemark und feiert demnach in diesem Jahr ihr 65. Jahr im\u00a0Showbusiness. <\/span><span class=\"\">Und das schaffen nur wirklich sehr wenige K\u00fcnstler. Grund genug, im\u00a0Jubil\u00e4umsjahr so\u00a0<\/span><span class=\"\">richtig durchzustarten und auf Tournee zu gehen.<\/span><\/div>\n<div class=\"\" style=\"text-align: justify;\"><span class=\"\">\u00a0<\/span><\/div>\n<div class=\"\" style=\"text-align: justify;\"><span class=\"\">Neben Dario Campeotto (&#8222;der d\u00e4nische Frank Sinatra&#8220;) und anderen\u00a0Interpreten zieht\u00a0<\/span><span class=\"\"><i class=\"\">Dorthes \u201eDansk Slager Parade 2020\u201c<\/i>\u00a0bis M\u00e4rz 2020 durch d\u00e4nische Lande.\u00a0<\/span><span class=\"\">Sie pr\u00e4sentiert nicht nur ihre gro\u00dfen Hits wie u.a. <\/span><span class=\"\"><i class=\"\">\u201eW\u00e4rst du doch in D\u00fcsseldorf \u00a0<\/i><\/span><span class=\"\"><i class=\"\">geblieben\u201c oder\u00a0<\/i><i class=\"\">\u201eSind sie der Graf von Luxemburg\u201c<\/i>, sondern auch Duette und den <\/span><span class=\"\">brandneuen Titel\u00a0<i class=\"\">\u201eDu er\u00a0<\/i><i class=\"\">stadiv\u00e6k kaptajnen\u201c \/ \u201eDu bist immer noch mein Captain\u201c<\/i>.<\/span><\/div>\n<div class=\"\" style=\"text-align: justify;\"><span class=\"\">\u00a0<\/span><\/div>\n<div class=\"\" style=\"text-align: justify;\"><span class=\"\">Ihr neuer Song konnte bereits Platz 1 der d\u00e4nischen Schlager-Hitparade\u00a0\u201eDansktoppen\u201c\u00a0\u00a0<\/span><span class=\"\">einnehmen. <\/span><\/div>\n<div class=\"\" style=\"text-align: justify;\"><span class=\"\">\u00a0<\/span><\/div>\n<div class=\"\" style=\"text-align: justify;\"><span class=\"\">\u00a0<\/span><\/div>\n<div class=\"\" style=\"text-align: justify;\"><span class=\"\">\u00a0<\/span><\/div>\n<div style=\"text-align: justify;\"><\/div>\n<div><\/div>\n<div class=\"\"><span class=\"\"><b class=\"\">Links und weitere Informationen:<\/b><\/span><\/div>\n<div><\/div>\n<div><\/div>\n<div class=\"\"><span class=\"\"><b class=\"\">\u00a0<\/b><\/span><\/div>\n<div class=\"\"><span class=\"\"><b class=\"\">Tournee\/Termine:<\/b>\u00a0<a class=\"\" href=\"https:\/\/danskslagerparade.dk\/billetter.html\">https:\/\/danskslagerparade.dk\/billetter.html<\/a><\/span><\/div>\n<div class=\"\"><span class=\"\"><b class=\"\">Website:<\/b>\u00a0<a class=\"\" href=\"https:\/\/dorthekollo.dk\/\">https:\/\/dorthekollo.dk\/<\/a><\/span><\/div>\n<div class=\"\"><span class=\"\"><b class=\"\">Song deutsch<\/b> (Spotify, Youtube etc.):\u00a0<a class=\"\" href=\"https:\/\/dorthekollo.lnk.to\/Captain\">https:\/\/DortheKollo.lnk.to\/Captain<\/a>\u00a0<\/span><\/div>\n<div class=\"\"><span class=\"\"><b class=\"\">Song d\u00e4nisch<\/b> (Spotify, Youtube etc):\u00a0<a class=\"\" href=\"https:\/\/dorthekollo.lnk.to\/kaptajnen\">https:\/\/DortheKollo.lnk.to\/kaptajnen<\/a>\u00a0<\/span><\/div>\n","protected":false},"excerpt":{"rendered":"<p>Es ist nun wahrlich nicht zu glauben, ABER: Sie feiert ihr 65-j\u00e4hriges B\u00fchnenjubil\u00e4um!<\/p>\n","protected":false},"author":2,"featured_media":140507,"comment_status":"open","ping_status":"closed","sticky":false,"template":"","format":"standard","meta":{"_FSMCFIC_featured_image_caption":"","_FSMCFIC_featured_image_nocaption":"","_FSMCFIC_featured_image_hide":""},"categories":[24,39],"tags":[1332],"acf":[],"_links":{"self":[{"href":"https:\/\/smago.de\/ws2\/wp-json\/wp\/v2\/posts\/140506"}],"collection":[{"href":"https:\/\/smago.de\/ws2\/wp-json\/wp\/v2\/posts"}],"about":[{"href":"https:\/\/smago.de\/ws2\/wp-json\/wp\/v2\/types\/post"}],"author":[{"embeddable":true,"href":"https:\/\/smago.de\/ws2\/wp-json\/wp\/v2\/users\/2"}],"replies":[{"embeddable":true,"href":"https:\/\/smago.de\/ws2\/wp-json\/wp\/v2\/comments?post=140506"}],"version-history":[{"count":2,"href":"https:\/\/smago.de\/ws2\/wp-json\/wp\/v2\/posts\/140506\/revisions"}],"predecessor-version":[{"id":140510,"href":"https:\/\/smago.de\/ws2\/wp-json\/wp\/v2\/posts\/140506\/revisions\/140510"}],"wp:featuredmedia":[{"embeddable":true,"href":"https:\/\/smago.de\/ws2\/wp-json\/wp\/v2\/media\/140507"}],"wp:attachment":[{"href":"https:\/\/smago.de\/ws2\/wp-json\/wp\/v2\/media?parent=140506"}],"wp:term":[{"taxonomy":"category","embeddable":true,"href":"https:\/\/smago.de\/ws2\/wp-json\/wp\/v2\/categories?post=140506"},{"taxonomy":"post_tag","embeddable":true,"href":"https:\/\/smago.de\/ws2\/wp-json\/wp\/v2\/tags?post=140506"}],"curies":[{"name":"wp","href":"https:\/\/api.w.org\/{rel}","templated":true}]}}