{"id":140462,"date":"2020-01-16T09:43:58","date_gmt":"2020-01-16T08:43:58","guid":{"rendered":"https:\/\/online.smago.de\/ws2\/?p=140462"},"modified":"2020-01-16T14:22:22","modified_gmt":"2020-01-16T13:22:22","slug":"smago-informiert-ndr-903-bahnkunden-zahlen-zu-viel-mehrwertsteuer","status":"publish","type":"post","link":"https:\/\/smago.de\/ws2\/smago-informiert\/smago-informiert-ndr-903-bahnkunden-zahlen-zu-viel-mehrwertsteuer\/","title":{"rendered":"smago! INFORMIERT <br>NDR 90,3: Bahnkunden zahlen zu viel Mehrwertsteuer!"},"content":{"rendered":"<p>Steuersenkung wird vorerst nicht weitergegeben!<br \/>\n<!--more--><\/p>\n<p>&nbsp;<\/p>\n<p>&nbsp;<\/p>\n<p style=\"text-align: justify;\">Pendlerinnen und Pendler aus dem Hamburger Umland zahlen unter Umst\u00e4nden auch weiterhin 19 Prozent Mehrwertsteuer auf Bahntickets. Zwar hat die Bundesregierung mit dem Klimapaket Ende vorigen Jahres die Mehrwertsteuer auf Bahnfahrkarten unabh\u00e4ngig von der Distanz auf einheitlich 7 Prozent gesenkt. Doch die Verkehrsverb\u00fcnde brauchen nach Informationen von NDR 90,3 f\u00fcr die Umsetzung noch Zeit.<\/p>\n<p>&nbsp;<\/p>\n<p>&nbsp;<\/p>\n<p>&nbsp;<\/p>\n<h2 style=\"text-align: justify;\">Umsetzung ist komplex<\/h2>\n<p>&nbsp;<\/p>\n<p style=\"text-align: justify;\">Das hat sich der Fahrgastverband Pro Bahn anders vorgestellt: Sprecher Karl-Peter Naumann sagte NDR 90,3, solche Regelungen seien zwar begr\u00fc\u00dfenswert. Doch habe die Politik offenbar untersch\u00e4tzt, wie komplex die Umsetzung sei. Pro Bahn erwarte, dass die Verkehrsunternehmen die Preissenkung so schnell wie m\u00f6glich an die Kundinnen und Kunden weitergeben.<\/p>\n<p>&nbsp;<\/p>\n<p>&nbsp;<\/p>\n<h2 style=\"text-align: justify;\">Steuersenkung wird vorerst nicht weitergegeben<\/h2>\n<p>&nbsp;<\/p>\n<p style=\"text-align: justify;\">Sprecher der Verkehrsverb\u00fcnde Niedersachsen-Tarif in Hannover und Nah-SH in Kiel sagten dies auf Nachfrage auch zu. Thilo Knoblich von Niedersachsen-Tarif schr\u00e4nkt aber ein: &#8222;Es gibt ein ganz klares Votum aller Gesellschafter, dass diese Steuersenkung auch an die Kunden weitergegeben werden soll. Dies wird voraussichtlich erst etwa sechs Monate nach der Steuersenkung auch tats\u00e4chlich umgesetzt werden.&#8220;<\/p>\n<p>&nbsp;<\/p>\n<p>&nbsp;<\/p>\n<h2><\/h2>\n<h2 style=\"text-align: justify;\">Kein Erstattungsanspruch<\/h2>\n<p>&nbsp;<\/p>\n<p style=\"text-align: justify;\">Ein Sprecher von Nah-SH best\u00e4tigt das f\u00fcr seinen Bereich. Einen Erstattungsanspruch h\u00e4tten die Kundinnen und Kunden nicht, da sie einen Fahrschein zum Endpreis erwerben. Die zu viel erhobene Steuer w\u00fcrde allerdings nicht in den Firmen verbleiben, sondern an den Staat abgef\u00fchrt.<\/p>\n","protected":false},"excerpt":{"rendered":"<p>Steuersenkung wird vorerst nicht weitergegeben!<\/p>\n","protected":false},"author":2,"featured_media":51685,"comment_status":"open","ping_status":"closed","sticky":false,"template":"","format":"standard","meta":{"_FSMCFIC_featured_image_caption":"","_FSMCFIC_featured_image_nocaption":"","_FSMCFIC_featured_image_hide":""},"categories":[33],"tags":[60],"acf":[],"_links":{"self":[{"href":"https:\/\/smago.de\/ws2\/wp-json\/wp\/v2\/posts\/140462"}],"collection":[{"href":"https:\/\/smago.de\/ws2\/wp-json\/wp\/v2\/posts"}],"about":[{"href":"https:\/\/smago.de\/ws2\/wp-json\/wp\/v2\/types\/post"}],"author":[{"embeddable":true,"href":"https:\/\/smago.de\/ws2\/wp-json\/wp\/v2\/users\/2"}],"replies":[{"embeddable":true,"href":"https:\/\/smago.de\/ws2\/wp-json\/wp\/v2\/comments?post=140462"}],"version-history":[{"count":3,"href":"https:\/\/smago.de\/ws2\/wp-json\/wp\/v2\/posts\/140462\/revisions"}],"predecessor-version":[{"id":140465,"href":"https:\/\/smago.de\/ws2\/wp-json\/wp\/v2\/posts\/140462\/revisions\/140465"}],"wp:featuredmedia":[{"embeddable":true,"href":"https:\/\/smago.de\/ws2\/wp-json\/wp\/v2\/media\/51685"}],"wp:attachment":[{"href":"https:\/\/smago.de\/ws2\/wp-json\/wp\/v2\/media?parent=140462"}],"wp:term":[{"taxonomy":"category","embeddable":true,"href":"https:\/\/smago.de\/ws2\/wp-json\/wp\/v2\/categories?post=140462"},{"taxonomy":"post_tag","embeddable":true,"href":"https:\/\/smago.de\/ws2\/wp-json\/wp\/v2\/tags?post=140462"}],"curies":[{"name":"wp","href":"https:\/\/api.w.org\/{rel}","templated":true}]}}