{"id":140460,"date":"2020-01-24T00:00:45","date_gmt":"2020-01-23T23:00:45","guid":{"rendered":"https:\/\/online.smago.de\/ws2\/?p=140460"},"modified":"2020-01-24T00:03:09","modified_gmt":"2020-01-23T23:03:09","slug":"robert-kreis-u-a-heute-17-01-2020-in-der-ndr-talk-show-zu-gast","status":"publish","type":"post","link":"https:\/\/smago.de\/ws2\/schlager\/robert-kreis-u-a-heute-17-01-2020-in-der-ndr-talk-show-zu-gast\/","title":{"rendered":"ROBERT KREIS, ANNA LOOS u.a. <br>Heute (24.01.2020) in der &#8222;NDR Talk Show&#8220; zu Gast!"},"content":{"rendered":"<p style=\"text-align: justify;\">NDR fernsehen + hr fernsehen, 22:00 Uhr &#8211; 00:15 Uhr! Barbara Sch\u00f6neberger und Hubertus Meyer-Burckhardt begr\u00fc\u00dfen in der &#8222;NDR Talk Show aus Hamburg&#8220; &#8230;:<br \/>\n<!--more--><\/p>\n<p>&nbsp;<\/p>\n<p>&nbsp;<\/p>\n<h3 style=\"text-align: justify;\">Anna Loos, Schauspielerin und S\u00e4ngerin<\/h3>\n<div class=\"contentimage w50\" style=\"text-align: justify;\"><\/div>\n<p style=\"text-align: justify;\">Sie ist unpr\u00e4tenti\u00f6s, skandalfrei, sympathisch: \u00a0Schauspielerin und S\u00e4ngerin Anna Loos. Seit vielen Jahren geh\u00f6rt die 49-j\u00e4hrige Brandenburgerin, die ein Jahr vor dem Mauerfall in den Westen floh und sich in Hamburg niederlie\u00df, zu den beliebtesten deutschen Schauspielerinnen. Seit sechs Jahren spielt sie als Helen Dorn in der gleichnamigen ZDF-Krimireihe eine LKA-Ermittlerin. In ihrem neuen Fall &#8222;Helen Dorn &#8211; Atemlos&#8220; wird sie selbst zum Fall f\u00fcr die Polizei &#8211; denn sie wird beschuldigt, ihren Chef ermordet zu haben. Als Helen Dorn ist sie ein einsamer Wolf &#8211; privat dagegen ist Anna Loos ein romantischer Familienmensch. \u00a0Seit 2004 ist sie mit Jan Josef Liefers verheiratet und hat mit ihm zwei T\u00f6chter.<\/p>\n<h3 style=\"text-align: justify;\">Ulrich Wickert, Journalist und Autor<\/h3>\n<div class=\"contentimage w50\" style=\"text-align: justify;\">\n<div class=\"image-container landscape\"><\/div>\n<\/div>\n<p style=\"text-align: justify;\">F\u00fcnfzehn Jahre lang hat er Millionen Menschen &#8222;einen angenehmen Abend und eine geruhsame Nacht&#8220; gew\u00fcnscht &#8211; bis er 2006 als &#8222;Erster Moderator&#8220; der ARD-Nachrichtensendung\u00a0&#8222;Tagesthemen&#8220; aufh\u00f6rte. Nach wie vor ist der Journalist Ulrich Wickert, der 2016 mit dem Bundesverdienstkreuz ausgezeichnet wurde, eine moralische Instanz. Heute pendelt der mehrfache Familienvater zwischen Hamburg und S\u00fcdfrankreich, wo er regelm\u00e4\u00dfig B\u00fccher schreibt. Gerade erkl\u00e4rt er in seinem Bestseller &#8222;Identifiziert euch!&#8220;, wieso wir ein neues Heimatgef\u00fchl brauchen, und hat sein allererstes Kinderbuch ver\u00f6ffentlicht: &#8222;Ritter Otto, eine Prinzessin, eine Hexe, ein Drache und ganz viel mehr &#8230;&#8220; Warum Kinder unbedingt Gedankenfreiheit brauchen, das erz\u00e4hlt der 77-J\u00e4hrige in der NDR Talk Show.<\/p>\n<h3 style=\"text-align: justify;\">Vanessa Mai, S\u00e4ngerin<\/h3>\n<div class=\"contentimage w50\" style=\"text-align: justify;\">\n<div class=\"image-container landscape\"><\/div>\n<\/div>\n<p style=\"text-align: justify;\">Sie ist eine der erfolgreichsten Solok\u00fcnstlerinnen Deutschlands und gibt jetzt ihr Filmdeb\u00fct: Vanessa Mai. Die Schlagers\u00e4ngerin spielt an der Seite von &#8222;Tatort&#8220;-Kommissar Axel Prahl in dem Fernsehdrama &#8222;Nur mit Dir zusammen&#8220; eine Tochter, deren Vater eine alternde Rocklegende ist. Doch Vanessa Mai schauspielert nicht nur, sondern ver\u00f6ffentlicht am 24. Januar auch ihr neues Album. All das nach einer Auszeit, die sie sich geg\u00f6nnt hat. Ihre f\u00fcr Herbst 2019 geplante Hallentour hatte sie verschoben, nachdem sie sich ausgebrannt gef\u00fchlt und der Erfolgsdruck sie fast kaputt gemacht hat. Nun meldet sie sich mit gewohnter Power zur\u00fcck, unter anderem in der NDR Talk Show.<\/p>\n<h3 style=\"text-align: justify;\">Hinnerk Sch\u00f6nemann und Henny Reents, Schauspieler\/in<\/h3>\n<div class=\"contentimage w50\" style=\"text-align: justify;\"><\/div>\n<p style=\"text-align: justify;\">&#8222;Nord bei Nordwest&#8220; geh\u00f6rt zu den beliebtesten und erfolgreichsten ARD-Krimireihen, sicherlich auch dank des norddeutschen Charmes und der wunderbare Chemie zwischen den Schauspielern: Henny Reents und Hinnerk Sch\u00f6nemann verstehen sich auch hinter den Kulissen blendend. Seit 20 Jahren sind die Beiden befreundet. Trotzdem sind die drei Folgen, die jetzt gezeigt werden, die letzten Eins\u00e4tze f\u00fcr Kommissarin Lona Vogt alias Henny Reents. Sie verl\u00e4sst die Reihe nach f\u00fcnf Jahren auf eigenen Wunsch, um sich neuen Aufgaben zu widmen. Hinnerk Sch\u00f6nemann bleibt &#8222;Nord bei Nordwest&#8220; aber weiter erhalten als verschwiegener Ex-Ermittler Hauke Jacobs, der zur\u00fcckgezogen im Zeugenschutzprogramm jetzt als Tierarzt in einem Dorf an der Ostsee praktiziert.<\/p>\n<h3 style=\"text-align: justify;\">Ruby O. Fee, Schauspielerin<\/h3>\n<div class=\"contentimage w50\" style=\"text-align: justify;\">\n<div class=\"image-container landscape\"><\/div>\n<\/div>\n<p style=\"text-align: justify;\">Fast unglaublich, dass Ruby Moonstone Camilla Willow Fee, besser bekannt als Ruby O. Fee, erst seit etwas \u00fcber zehn Jahren in Deutschland lebt. Die Schauspielerin hat schon in vielen TV- und Kinofilmen gegl\u00e4nzt und daf\u00fcr namhafte Auszeichnungen eingeheimst. Ruby O. Fee lebte als Kind mit ihrer deutschen Mutter und ihrem franz\u00f6sischen Stiefvater in Brasilien. Zur Welt kam die Schauspielerin 1996 als Hausgeburt in einer Holzh\u00fctte im Dschungel Costa Ricas. Bis die Schule anfing, reiste sie an der Seite ihrer Mutter durch die Welt: Indien, Afrika, Mexiko, Thailand. Die Grundschule besuchte Ruby in Bahia, Brasilien. Heute hat sie den Regenwald Brasiliens gegen den Gro\u00dfstadtdschungel getauscht und machte bereits an der Seite von Mads Mikkelsen und Moritz Bleibtreu vor der Kamera eine gute Figur. Privat ist sie gl\u00fccklich mit dem Schauspieler Matthias Schweigh\u00f6fer liiert. Im Januar 2020 wird Ruby O. Fee im Udo Lindenberg-Biopic &#8222;Mach Dein Ding!&#8220; abermals ihr Talent unter Beweis stellen. Es ist der erste Besuch von der bemerkenswerten Ruby O. Fee in der NDR Talk Show.<\/p>\n<h3 style=\"text-align: justify;\">Robert Kreis, Entertainer<\/h3>\n<div class=\"contentimage w50\" style=\"text-align: justify;\">\n<div class=\"image-container landscape\"><\/div>\n<\/div>\n<p style=\"text-align: justify;\">Robert Kreis war einer der ersten K\u00fcnstler, der Musik und Kultur der 1920er- und 1930er-Jahre Jahrzehnte sp\u00e4ter wieder auf die B\u00fchne brachte. Mit Menjoub\u00e4rtchen, Pomade im Haar und stilechtem Frack tritt er auf. Auch privat liebt er das Lebensgef\u00fchl und den Humor der damaligen Zeit. Robert Kreis ist ein Meister der Unterhaltung, aber er hat auch eine Mission: Er will das j\u00fcdische Kulturgut der Weimarer Zeit bewahren. Seit 2008 lebt der niederl\u00e4ndische Entertainer in Berlin und ist unerm\u00fcdlich mit diversen Programmen auf deutschen B\u00fchnen unterwegs.<\/p>\n<h3 style=\"text-align: justify;\">Boris Brejcha, Elektro-DJ und Musiker<\/h3>\n<p style=\"text-align: justify;\">1988 wurde Boris Brejcha als sechsj\u00e4hriger Junge Flammenopfer des Flugzeugungl\u00fccks in Rammstein und verbrachte viele Monate im Krankenhaus. In der Schule wurde er aufgrund seiner Verbrennungsnarben geh\u00e4nselt und hatte wenig Freunde. Trost fand er in der Musik. Als Teenager begann er, auf der Playstation selbst Musik zu produzieren. Heute geh\u00f6rt er zu den weltweit erfolgreichsten Elektro-DJs. Seine World-Tour in diesem Jahr ist unfassbar erfolgreich. Seine f\u00fcnf Konzerte in den USA waren zum Beispiel innerhalb von drei Minuten ausverkauft. Die Konzerte von und mit Boris sind nicht nur wegen der mitrei\u00dfenden Musik, sondern auch wegen der teilweise spektakul\u00e4ren Locations ein Erlebnis der besonderen Art. Sein Konzert im Ch\u00e1teau de Fontainebleau in Paris hat 25,5 Millionen Aufrufe bei YouTube. Boris sagt von sich selbst, dass er ohne das Ungl\u00fcck von Rammstein nie so erfolgreich geworden w\u00e4re und w\u00fcnscht sich, anderen Menschen mit einem \u00e4hnlichen Schicksal Mut machen zu k\u00f6nnen. Die Moderatoren freuen sich auf seinen Besuch in der NDR Talk Show.<\/p>\n<h3 style=\"text-align: justify;\">Margot Fl\u00fcgel-Anhalt, Rentnerin<\/h3>\n<div class=\"contentimage w50\" style=\"text-align: justify;\"><\/div>\n<p style=\"text-align: justify;\">Mit 64 Jahren setzte sich die Rentnerin Margot Fl\u00fcgel-Anhalt zum ersten Mal in ihrem Leben auf ein Motorrad und fuhr 117 Tage lang 18.046 Kilometer durch Osteuropa und Zentralasien. Eine Reise, die sie so gepackt hat, dass sie nach wenigen Wochen in Deutschland wieder aufgebrochen ist. Dieses Mal ging es mit ihrem alten Mercedes Benz auf Tour quer durch Asien. Wieder ist sie losgefahren, um zu erfahren, &#8222;warum die Lebensbedingungen auf unserer gemeinsamen Welt so verschieden sind&#8220;. Was sie dabei alles erlebt hat, das erz\u00e4hlt Margot Fl\u00fcgel-Anhalt exklusiv bei ihrem Besuch in der NDR Talk Show.<\/p>\n","protected":false},"excerpt":{"rendered":"<p>NDR fernsehen + hr fernsehen, 22:00 Uhr &#8211; 00:15 Uhr! Barbara Sch\u00f6neberger und Hubertus Meyer-Burckhardt begr\u00fc\u00dfen in der &#8222;NDR Talk<\/p>\n","protected":false},"author":2,"featured_media":121799,"comment_status":"open","ping_status":"closed","sticky":false,"template":"","format":"standard","meta":{"_FSMCFIC_featured_image_caption":"","_FSMCFIC_featured_image_nocaption":"","_FSMCFIC_featured_image_hide":""},"categories":[29,128],"tags":[254],"acf":[],"_links":{"self":[{"href":"https:\/\/smago.de\/ws2\/wp-json\/wp\/v2\/posts\/140460"}],"collection":[{"href":"https:\/\/smago.de\/ws2\/wp-json\/wp\/v2\/posts"}],"about":[{"href":"https:\/\/smago.de\/ws2\/wp-json\/wp\/v2\/types\/post"}],"author":[{"embeddable":true,"href":"https:\/\/smago.de\/ws2\/wp-json\/wp\/v2\/users\/2"}],"replies":[{"embeddable":true,"href":"https:\/\/smago.de\/ws2\/wp-json\/wp\/v2\/comments?post=140460"}],"version-history":[{"count":5,"href":"https:\/\/smago.de\/ws2\/wp-json\/wp\/v2\/posts\/140460\/revisions"}],"predecessor-version":[{"id":140957,"href":"https:\/\/smago.de\/ws2\/wp-json\/wp\/v2\/posts\/140460\/revisions\/140957"}],"wp:featuredmedia":[{"embeddable":true,"href":"https:\/\/smago.de\/ws2\/wp-json\/wp\/v2\/media\/121799"}],"wp:attachment":[{"href":"https:\/\/smago.de\/ws2\/wp-json\/wp\/v2\/media?parent=140460"}],"wp:term":[{"taxonomy":"category","embeddable":true,"href":"https:\/\/smago.de\/ws2\/wp-json\/wp\/v2\/categories?post=140460"},{"taxonomy":"post_tag","embeddable":true,"href":"https:\/\/smago.de\/ws2\/wp-json\/wp\/v2\/tags?post=140460"}],"curies":[{"name":"wp","href":"https:\/\/api.w.org\/{rel}","templated":true}]}}