{"id":140424,"date":"2020-01-15T21:50:44","date_gmt":"2020-01-15T20:50:44","guid":{"rendered":"https:\/\/online.smago.de\/ws2\/?p=140424"},"modified":"2020-01-15T21:51:55","modified_gmt":"2020-01-15T20:51:55","slug":"lets-dance-weitere-lets-dance-kandidaten-stehen-fest","status":"publish","type":"post","link":"https:\/\/smago.de\/ws2\/smago-informiert\/lets-dance-weitere-lets-dance-kandidaten-stehen-fest\/","title":{"rendered":"&#8222;LET&#8217;S DANCE&#8220; <br>Weitere &#8222;Let&#8217;s Dance&#8220; Kandidaten stehen fest!"},"content":{"rendered":"<p>Das Parkett ruft, sie kommen: Auch diese Stars tanzen zur neuen &#8222;Let&#8217;s Dance&#8220; Staffel!<br \/>\n<!--more--><\/p>\n<p>&nbsp;<\/p>\n<div class=\"text\" style=\"text-align: justify;\">\n<p>Hartes Training, strenge Tanzlehrer und Muskelkater ohne Ende \u2013 All das m\u00fcssen die Promis in Kauf nehmen, die zum \u201cDancing Star 2020\u201c gek\u00fcrt werden wollen. Neben S\u00e4nger Luca H\u00e4nni, Komikerin Ilka Bessin, Fu\u00dfballspielerin Steffi Jones und Schauspieler Tijan Njie nehmen auch diese f\u00fcnf Stars die Herausforderung an und k\u00f6nnen es kaum abwarten, in die Tanzschuhe zu schl\u00fcpfen:<\/p>\n<\/div>\n<p>&nbsp;<\/p>\n<p>&nbsp;<\/p>\n<p>&nbsp;<\/p>\n<div class=\"text\" style=\"text-align: justify;\">\n<p>TV-Pers\u00f6nlichkeit &amp; Model <strong>Laura M\u00fcller<\/strong> (19):<\/p>\n<p>\u201cF\u00fcr mich ist \u201cLet\u2019s Dance\u201c der Ritterschlag aller Fernsehformate. Dass ich dabei sein darf, ist f\u00fcr mich eine gro\u00dfe Ehre. Ich freue mich darauf, meine High Heels gegen Tanzschuhe einzutauschen.\u201c<\/p>\n<\/div>\n<p>&nbsp;<\/p>\n<p>&nbsp;<\/p>\n<p>&nbsp;<\/p>\n<div class=\"text\" style=\"text-align: justify;\">\n<p>Moderatorin <strong>Ulrike von der Groeben<\/strong> (62):<\/p>\n<p>\u201cNormalerweise rede ich als Sportmoderatorin ja nur \u00fcber den Sport. Jetzt ist es an der Zeit, dass ich mich einer echten sportlichen Herausforderung stelle. Das wird sicherlich sportlich und mental eine sehr intensive Zeit.\u201c<\/p>\n<\/div>\n<p>&nbsp;<\/p>\n<p>&nbsp;<\/p>\n<p>&nbsp;<\/p>\n<div class=\"text\" style=\"text-align: justify;\">\n<p>Artistin <strong>Lili Paul-Roncalli<\/strong> (21):<\/p>\n<p>\u201cNormalerweise stehe ich in der Manege. Jetzt geht\u2019s f\u00fcr mich zum ersten Mal aufs Tanzparkett. F\u00fcr mich ist es eine gro\u00dfe Herausforderung, die ich gerne annehme. Ich kann keine Standardt\u00e4nze, obwohl wir Artisten bei Roncalli im Finale mit dem Publikum Walzer tanzen. Da habe ich dann immer mit kleinen Kindern getanzt, damit es nicht auff\u00e4llt, dass ich die Tanzschritte gar nicht kenne.\u201c<\/p>\n<p>&nbsp;<\/p>\n<p>&nbsp;<\/p>\n<p>&nbsp;<\/p>\n<p>Sportler <strong>Moritz Hans<\/strong> (23):<\/p>\n<p>\u201cDie meiste Zeit h\u00e4nge ich an irgendwelchen W\u00e4nden ab, jetzt wage ich mich aufs Parkett, um das Tanzbein zu schwingen.\u201c<\/p>\n<\/div>\n<p>&nbsp;<\/p>\n<p>&nbsp;<\/p>\n<p>&nbsp;<\/p>\n<div class=\"text\" style=\"text-align: justify;\">\n<p>Schauspieler <strong>Martin Klempnow<\/strong> (46):<\/p>\n<p>\u201cMeine Chancen? Ich bin tollpatschig, habe \u00dcbergewicht, bin nicht sexy, habe keine Instagram Follower, kein interessantes Privatleben und kann nicht tanzen \u2013 mit anderen Worten: Es l\u00e4uft!\u201c<\/p>\n<\/div>\n<p>&nbsp;<\/p>\n<p>&nbsp;<\/p>\n<div class=\"text\" style=\"text-align: justify;\">\n<p><strong>Model Loiza Lamers <\/strong>(25):<\/p>\n<p>&#8222;Ich bin unglaublich stolz und gl\u00fccklich, dass ich Teil der diesj\u00e4hrigen Staffel von &#8222;Let\u2019s Dance&#8220; sein darf. Die Teilnahme an einer Tanzshow dieses Kalibers war einer meiner gr\u00f6\u00dften W\u00fcnsche in den vergangenen drei Jahren und steht schon lange auf meiner Bucket List. Ich f\u00fchle mich geehrt und bin voller Vorfreude auf das, was mich erwartet.&#8220;<\/p>\n<\/div>\n<p>&nbsp;<\/p>\n<p>&nbsp;<\/p>\n<div class=\"text\" style=\"text-align: justify;\">\n<p><strong>Rapperin Sabrina Setlur <\/strong>(46):<\/p>\n<p>&#8222;Ich liebe und lebe Musik schon seit Jahren, das ist ja kein Geheimnis. Das gro\u00dfe Geheimnis ist aber f\u00fcr mich seit Jahren Standard- und Lateintanz. Deshalb freue ich mich umso mehr, dieses Jahr bei &#8222;Lets Dance&#8220; dabei sein zu d\u00fcrfen, um die Herausforderungen anzunehmen und dieses Geheimnis f\u00fcr mich zu l\u00fcften.&#8220;<\/p>\n<\/div>\n<p>&nbsp;<\/p>\n<p>&nbsp;<\/p>\n<div class=\"text\" style=\"text-align: justify;\">\n<p><strong>Moderator S\u00fckr\u00fc Pehlivan <\/strong>(47):<\/p>\n<p>&#8222;Die Musik ist ja die Sprache der Leidenschaft. Und mit meiner Tanzperformance werde ich darauf das i-T\u00fcpfelchen setzen.&#8220;<\/p>\n<\/div>\n<p>&nbsp;<\/p>\n<p>&nbsp;<\/p>\n<div class=\"text\" style=\"text-align: justify;\">\n<p><strong>S\u00e4nger, Musiker &amp; Komponist John Kelly <\/strong>(52):<\/p>\n<p>&#8222;Als ich ein Kind war, musste ich meine Karriere als klassischer Ballettt\u00e4nzer und somit meinen Traum vom Tanzen aufgeben, um mich als Lead-S\u00e4nger voll und ganz auf unsere Karriere als &#8222;The Kelly Family&#8220; zu konzentrieren. Dass ich jetzt bei Let&#8217;s Dance dabei bin, zeigt, dass es nie zu sp\u00e4t ist, seine Tr\u00e4ume wieder aufleben zu lassen.&#8220;<\/p>\n<p>&nbsp;<\/p>\n<p>&nbsp;<\/p>\n<p>Zwar sind einige dieser Stars f\u00fcr ihre sportlichen F\u00e4higkeiten bekannt \u2013\u00a0ob sie aber auch t\u00e4nzerisch \u00fcberzeugen k\u00f6nnen, m\u00fcssen sie alle ab dem 21. Februar unter Beweis stellen. Wer kann die kritischen Juroren mit seiner Performance begeistern? Wer ger\u00e4t in eine Stolperfalle? Und wer tanzt sich in die Herzen der Zuschauer?<\/p>\n<\/div>\n<p style=\"text-align: justify;\">\n","protected":false},"excerpt":{"rendered":"<p>Das Parkett ruft, sie kommen: Auch diese Stars tanzen zur neuen &#8222;Let&#8217;s Dance&#8220; Staffel!<\/p>\n","protected":false},"author":2,"featured_media":140329,"comment_status":"open","ping_status":"closed","sticky":false,"template":"","format":"standard","meta":{"_FSMCFIC_featured_image_caption":"","_FSMCFIC_featured_image_nocaption":"","_FSMCFIC_featured_image_hide":""},"categories":[33,128],"tags":[43],"acf":[],"_links":{"self":[{"href":"https:\/\/smago.de\/ws2\/wp-json\/wp\/v2\/posts\/140424"}],"collection":[{"href":"https:\/\/smago.de\/ws2\/wp-json\/wp\/v2\/posts"}],"about":[{"href":"https:\/\/smago.de\/ws2\/wp-json\/wp\/v2\/types\/post"}],"author":[{"embeddable":true,"href":"https:\/\/smago.de\/ws2\/wp-json\/wp\/v2\/users\/2"}],"replies":[{"embeddable":true,"href":"https:\/\/smago.de\/ws2\/wp-json\/wp\/v2\/comments?post=140424"}],"version-history":[{"count":2,"href":"https:\/\/smago.de\/ws2\/wp-json\/wp\/v2\/posts\/140424\/revisions"}],"predecessor-version":[{"id":140426,"href":"https:\/\/smago.de\/ws2\/wp-json\/wp\/v2\/posts\/140424\/revisions\/140426"}],"wp:featuredmedia":[{"embeddable":true,"href":"https:\/\/smago.de\/ws2\/wp-json\/wp\/v2\/media\/140329"}],"wp:attachment":[{"href":"https:\/\/smago.de\/ws2\/wp-json\/wp\/v2\/media?parent=140424"}],"wp:term":[{"taxonomy":"category","embeddable":true,"href":"https:\/\/smago.de\/ws2\/wp-json\/wp\/v2\/categories?post=140424"},{"taxonomy":"post_tag","embeddable":true,"href":"https:\/\/smago.de\/ws2\/wp-json\/wp\/v2\/tags?post=140424"}],"curies":[{"name":"wp","href":"https:\/\/api.w.org\/{rel}","templated":true}]}}