{"id":139783,"date":"2020-01-01T11:05:21","date_gmt":"2020-01-01T10:05:21","guid":{"rendered":"https:\/\/online.smago.de\/ws2\/?p=139783"},"modified":"2020-01-01T11:06:39","modified_gmt":"2020-01-01T10:06:39","slug":"ekki-goepelt-heute-01-01-2020-waere-er-75-jahre-jung-geworden","status":"publish","type":"post","link":"https:\/\/smago.de\/ws2\/uncategorized\/ekki-goepelt-heute-01-01-2020-waere-er-75-jahre-jung-geworden\/","title":{"rendered":"EKKI G\u00d6PELT <br>Heute (01.01.2020) w\u00e4re er 75 Jahre jung geworden!"},"content":{"rendered":"<p style=\"text-align: justify;\">Gut vier Jahre nach seinem Tod ist der S\u00e4nger und Moderator noch immer unvergessen! Sein Grab auf dem Auferstehungsfriedhof in Berlin-Wei\u00dfensee ist zu einer regelrechten Pilgerst\u00e4tte geworden!<br \/>\n<!--more--><\/p>\n<div><\/div>\n<div><\/div>\n<div><\/div>\n<div style=\"text-align: justify;\">\nEkkehard \u201eEkki\u201c G\u00f6pelt (* 1. Januar 1945[1] in Nerchau, Landkreis Grimma; \u2020 25. Februar 2016 in Berlin) war ein deutscher Schlagers\u00e4nger und Moderator.<\/div>\n<div style=\"text-align: justify;\"><\/div>\n<div style=\"text-align: justify;\"><\/div>\n<div style=\"text-align: justify;\"><\/div>\n<div style=\"text-align: justify;\"><\/div>\n<div style=\"text-align: justify;\"><\/div>\n<div style=\"text-align: justify;\"><\/div>\n<div style=\"text-align: justify;\"><strong>Leben<\/strong><\/div>\n<div style=\"text-align: justify;\"><\/div>\n<div style=\"text-align: justify;\"><\/div>\n<div style=\"text-align: justify;\">In der DDR arbeitete er als Lehrer f\u00fcr Deutsch und Musik und trat \u00f6ffentlich erstmals am 12. Juni 1965 in der Fernsehsendung Herzklopfen kostenlos bei Heinz Quermann auf.<\/div>\n<div style=\"text-align: justify;\"><\/div>\n<div style=\"text-align: justify;\">Seit den 1970er Jahren nahm er Titel f\u00fcr den Rundfunk auf. Seine erste LP Ich bleib am Ball erschien 1988 bei Amiga. Beim ORB (sp\u00e4ter RBB) moderierte er die Sendung Gl\u00fcckwunschantenne, bis diese einer anderen Sendung weichen musste. Er moderierte 14 Jahre lang f\u00fcr die RBB-Welle Antenne Brandenburg seine eigene sonnt\u00e4gliche Sendung Sonntagsvergn\u00fcgen.<\/div>\n<div style=\"text-align: justify;\"><\/div>\n<div style=\"text-align: justify;\">Am 1. September 2008 gab er den Startschuss f\u00fcr den bundesweiten Schlager- und Volksmusikkanal Radio Paloma, bei dem er von Montag bis Freitag die Sendung Mehr Spa\u00df bei der Arbeit und samstags Mehr Spa\u00df am Wochenende moderierte. Er tourte au\u00dferdem mit dem Moderator, Schauspieler und Texter Michael Niekammer durchs Land. Weiterhin wurde er mehrfach von Oliver Kalkofe parodiert, u. a. mit seinem Titel Tapatoo[3] sowie f\u00fcr seine Moderation der Superwirtparade.<\/div>\n<div style=\"text-align: justify;\"><\/div>\n<div style=\"text-align: justify;\"><\/div>\n<div style=\"text-align: justify;\"><\/div>\n<div style=\"text-align: justify;\"><\/div>\n<div style=\"text-align: justify;\"><\/div>\n<div style=\"text-align: justify;\"><\/div>\n<div style=\"text-align: justify;\"><strong>Grabst\u00e4tte<\/strong><\/div>\n<div style=\"text-align: justify;\"><\/div>\n<div style=\"text-align: justify;\"><\/div>\n<div style=\"text-align: justify;\">Sein 2010 erschienenes Album F\u00fchl dich wohl in deinem Leben enthielt Titel wie Ich h\u00e4tt dich so gern wach gek\u00fcsst, Lass uns mal wieder tanzen gehen, Bleib noch ein bisschen hier oder Tr\u00e4umst du manchmal noch von mir, eine Coverversion von Reality (Richard Sanderson) aus La Boum \u2013 Die Fete.<\/div>\n<div style=\"text-align: justify;\"><\/div>\n<div style=\"text-align: justify;\">Zuletzt arbeitete Ekki G\u00f6pelt beim Radiosender Radio B2 in Berlin. Er starb am 25. Februar 2016 auf der Intensivstation des UKB in Marzahn an Organversagen. Am 18. M\u00e4rz 2016 wurde Ekki G\u00f6pelt auf dem Auferstehungsfriedhof in Berlin-Wei\u00dfensee beigesetzt.<\/div>\n<div><\/div>\n<div><\/div>\n<div><\/div>\n<div><\/div>\n<div><\/div>\n<div><\/div>\n<div><strong>Andenken<\/strong><\/div>\n<div><\/div>\n<div><\/div>\n<div>Radio B2 verleiht j\u00e4hrlich den Radio-B2-Ekki-G\u00f6pelt-Preis an Nachwuchsinterpreten aus der Schlagerbranche.<\/div>\n<div><\/div>\n<div><\/div>\n<div><\/div>\n<div><\/div>\n<div><\/div>\n<div><\/div>\n<div>Bitte beachten Sie auch die <strong><a href=\"https:\/\/www.facebook.com\/ekkigoepeltunvergessen\/?__tn__=kC-R&amp;eid=ARDWp5iN1JH-CuRmTnt0L5ynDVLIjyx18r6HdZR8ZBj0IdjyRnnZ7Lmb0DeqLQcqj9fbvqhrBgc6wZwp&amp;hc_ref=ARQufBp0NhMT_tzo1_zSuIbNoDwYrRW2IZiZ7fLNBIyfMie3fyxEbUKXodb1Fg0L0DA&amp;__xts__[0]=68.ARBjj6rTH9bMOs9Cmf3CC7-SG6uKK93WENL6VYtlX1_qPDBuemHT4VYfsxlOQMBiaDjR1pXY3aWK1yeE-_WsmBtlcHrsk4-P5jUlDZMb_Z9FkHLiv0GsCfuQRZXmwT3cGQSIaIngpW9Az8oCOD7aqpkylu2x7ibSFfc0JlJTA7QlEbJQJlqIiCU8erf9SJzLbw4dKXF18VCChM0tJ7pQcVuSdDGNfm9wdwYOgKYb2NXhUuLF78cedT_64JuHjUKdzP6TkG_QD-p0cfyCPKp9Hun1glOSHCOE4CBKFY1d5n_CKlksG53Ax_APFGmfE8JtquAswjq5HTV1vSo_aloK5ti2Of-xFcZDkud_jo4hx-fPO08v7-vpybev2IQWWwDCR9dvB87U7I5iqC08m2vc3iBq80cnDu-khhUeN_aU_XnCiN4\">Facebook-Seite der Ekki G\u00f6pelt Freunde<\/a><\/strong>!<\/div>\n","protected":false},"excerpt":{"rendered":"<p>Gut vier Jahre nach seinem Tod ist der S\u00e4nger und Moderator noch immer unvergessen! Sein Grab auf dem Auferstehungsfriedhof in<\/p>\n","protected":false},"author":2,"featured_media":139784,"comment_status":"open","ping_status":"closed","sticky":false,"template":"","format":"standard","meta":{"_FSMCFIC_featured_image_caption":"","_FSMCFIC_featured_image_nocaption":"","_FSMCFIC_featured_image_hide":""},"categories":[1],"tags":[1292],"acf":[],"_links":{"self":[{"href":"https:\/\/smago.de\/ws2\/wp-json\/wp\/v2\/posts\/139783"}],"collection":[{"href":"https:\/\/smago.de\/ws2\/wp-json\/wp\/v2\/posts"}],"about":[{"href":"https:\/\/smago.de\/ws2\/wp-json\/wp\/v2\/types\/post"}],"author":[{"embeddable":true,"href":"https:\/\/smago.de\/ws2\/wp-json\/wp\/v2\/users\/2"}],"replies":[{"embeddable":true,"href":"https:\/\/smago.de\/ws2\/wp-json\/wp\/v2\/comments?post=139783"}],"version-history":[{"count":2,"href":"https:\/\/smago.de\/ws2\/wp-json\/wp\/v2\/posts\/139783\/revisions"}],"predecessor-version":[{"id":139786,"href":"https:\/\/smago.de\/ws2\/wp-json\/wp\/v2\/posts\/139783\/revisions\/139786"}],"wp:featuredmedia":[{"embeddable":true,"href":"https:\/\/smago.de\/ws2\/wp-json\/wp\/v2\/media\/139784"}],"wp:attachment":[{"href":"https:\/\/smago.de\/ws2\/wp-json\/wp\/v2\/media?parent=139783"}],"wp:term":[{"taxonomy":"category","embeddable":true,"href":"https:\/\/smago.de\/ws2\/wp-json\/wp\/v2\/categories?post=139783"},{"taxonomy":"post_tag","embeddable":true,"href":"https:\/\/smago.de\/ws2\/wp-json\/wp\/v2\/tags?post=139783"}],"curies":[{"name":"wp","href":"https:\/\/api.w.org\/{rel}","templated":true}]}}