{"id":139769,"date":"2019-12-31T15:00:34","date_gmt":"2019-12-31T14:00:34","guid":{"rendered":"https:\/\/online.smago.de\/ws2\/?p=139769"},"modified":"2019-12-31T15:00:34","modified_gmt":"2019-12-31T14:00:34","slug":"jan-fedder-tschuess-jan-ndr-programmaenderung-zum-tod-von-jan-fedder","status":"publish","type":"post","link":"https:\/\/smago.de\/ws2\/smago-informiert\/jan-fedder-tschuess-jan-ndr-programmaenderung-zum-tod-von-jan-fedder\/","title":{"rendered":"JAN FEDDER <br>\u201eTsch\u00fcss Jan \u2026\u201c \u2013 NDR Programm\u00e4nderung zum Tod von Jan Fedder!"},"content":{"rendered":"<p>So wird beispielsweise auch das urspr\u00fcnglich f\u00fcr 25.01.2020 zur Erstausstrahlung geplante Portr\u00e4t \u201eJan Fedder &#8211; mit Ecken und Kanten und ganz viel Herz\u201c auf 01.01., 20:15 Uhr vorgezogen &#8230;:<br \/>\n<!--more--><\/p>\n<p>&nbsp;<\/p>\n<p style=\"text-align: justify;\">Aus Anlass des Todes von Jan Fedder \u00e4ndert das NDR Fernsehen am heutigen Mittwoch, 1. Januar 2020, sein Programm. Die Sendungen mit und \u00fcber Jan Fedder werden unter dem Motto \u201eTsch\u00fcss Jan \u2026\u201c stehen.<\/p>\n<p style=\"text-align: justify;\">Ab 13.45 Uhr zeigt der NDR \u201eNeues aus B\u00fcttenwarder \u2013 Ufos\u201c (Folge 8) und danach \u201eHeimatgeschichten: Abgezockt\u201c.<\/p>\n<p>Im Anschluss werden um 14.55 Uhr zwei Folgen der Polizeiserie \u201eGro\u00dfstadtrevier\u201c ausgestrahlt: \u201eDer Neue\u201c (Folge 37) und \u201eHeile Welt\u201c (Folge 351).<\/p>\n<p style=\"text-align: justify;\">Um 16.35 Uhr sind \u201eNeues aus B\u00fcttenwarder \u2013 Schmerzensgeld\u201c (Folge 15) und danach \u201eNeues aus B\u00fcttenwarder \u2013 Stau\u201c (Folge 55) zu sehen.<\/p>\n<p style=\"text-align: justify;\">Um 20.15 Uhr zeigt das NDR Fernsehen in einer Erstausstrahlung das 90-min\u00fctige Portr\u00e4t von Antje Althoff \u201eJan Fedder &#8211; mit Ecken und Kanten und ganz viel Herz\u201c (weitere Ausstrahlung um 00:00 Uhr).<\/p>\n<p style=\"text-align: justify;\">Um 21.45 Uhr wird der Spielfilm \u201eDas Feuerschiff\u201c nach der Romanvorlage von Siegfried Lenz ausgestrahlt und um 23.15 Uhr wiederholt der NDR die Gespr\u00e4chssendung \u201eReinhold Beckmann trifft &#8230; Jan Fedder\u201c.<\/p>\n<p style=\"text-align: justify;\">\n<p style=\"text-align: justify;\">\n<p style=\"text-align: justify;\"><a name=\"_Hlk28686250\"><\/a><strong>NDR Intendant Lutz Marmor:<\/strong> \u201eWir trauern um Jan Fedder. Er war ein echter Volksschauspieler. Mit einer umfangreichen Programm\u00e4nderung w\u00fcrdigt ihn der NDR. Jan Fedder war bei den Zuschauerinnen und Zuschauern \u00e4u\u00dferst beliebt. Wir werden ihn nicht vergessen. Seine Filme bleiben.\u201c<\/p>\n","protected":false},"excerpt":{"rendered":"<p>So wird beispielsweise auch das urspr\u00fcnglich f\u00fcr 25.01.2020 zur Erstausstrahlung geplante Portr\u00e4t \u201eJan Fedder &#8211; mit Ecken und Kanten und<\/p>\n","protected":false},"author":2,"featured_media":139770,"comment_status":"open","ping_status":"closed","sticky":false,"template":"","format":"standard","meta":{"_FSMCFIC_featured_image_caption":"","_FSMCFIC_featured_image_nocaption":"","_FSMCFIC_featured_image_hide":""},"categories":[33,128],"tags":[1290],"acf":[],"_links":{"self":[{"href":"https:\/\/smago.de\/ws2\/wp-json\/wp\/v2\/posts\/139769"}],"collection":[{"href":"https:\/\/smago.de\/ws2\/wp-json\/wp\/v2\/posts"}],"about":[{"href":"https:\/\/smago.de\/ws2\/wp-json\/wp\/v2\/types\/post"}],"author":[{"embeddable":true,"href":"https:\/\/smago.de\/ws2\/wp-json\/wp\/v2\/users\/2"}],"replies":[{"embeddable":true,"href":"https:\/\/smago.de\/ws2\/wp-json\/wp\/v2\/comments?post=139769"}],"version-history":[{"count":1,"href":"https:\/\/smago.de\/ws2\/wp-json\/wp\/v2\/posts\/139769\/revisions"}],"predecessor-version":[{"id":139771,"href":"https:\/\/smago.de\/ws2\/wp-json\/wp\/v2\/posts\/139769\/revisions\/139771"}],"wp:featuredmedia":[{"embeddable":true,"href":"https:\/\/smago.de\/ws2\/wp-json\/wp\/v2\/media\/139770"}],"wp:attachment":[{"href":"https:\/\/smago.de\/ws2\/wp-json\/wp\/v2\/media?parent=139769"}],"wp:term":[{"taxonomy":"category","embeddable":true,"href":"https:\/\/smago.de\/ws2\/wp-json\/wp\/v2\/categories?post=139769"},{"taxonomy":"post_tag","embeddable":true,"href":"https:\/\/smago.de\/ws2\/wp-json\/wp\/v2\/tags?post=139769"}],"curies":[{"name":"wp","href":"https:\/\/api.w.org\/{rel}","templated":true}]}}