{"id":139743,"date":"2020-01-01T00:02:45","date_gmt":"2019-12-31T23:02:45","guid":{"rendered":"https:\/\/online.smago.de\/ws2\/?p=139743"},"modified":"2020-01-01T10:51:13","modified_gmt":"2020-01-01T09:51:13","slug":"bernhard-brink-mit-diamanten-hat-er-mal-wieder-den-schlager-des-jahres-gelandet","status":"publish","type":"post","link":"https:\/\/smago.de\/ws2\/schlager\/bernhard-brink-mit-diamanten-hat-er-mal-wieder-den-schlager-des-jahres-gelandet\/","title":{"rendered":"BERNHARD BRINK <br>Mit &#8222;Diamanten&#8220; hat er &#8211; mal wieder &#8230; &#8211; den &#8222;Schlager des Jahres&#8220; gelandet!"},"content":{"rendered":"<p style=\"text-align: justify;\">Herzlichen Gl\u00fcckwunsch, lieber Bernhard !!!<br \/>\n<!--more--><\/p>\n<p>&nbsp;<\/p>\n<p style=\"text-align: justify;\">\u00dcber zwanzig Mal pr\u00e4sentierte BERNHARD BRINK &#8211; im MDR FERNSEHEN &#8211; &#8222;Die Schlager des Jahres&#8220;.<\/p>\n<p style=\"text-align: justify;\">2016 \u00fcbernahm Florian Silbereisen das Ruder. Daf\u00fcr landete Bernhard Brink mit &#8222;Von hier bis zur Unendlichkeit&#8220; den &#8222;Schlager des Jahres&#8220;. (Es scheint eben doch f\u00fcr alles eine Gerechtigkeit zu geben &#8230;) Und das beileibe nicht zum ersten Mal. Bereits 2009 war sein Titel &#8222;Geliebt &#8211; gehasst &#8211; geweint&#8220; der &#8222;Schlager des Jahres&#8220;. Und bereits 2011 war er f\u00fcrwahr &#8222;Der gl\u00fccklichste Mann der Welt&#8220;, als ihm erneut der &#8222;Schlager des Jahres&#8220; gelang.<\/p>\n<p style=\"text-align: justify;\">Im vergangenen Jahr, wie man mittlerweile zu &#8222;2019&#8220; sagen muss, gelang dem &#8222;Schlagertitan&#8220; dieses Kunstst\u00fcck erneut: Sein Titel &#8222;Diamanten&#8220; ist der erfolgreichste Titel der Radio Charts &#8222;Deutschland Konservativ Pop&#8220; des Jahres 2019.<\/p>\n<p style=\"text-align: justify;\">Nach Adam Riese und Eva Zwerg ist &#8222;Diamanten&#8220; somit der vierte &#8222;Schlager des Jahres&#8220; von Bernhard Brink innerhalb von zehn (beziehungsweise elf) Jahren (Zeitspanne: 2009 &#8211; 2019).<\/p>\n<p style=\"text-align: justify;\">Mit dem gleichnamigen Album gelang Bernhard Brink zudem die bisherige Bestplatzierung seiner gesamten Laufbahn in den Offiziellen Deutschen Charts: Die CD stieg direkt auf Platz 12 ein.<\/p>\n<p style=\"text-align: justify;\">Auch als TV-Moderator sorgt &#8222;der Bernhard, der Brink&#8220; f\u00fcr Furore: Die von ihm pr\u00e4sentierte Sendung &#8222;Die Schlager des Monats&#8220; im MDR FERNSEHEN erfreut sich h\u00f6chster Beliebtheit.<\/p>\n<p style=\"text-align: justify;\">Aufgrund eines Tournee-Termins kann ausgerechnet Bernhard Brink am 12. Januar 2020 NICHT bei der Veranstaltung &#8222;<em>smago!<\/em> Award feiert und ehrt &#8217;50 Jahre ZDF-Hitparade'&#8220; leider nicht dabei sein.<\/p>\n<p style=\"text-align: justify;\">\u00dcberhaupt brummt das Live-Gesch\u00e4ft bei Bernhard mehr denn je. (Und Bernhard Brink ist nun wahrlich kein &#8222;Schn\u00e4ppchen&#8220; &#8230; Er hat seinen Marktwert &#8211; und das ist auch v\u00f6llig richtig so. Und im Verh\u00e4ltnis zu seiner enormen Popularit\u00e4t ist er immer noch \u00e4u\u00dferst &#8222;g\u00fcnstig&#8220;.)<\/p>\n<p style=\"text-align: justify;\"><em>smago!<\/em> m\u00f6chte sich auf diesem Wege noch einmal sehr herzlich bei Bernhard Brink bedanken, dass er &#8211; neben Cindy Berger und Martin Mann &#8211; an seinem einzigen freien Tag spontan zugesagt hatte, bei der Buch-Pr\u00e4sentation &#8222;Die Chronik der ZDF-Hitparade &#8211; Die \u00c4ra Dieter Thomas Heck von 1969 &#8211; 1984&#8220; in Berlin mitzuwirken. Wahrlich alles andere als eine Selbstverst\u00e4ndlichkeit.<\/p>\n<p>&nbsp;<\/p>\n<p><img decoding=\"async\" loading=\"lazy\" class=\"alignnone size-full wp-image-136174\" src=\"https:\/\/online.smago.de\/ws2\/wp-content\/uploads\/2019\/10\/bb_diamanten.jpg\" alt=\"\" width=\"522\" height=\"522\" srcset=\"https:\/\/smago.de\/ws2\/wp-content\/uploads\/2019\/10\/bb_diamanten.jpg 522w, https:\/\/smago.de\/ws2\/wp-content\/uploads\/2019\/10\/bb_diamanten-150x150.jpg 150w, https:\/\/smago.de\/ws2\/wp-content\/uploads\/2019\/10\/bb_diamanten-190x190.jpg 190w, https:\/\/smago.de\/ws2\/wp-content\/uploads\/2019\/10\/bb_diamanten-290x290.jpg 290w, https:\/\/smago.de\/ws2\/wp-content\/uploads\/2019\/10\/bb_diamanten-445x445.jpg 445w\" sizes=\"(max-width: 522px) 100vw, 522px\" \/><\/p>\n","protected":false},"excerpt":{"rendered":"<p>Herzlichen Gl\u00fcckwunsch, lieber Bernhard !!!<\/p>\n","protected":false},"author":2,"featured_media":132948,"comment_status":"open","ping_status":"closed","sticky":false,"template":"","format":"standard","meta":{"_FSMCFIC_featured_image_caption":"","_FSMCFIC_featured_image_nocaption":"","_FSMCFIC_featured_image_hide":""},"categories":[29,39],"tags":[119],"acf":[],"_links":{"self":[{"href":"https:\/\/smago.de\/ws2\/wp-json\/wp\/v2\/posts\/139743"}],"collection":[{"href":"https:\/\/smago.de\/ws2\/wp-json\/wp\/v2\/posts"}],"about":[{"href":"https:\/\/smago.de\/ws2\/wp-json\/wp\/v2\/types\/post"}],"author":[{"embeddable":true,"href":"https:\/\/smago.de\/ws2\/wp-json\/wp\/v2\/users\/2"}],"replies":[{"embeddable":true,"href":"https:\/\/smago.de\/ws2\/wp-json\/wp\/v2\/comments?post=139743"}],"version-history":[{"count":7,"href":"https:\/\/smago.de\/ws2\/wp-json\/wp\/v2\/posts\/139743\/revisions"}],"predecessor-version":[{"id":139782,"href":"https:\/\/smago.de\/ws2\/wp-json\/wp\/v2\/posts\/139743\/revisions\/139782"}],"wp:featuredmedia":[{"embeddable":true,"href":"https:\/\/smago.de\/ws2\/wp-json\/wp\/v2\/media\/132948"}],"wp:attachment":[{"href":"https:\/\/smago.de\/ws2\/wp-json\/wp\/v2\/media?parent=139743"}],"wp:term":[{"taxonomy":"category","embeddable":true,"href":"https:\/\/smago.de\/ws2\/wp-json\/wp\/v2\/categories?post=139743"},{"taxonomy":"post_tag","embeddable":true,"href":"https:\/\/smago.de\/ws2\/wp-json\/wp\/v2\/tags?post=139743"}],"curies":[{"name":"wp","href":"https:\/\/api.w.org\/{rel}","templated":true}]}}