{"id":139689,"date":"2019-12-30T00:00:09","date_gmt":"2019-12-29T23:00:09","guid":{"rendered":"https:\/\/online.smago.de\/ws2\/?p=139689"},"modified":"2019-12-29T21:21:30","modified_gmt":"2019-12-29T20:21:30","slug":"frank-ehrlacher-das-wort-zum-montag-tolle-gast-kolumne-ueber-umweltsaeue-omas-und-immerallesbesserwisser-dieser-welt","status":"publish","type":"post","link":"https:\/\/smago.de\/ws2\/smago-kolumne\/frank-ehrlacher-das-wort-zum-montag-tolle-gast-kolumne-ueber-umweltsaeue-omas-und-immerallesbesserwisser-dieser-welt\/","title":{"rendered":"FRANK EHRLACHER <br>&#8222;Das Wort zum Montag&#8220;: Tolle Gast-Kolumne \u00fcber Umwelts\u00e4ue, Omas und &#8222;Immerallesbesserwisser&#8220; dieser Welt!"},"content":{"rendered":"<p>Der ultimative Chart Show Experte ist auch ein gnadenlos guter Satiriker &#8230;:<br \/>\n<!--more--><\/p>\n<p style=\"text-align: justify;\">\n<p style=\"text-align: justify;\"><em>Liebe Umwelts\u00e4ue, Omas und immerallesbesserwisser dieser Welt,<\/em><\/p>\n<p><em>nochmal zum Mitdenken:\u00a0Jemand hat das Lied &#8222;Meine Oma f\u00e4hrt im H\u00fchnerstall Motorrad&#8220; umgetextet. Ob das witzig ist, sei dahingestellt. Aber mir war bisher auch keine Vorschrift bekannt, dass jeder alles witzig zu finden hat, sonst darf es gar nicht erst ver\u00f6ffentlicht werden.<\/em><\/p>\n<p><em>Beschrieben wird in dem Lied bekanntlich ein komplett realistisches Szenario, das in deutschen Wohnzimmern und Anwesen t\u00e4glich tausende Male vorkommt. Eine Gro\u00dfmutter, die im H\u00fchnerstall (hat ja jede Oma zuhause) Motorrad f\u00e4hrt (was auch sonst). Kennen wir alle, richtig? Und das wird im neuen Text mit neuen Fakten angereichert, dass sie dadurch ja 1.000 Liter Super jeden Monat verbraucht. Hab ich nicht nachgerechnet, aber wird wohl stimmen. Sind wahrscheinlich statistische Erfahrungswerte, wenn es so viele Omas gibt, die das machen. Und das ganze gipfelt dann in die Zeile &#8222;Meine Oma ist ne alte Umweltsau&#8220;. Ok, das finde ich jetzt etwas gewagt, wenn alle Omas dieser Welt bei ihren wilden Ritten durch den H\u00fchnerstall monatlich 1.000 Liter Super verbrennen, hat das ja wohl mit Umweltverschmutzung nichts zu tun, oder?<\/em><\/p>\n<p><em>Aber bisher sind wir ja noch auf der Ebene, ob das ganze lustig oder realistisch ist. Dann beginnt aber der Shitstorm erst an. Denn angeblich hat der WDR die Kinder, die dieses Lied sangen, dazu instrumentalisiert, andere Menschen zu beleidigen. \u00c4hm&#8230; welche Menschen denn genau. Alle im H\u00fchnerstall motorradfahrenden Omas dieser Welt? Oder alle Omas schlechthin, weil es ja f\u00fcr eine Oma komplett normal ist, mit dem Mofa durch den &#8230; Ihr wisst schon?<\/em><\/p>\n<p><em>Sry, mich macht das ganze relativ &#8230; extrem fassungslos!<\/em><\/p>\n<p><em>Um es klarzustellen: Nein, ich fand das Lied nicht witzig. Muss ist auch nicht. F\u00fcr mich hatte es ungef\u00e4hr den &#8222;Witz&#8220; wie manche B\u00fcttenrede des K\u00f6lner Karneval oder der M\u00e4\u00e4nzer Fasenacht. Aber wahrscheinlich wird man auch da ab sofort alle Reden, die nicht jeder witzig findet, untersagen und aus allen Mediatheken dieser Welt l\u00f6schen.<\/em><\/p>\n<p><em>Und Diskriminierungen werden noch viel rigoroser verfolgt werden m\u00fcssen. Erinnert sich noch jemand an &#8222;Skandal im Sperrbezirk&#8220;, als &#8222;Rosi ein Telefon hatte&#8220; auf dem &#8222;Konjunktur die ganze Nacht&#8220; herrschte. Sind damit nicht alle Rosis dieser Welt instinktlos diskriminiert worden und als Prostituierte dargestellt. Sofort verbannen, aus allen Archiven l\u00f6schen.<\/em><\/p>\n<p><em>Oder Mike Kr\u00fcgers &#8222;Bodo mit dem Bagger&#8220;. Dort werden doch nicht nur alle Bodos dieser Welt, sondern alle Baggerf\u00fchrer und irgendwie auch alle Bauarbeiter als debile Vollpfosten hingestellt. Nie mehr wieder senden, aus den Ged\u00e4chtnissen verbannen.<\/em><\/p>\n<p><em>Oder erinnert sich noch jemand an den legend\u00e4ren Tatort &#8222;Reifezeugnis&#8220;, in dem eine Sch\u00fclerin von einem Lehrer verf\u00fchrt wird. Dadurch werden doch auch alle Lehrer dieser Welt als woll\u00fcstene Triebt\u00e4ter dargestellt. Zack, weg damit, keinen Tatort mehr und die Geschichte des Tatorts muss eliminiert werden&#8230;<\/em><\/p>\n<p><em>Es gibt nur eine Sache, die mich gerade noch fassungsloser macht als der hirnlose Shitstorm gegen dieses Videofilmchen:<\/em><br \/>\n<em>Dass der WDR es im vorauseilenden Gehorsam bereits SELBST aus der Mediathek gel\u00f6scht hat und sich bei allen h\u00fchnerstallmotorradfahrenden Omas dieser Welt entschuldigt hat, dass man das alles ja nicht gewollt habe&#8230;<\/em><\/p>\n","protected":false},"excerpt":{"rendered":"<p>Der ultimative Chart Show Experte ist auch ein gnadenlos guter Satiriker &#8230;:<\/p>\n","protected":false},"author":2,"featured_media":139690,"comment_status":"open","ping_status":"closed","sticky":false,"template":"","format":"standard","meta":{"_FSMCFIC_featured_image_caption":"","_FSMCFIC_featured_image_nocaption":"","_FSMCFIC_featured_image_hide":""},"categories":[34],"tags":[446],"acf":[],"_links":{"self":[{"href":"https:\/\/smago.de\/ws2\/wp-json\/wp\/v2\/posts\/139689"}],"collection":[{"href":"https:\/\/smago.de\/ws2\/wp-json\/wp\/v2\/posts"}],"about":[{"href":"https:\/\/smago.de\/ws2\/wp-json\/wp\/v2\/types\/post"}],"author":[{"embeddable":true,"href":"https:\/\/smago.de\/ws2\/wp-json\/wp\/v2\/users\/2"}],"replies":[{"embeddable":true,"href":"https:\/\/smago.de\/ws2\/wp-json\/wp\/v2\/comments?post=139689"}],"version-history":[{"count":2,"href":"https:\/\/smago.de\/ws2\/wp-json\/wp\/v2\/posts\/139689\/revisions"}],"predecessor-version":[{"id":139692,"href":"https:\/\/smago.de\/ws2\/wp-json\/wp\/v2\/posts\/139689\/revisions\/139692"}],"wp:featuredmedia":[{"embeddable":true,"href":"https:\/\/smago.de\/ws2\/wp-json\/wp\/v2\/media\/139690"}],"wp:attachment":[{"href":"https:\/\/smago.de\/ws2\/wp-json\/wp\/v2\/media?parent=139689"}],"wp:term":[{"taxonomy":"category","embeddable":true,"href":"https:\/\/smago.de\/ws2\/wp-json\/wp\/v2\/categories?post=139689"},{"taxonomy":"post_tag","embeddable":true,"href":"https:\/\/smago.de\/ws2\/wp-json\/wp\/v2\/tags?post=139689"}],"curies":[{"name":"wp","href":"https:\/\/api.w.org\/{rel}","templated":true}]}}