{"id":139291,"date":"2019-12-20T23:59:02","date_gmt":"2019-12-20T22:59:02","guid":{"rendered":"https:\/\/online.smago.de\/ws2\/?p=139291"},"modified":"2019-12-20T20:18:10","modified_gmt":"2019-12-20T19:18:10","slug":"check-eins-das-erste-relauncht-das-kinderprogramm-check-eins","status":"publish","type":"post","link":"https:\/\/smago.de\/ws2\/kinderprogramm\/check-eins-das-erste-relauncht-das-kinderprogramm-check-eins\/","title":{"rendered":"&#8222;CHECK EINS&#8220; <br>Das Erste relauncht das Kinderprogramm Check Eins!"},"content":{"rendered":"<p>Am 1. Januar 2020 wird umgeswitcht &#8230;:<br \/>\n<!--more--><\/p>\n<p>&nbsp;<\/p>\n<p class=\"text small\" style=\"text-align: justify;\">Check Eins, das Kinderprogramm im Ersten, erh\u00e4lt ab 1. Januar 2020 ein neues, freches Design. Zusammen mit plakativen Farben dient ein Schalter als Keyvisual. Er wird als spielerisches Element in den Designelementen wie z.B. Logo, Idents, Programmpromotion eingesetzt. Der Schalter signalisiert die Grundidee: Kinder sind selbstbestimmt, entscheiden selbst, was sie wann einschalten. Mit einem kleinen Eingriff in die Realit\u00e4t, das Switchen des Schalters, wird die Welt pl\u00f6tzlich bunter, weiter, sch\u00f6ner und spannender.<\/p>\n<p class=\"text small\" style=\"text-align: justify;\">Das Konzept und Designpaket entwickelte und produzierte die Agentur Luxlotusliner GmbH f\u00fcr das ARD Design. F\u00fcr die Verpackung zeichnet die Redaktion des Hessischen Rundfunks verantwortlich. Erstmals eingesetzt wird das relaunchte Design von Check Eins am Mittwoch, 1. Januar 2020, ab 5:30 Uhr. Das bisherige Erscheinungsbild war im M\u00e4rz 2010 eingef\u00fchrt worden.<\/p>\n","protected":false},"excerpt":{"rendered":"<p>Am 1. Januar 2020 wird umgeswitcht &#8230;:<\/p>\n","protected":false},"author":2,"featured_media":139292,"comment_status":"open","ping_status":"closed","sticky":false,"template":"","format":"standard","meta":{"_FSMCFIC_featured_image_caption":"","_FSMCFIC_featured_image_nocaption":"","_FSMCFIC_featured_image_hide":""},"categories":[20],"tags":[1279],"acf":[],"_links":{"self":[{"href":"https:\/\/smago.de\/ws2\/wp-json\/wp\/v2\/posts\/139291"}],"collection":[{"href":"https:\/\/smago.de\/ws2\/wp-json\/wp\/v2\/posts"}],"about":[{"href":"https:\/\/smago.de\/ws2\/wp-json\/wp\/v2\/types\/post"}],"author":[{"embeddable":true,"href":"https:\/\/smago.de\/ws2\/wp-json\/wp\/v2\/users\/2"}],"replies":[{"embeddable":true,"href":"https:\/\/smago.de\/ws2\/wp-json\/wp\/v2\/comments?post=139291"}],"version-history":[{"count":2,"href":"https:\/\/smago.de\/ws2\/wp-json\/wp\/v2\/posts\/139291\/revisions"}],"predecessor-version":[{"id":139294,"href":"https:\/\/smago.de\/ws2\/wp-json\/wp\/v2\/posts\/139291\/revisions\/139294"}],"wp:featuredmedia":[{"embeddable":true,"href":"https:\/\/smago.de\/ws2\/wp-json\/wp\/v2\/media\/139292"}],"wp:attachment":[{"href":"https:\/\/smago.de\/ws2\/wp-json\/wp\/v2\/media?parent=139291"}],"wp:term":[{"taxonomy":"category","embeddable":true,"href":"https:\/\/smago.de\/ws2\/wp-json\/wp\/v2\/categories?post=139291"},{"taxonomy":"post_tag","embeddable":true,"href":"https:\/\/smago.de\/ws2\/wp-json\/wp\/v2\/tags?post=139291"}],"curies":[{"name":"wp","href":"https:\/\/api.w.org\/{rel}","templated":true}]}}