{"id":139054,"date":"2019-12-14T00:00:01","date_gmt":"2019-12-13T23:00:01","guid":{"rendered":"https:\/\/online.smago.de\/ws2\/?p=139054"},"modified":"2019-12-13T17:39:24","modified_gmt":"2019-12-13T16:39:24","slug":"jose-carreras-die-jose-carreras-gala-2019-in-der-quoten-analyse-von-juergen-ztirf","status":"publish","type":"post","link":"https:\/\/smago.de\/ws2\/schlager\/jose-carreras-die-jose-carreras-gala-2019-in-der-quoten-analyse-von-juergen-ztirf\/","title":{"rendered":"JOSE CARRERAS <br>&#8222;Die Jos\u00e9 Carreras Gala 2019&#8220; in der Quoten-Analyse von J\u00fcrgen Ztirf!"},"content":{"rendered":"<p>Lesen Sie HIER seinen Kommentar &#8230;:<br \/>\n<!--more--><\/p>\n<p>&nbsp;<\/p>\n<p>&nbsp;<\/p>\n<p style=\"text-align: justify;\"><em>Es war die richtige Entscheidung in der Sache, die 25. Ausgabe der Jose Carreras Gala an den Ort ihrer Entstehung nach Leipzig zur\u00fcck kehren lassen und von der Kimmig Entertainment GmbH im Auftrag des MDR \u2013 Fernsehen und der Jose Carreras \u2013 Stiftung live produzieren zu lassen und am Donnerstag, 12. Dezember 2019, von 20:15 Uhr bis 23:55 Uhr im MDR \u2013 Fersehen live auszustrahlen, was von 391 000 Zuschauer bei einem Marktanteil (MA) von 13,2% ausschlie\u00dflich im MDR \u2013 Sendegebiet an den Bildschirmen verfolgt wurde. Mit mehr als 3,5 Mio. EUR, die ausschlie\u00dflich in der mehr als 3 st\u00fcndigen Austrahlungszeit der Gala erbracht wurden, konnte auch die 25. Ausgabe der \u201cJose Carreras \u2013 Gala\u201d einen wirkungsvollen Beitrag zu Bek\u00e4mpfung der Leukemie und anderer Blut- und Knochenmarkserkrankungen leisten, wof\u00fcr Jose Carreras, seinem Organisations- und Gestalterteam sowie allen Mitwirkenden herzlichst zu danken ist.<br \/>\n<\/em><br \/>\n<em>Da die Bek\u00e4mpfung der Leukemie und anderer Blut- und Knochenmarkserkrankungen aus meiner Sicht im \u00f6ffentlichen Interesse ist, sollte auch Jose Carreras \u2013 Gala \u2013 solange ein gesellschaftlicher Bedarf daf\u00fcr besteht \u2013 m. E. auch im \u00f6ffentlich -rechtlichen Fernsehen massenwirksam ausgestrahlt und \u00fcbertragen werden. Dies meint J\u00fcrgen Ztirf<\/em><\/p>\n","protected":false},"excerpt":{"rendered":"<p>Lesen Sie HIER seinen Kommentar &#8230;:<\/p>\n","protected":false},"author":2,"featured_media":138986,"comment_status":"open","ping_status":"closed","sticky":false,"template":"","format":"standard","meta":{"_FSMCFIC_featured_image_caption":"","_FSMCFIC_featured_image_nocaption":"","_FSMCFIC_featured_image_hide":""},"categories":[29],"tags":[789],"acf":[],"_links":{"self":[{"href":"https:\/\/smago.de\/ws2\/wp-json\/wp\/v2\/posts\/139054"}],"collection":[{"href":"https:\/\/smago.de\/ws2\/wp-json\/wp\/v2\/posts"}],"about":[{"href":"https:\/\/smago.de\/ws2\/wp-json\/wp\/v2\/types\/post"}],"author":[{"embeddable":true,"href":"https:\/\/smago.de\/ws2\/wp-json\/wp\/v2\/users\/2"}],"replies":[{"embeddable":true,"href":"https:\/\/smago.de\/ws2\/wp-json\/wp\/v2\/comments?post=139054"}],"version-history":[{"count":1,"href":"https:\/\/smago.de\/ws2\/wp-json\/wp\/v2\/posts\/139054\/revisions"}],"predecessor-version":[{"id":139055,"href":"https:\/\/smago.de\/ws2\/wp-json\/wp\/v2\/posts\/139054\/revisions\/139055"}],"wp:featuredmedia":[{"embeddable":true,"href":"https:\/\/smago.de\/ws2\/wp-json\/wp\/v2\/media\/138986"}],"wp:attachment":[{"href":"https:\/\/smago.de\/ws2\/wp-json\/wp\/v2\/media?parent=139054"}],"wp:term":[{"taxonomy":"category","embeddable":true,"href":"https:\/\/smago.de\/ws2\/wp-json\/wp\/v2\/categories?post=139054"},{"taxonomy":"post_tag","embeddable":true,"href":"https:\/\/smago.de\/ws2\/wp-json\/wp\/v2\/tags?post=139054"}],"curies":[{"name":"wp","href":"https:\/\/api.w.org\/{rel}","templated":true}]}}