{"id":139014,"date":"2019-12-13T15:12:38","date_gmt":"2019-12-13T14:12:38","guid":{"rendered":"https:\/\/online.smago.de\/ws2\/?p=139014"},"modified":"2019-12-13T15:16:18","modified_gmt":"2019-12-13T14:16:18","slug":"stoppok-beruehrendes-video-zum-neuen-song-lass-sie-rein","status":"publish","type":"post","link":"https:\/\/smago.de\/ws2\/deutsch-rock\/stoppok-beruehrendes-video-zum-neuen-song-lass-sie-rein\/","title":{"rendered":"STOPPOK <br>Ber\u00fchrendes Video zum neuen Song \u201cLass sie rein\u201c!"},"content":{"rendered":"<p>Am 7. Februar 2020 erscheint im \u00dcbrigen sein neues Album &#8222;Juwel&#8220;!<br \/>\n<!--more--><\/p>\n<p>&nbsp;<\/p>\n<p>&nbsp;<\/p>\n<div style=\"text-align: justify;\">In einer Welt, in der es wieder salonf\u00e4hig geworden ist \u00fcber das Bauen von Mauern nachzudenken, bezieht\u00a0STOPPOK\u00a0mit seiner zweiten Auskopplung\u00a0&#8222;LASS SIE REIN&#8220;\u00a0klar Stellung f\u00fcr die Menschlichkeit. Und schl\u00e4gt damit einen Bogen zu den westlichen Werten, auf die wir uns gerade jetzt zur Weihnachtszeit wieder besinnen. In Kooperation mit\u00a0Sea-Watch\u00a0entstand zu dem Song ein Clip, der die Not von Fl\u00fcchtenden heute aber auch nach dem zweiten Weltkrieg oder in Zeiten der deutschen Teilung thematisiert und damit nachhaltig ber\u00fchrt. LASS SIE REIN als quasi moderne Version der Weihnachtsgeschichte ist damit eine zielsichere Klatsche gegen all die Separierer und Rechtspopulisten, Nationalisten und Rassisten die vor menschlicher Not die Augen verschlie\u00dfen<\/div>\n<div><\/div>\n<div><\/div>\n<div style=\"text-align: justify;\"><strong>STOPPOK zu\u00a0&#8222;LASS SIE REIN\u201c:<em>\u00a0<\/em><\/strong><em>\u201cIch bin fest davon \u00fcberzeugt, dass kein Mensch freiwillig seine Heimat verl\u00e4sst, sein Leben und das Leben seiner Kinder auf einer gef\u00e4hrlichen Fahrt \u00fcbers Mittelmeer aufs Spiel setzt, nur weil er sich etwas mehr Lebensqualit\u00e4t davon erhofft. So bl\u00f6d ist kein Mensch auf der Welt. Wenn jemand so etwas riskiert, dann ist er in elementarer Not und dann ist es unsere Aufgabe zu helfen. Wir k\u00f6nnen schon aus dem Grund nicht wegsehen, weil unser Wohlstand teilweise auf den Konflikten in den Krisengebieten basiert. Lasst uns Weihnachten richtig feiern!\u201c<\/em><\/div>\n<div><\/div>\n<div><\/div>\n<div style=\"text-align: justify;\">Am 07.02.2020 erscheint das Album \u201cJubel\u201c via Ground Sound. Momentan ist STOPPOK noch auf Solo-Tour, w\u00e4hrend f\u00fcr den M\u00e4rz 2020 zahlreiche Termine mit Live-Band anstehen.<\/div>\n<div><\/div>\n<div><\/div>\n<div><\/div>\n<div style=\"text-align: justify;\"><\/div>\n<div><\/div>\n<div style=\"text-align: justify;\"><\/div>\n<div style=\"text-align: justify;\"><strong><u>Solo<\/u><\/strong><\/div>\n<div><\/div>\n<div style=\"text-align: justify;\"><\/div>\n<div style=\"text-align: justify;\">13.12.19: Osnabr\u00fcck, Rosenhof<\/div>\n<div style=\"text-align: justify;\">14.12.19: Oldenburg, Kulturetage<\/div>\n<div style=\"text-align: justify;\">15.12.19: Gronau, Musikclub Turbine im rock&#8217;n&#8217;popmuseum<\/div>\n<div style=\"text-align: justify;\">17.12.19: Baden-Baden, Rantastic &#8211; Kopfh\u00f6rer Live<\/div>\n<div style=\"text-align: justify;\">18.12.19: Marburg, Kulturladen KFZ<\/div>\n<div style=\"text-align: justify;\">19.12.19: K\u00f6ln, Kulturkirche<\/div>\n<div style=\"text-align: justify;\">20.12.19: Trier, Tufa &#8211; Tuchfabrik<\/div>\n<div style=\"text-align: justify;\">21.12.19: Aachen, Franz<\/div>\n<div style=\"text-align: justify;\">22.12.19: Oberhausen, Zentrum Altenberg<\/div>\n<div style=\"text-align: justify;\">23.12.19: D\u00fcsseldorf, Savoy Theater<\/div>\n<div style=\"text-align: justify;\"><\/div>\n<div style=\"text-align: justify;\"><\/div>\n<div><\/div>\n<div><\/div>\n<div style=\"text-align: justify;\"><\/div>\n<div style=\"text-align: justify;\"><strong><u>Full-Band<\/u><\/strong><\/div>\n<div><\/div>\n<div style=\"text-align: justify;\"><\/div>\n<div style=\"text-align: justify;\">04.03.20: Gelsenkirchen, Kaue<\/div>\n<div style=\"text-align: justify;\">05.03.20: Erfurt, HsD\/Gewerkschaftshaus<\/div>\n<div style=\"text-align: justify;\">06.03.20: Berlin, Kesselhaus in der Kulturbrauerei<\/div>\n<div style=\"text-align: justify;\">07.03.20: Leipzig, Anker<\/div>\n<div style=\"text-align: justify;\">08.03.20: Dresden, Reithalle Strasse E<\/div>\n<div style=\"text-align: justify;\">10.03.20: Freiburg im Breisgau, Jazzhaus<\/div>\n<div style=\"text-align: justify;\">11.03.20: Stuttgart, Theaterhaus<\/div>\n<div style=\"text-align: justify;\">12.03.20: Remchingen, Kulturhalle Remchingen<\/div>\n<div style=\"text-align: justify;\">13.03.20: M\u00fcnchen, Ampere\/Muffatwerk<\/div>\n<div style=\"text-align: justify;\">14.03.20: Frankfurt, Batschkapp<\/div>\n<div style=\"text-align: justify;\">15.03.20: Kreuztal, Eichener Hamer<\/div>\n<div style=\"text-align: justify;\">18.03.20: Wuppertal, LCB Live Club Barmen<\/div>\n<div style=\"text-align: justify;\">19.03.20: M\u00fcnster, Jovel Music Hall<\/div>\n<div style=\"text-align: justify;\">20.03.20: K\u00f6ln, Gloria-Theater<\/div>\n<div style=\"text-align: justify;\">21.03.20: Duisburg, Steinhof<\/div>\n<div style=\"text-align: justify;\">25.03.20: Unna, Kultur- &amp; Kommunikationszentrum Lindenbrauerei<\/div>\n<div style=\"text-align: justify;\">26.03.20: Wilhelmshaven, Kulturzentrum Pumpwerk<\/div>\n<div style=\"text-align: justify;\">27.03.20: Bremen, Schlachthof<\/div>\n<div style=\"text-align: justify;\">28.03.20: Hamburg, Fabrik<\/div>\n<div style=\"text-align: justify;\">29.03.20: Isernhagen, Blues Garage<b><\/b><\/div>\n<div style=\"text-align: justify;\"><\/div>\n<div><\/div>\n<div><\/div>\n<div><\/div>\n<div style=\"text-align: justify;\"><\/div>\n<div><strong>LINk.TIPPs<\/strong><\/div>\n<div><\/div>\n<div><\/div>\n<div><u><a href=\"http:\/\/www.stoppok.com\/\">www.stoppok.com<\/a>\u00a0<\/u><\/div>\n<div><u><a href=\"https:\/\/www.facebook.com\/Stoppok.de\">www.facebook.com\/Stoppok.de<\/a><\/u><\/div>\n<div><\/div>\n<div><\/div>\n<div><\/div>\n<div><iframe loading=\"lazy\" src=\"\/\/www.youtube.com\/embed\/RdNNYThf00c\" width=\"560\" height=\"314\" allowfullscreen=\"allowfullscreen\"><\/iframe><\/div>\n","protected":false},"excerpt":{"rendered":"<p>Am 7. Februar 2020 erscheint im \u00dcbrigen sein neues Album &#8222;Juwel&#8220;!<\/p>\n","protected":false},"author":2,"featured_media":139017,"comment_status":"open","ping_status":"closed","sticky":false,"template":"","format":"standard","meta":{"_FSMCFIC_featured_image_caption":"","_FSMCFIC_featured_image_nocaption":"","_FSMCFIC_featured_image_hide":""},"categories":[5],"tags":[1271],"acf":[],"_links":{"self":[{"href":"https:\/\/smago.de\/ws2\/wp-json\/wp\/v2\/posts\/139014"}],"collection":[{"href":"https:\/\/smago.de\/ws2\/wp-json\/wp\/v2\/posts"}],"about":[{"href":"https:\/\/smago.de\/ws2\/wp-json\/wp\/v2\/types\/post"}],"author":[{"embeddable":true,"href":"https:\/\/smago.de\/ws2\/wp-json\/wp\/v2\/users\/2"}],"replies":[{"embeddable":true,"href":"https:\/\/smago.de\/ws2\/wp-json\/wp\/v2\/comments?post=139014"}],"version-history":[{"count":5,"href":"https:\/\/smago.de\/ws2\/wp-json\/wp\/v2\/posts\/139014\/revisions"}],"predecessor-version":[{"id":139020,"href":"https:\/\/smago.de\/ws2\/wp-json\/wp\/v2\/posts\/139014\/revisions\/139020"}],"wp:featuredmedia":[{"embeddable":true,"href":"https:\/\/smago.de\/ws2\/wp-json\/wp\/v2\/media\/139017"}],"wp:attachment":[{"href":"https:\/\/smago.de\/ws2\/wp-json\/wp\/v2\/media?parent=139014"}],"wp:term":[{"taxonomy":"category","embeddable":true,"href":"https:\/\/smago.de\/ws2\/wp-json\/wp\/v2\/categories?post=139014"},{"taxonomy":"post_tag","embeddable":true,"href":"https:\/\/smago.de\/ws2\/wp-json\/wp\/v2\/tags?post=139014"}],"curies":[{"name":"wp","href":"https:\/\/api.w.org\/{rel}","templated":true}]}}