{"id":138336,"date":"2019-11-29T00:42:06","date_gmt":"2019-11-28T23:42:06","guid":{"rendered":"https:\/\/smago.de\/?p=138336"},"modified":"2019-11-29T00:42:49","modified_gmt":"2019-11-28T23:42:49","slug":"gil-ofarim-u-a-heute-29-11-2019-in-der-ndr-talk-show-zu-gast","status":"publish","type":"post","link":"https:\/\/smago.de\/ws2\/pop\/gil-ofarim-u-a-heute-29-11-2019-in-der-ndr-talk-show-zu-gast\/","title":{"rendered":"GIL OFARIM u.a. <br>Heute (29.11.2019) in der &#8222;NDR Talk Show&#8220; zu Gast!"},"content":{"rendered":"<p>NDR fernsehen + hr fernsehen, 22:00 Uhr &#8211; 00:00 Uhr! Bettina Tietjen und J\u00f6rg Pilawa begr\u00fc\u00dfen im Studio auf dem Messegel\u00e4nde in Hannover &#8230;:<br \/>\n<!--more--><\/p>\n<p>&nbsp;<\/p>\n<p>&nbsp;<\/p>\n<p>&nbsp;<\/p>\n<p><strong>Maren Kroymann, Kabarettistin<\/strong><\/p>\n<p style=\"text-align: justify;\">\n&#8222;Werde keine Tussi!&#8220;, diesen Wunsch ihrer Mutter setzt Maren Kroymann in die Tat um und wird eine der erfolgreichsten Kabarettistinnen Deutschlands. Anfang der 90er-Jahre bekommt sie als erste Frau im \u00f6ffentlich-rechtlichen Fernsehen ihre eigene Satiresendung. &#8222;Nachtschwester Kroymann&#8220; ist ein Mix aus Sketchen \u00fcber &#8222;starke Frauen&#8220; am Rande des Nervenzusammenbruchs und gesellschaftskritischem Stand-up-Kabarett vor Publikum. Kroymann polarisiert: viele Frauen biegen sich vor Lachen und viele M\u00e4nner sind verst\u00f6rt. Ihre aktuelle Satiresendung &#8222;Kroymann&#8220; in der ARD bekommt gleich zwei Mal in Folge, 2018 und 2019, den Grimme-Preis. Die Jurybegr\u00fcndungen heben Kroymanns Tempo, ihr Handwerk und ihr kom\u00f6diantisches Timing hervor: Hier werde &#8222;Haltung zu Unterhaltung&#8220;. Sie selbst kommentiert das so: &#8222;Jetzt kriegen wir den Preis &#8211; f\u00fcr eine feministische Sketchcomedy mit einer 68-j\u00e4hrigen Lesbe. Geht doch&#8220;. Am 05.12. l\u00e4uft eine aktuelle Folge &#8222;Kroymann&#8220; im Ersten.<\/p>\n<p>&nbsp;<\/p>\n<p>&nbsp;<\/p>\n<p><strong>Ayse Bosse, Trauerbegleiterin<\/strong><\/p>\n<p>&#8222;Mama, ich habe Angst, dass ich Opa vergesse&#8220;, sagt die Tochter von S\u00e4nger Axel Bosse im Alter von sieben Jahren nach dem Tod seines t\u00fcrkischen Schwiegervaters 2013. F\u00fcr Bosses Frau Ayse, die erfolgreich als Model und Schauspielerin arbeitet, ist das ein Wendepunkt im Leben. Laufsteg und Kameras interessierten sie nicht mehr, sie sucht nach einer lebenserf\u00fcllenden Aufgabe. Nach dem Tod ihres Vaters macht sie eine Ausbildung zur Trauerbegleiterin, gibt Trauer-Power-Workshops und schreibt B\u00fccher \u00fcber das Thema. &#8222;Der Tod geh\u00f6rt zum Leben&#8220; findet Ayse Bosse und so bringt sie vor allem trauernden Kindern und Jugendlichen bei, auf kreative Weise mit den dunklen Stunden im Leben umzugehen. Ihr Leitsatz: &#8222;Wenn wir unseren Kindern einen offenen Umgang mit Trauer vorleben, sind sie bestens vorbereitet auf Erfahrungen, vor denen wir sie nicht besch\u00fctzen k\u00f6nnen.&#8220;<\/p>\n<p>&nbsp;<\/p>\n<p>&nbsp;<\/p>\n<p><strong>Fernanda Brand\u00e3o, Moderatorin und Fitness-Expertin<\/strong><\/p>\n<p>Sie steht f\u00fcr hei\u00dfe Rhythmen, denn Fernanda Brand\u00e3o wird 2004 als S\u00e4ngerin der Latino-Formation &#8222;Hot Banditoz&#8220; bekannt. Die Fitnessexpertin und Entertainerin hat ihre Wurzeln in Brasilien; dort wird sie 1983 geboren und kommt im Alter von neun Jahren nach Hamburg. Gro\u00dfe Popularit\u00e4t erreicht sie 2011 an der Seite von Dieter Bohlen in der &#8222;DSDS&#8220;-Jury und zur Fu\u00dfball-WM 2014 in ihrer Heimat als Expertin f\u00fcr die ARD. Neben ihrer T\u00e4tigkeit als Moderatorin, unterst\u00fctzt sie mit ihrem Herzensprojekt &#8222;Children of the Forgotten&#8220; den Aufbau einer nachhaltigen Infrastruktur und die Bildungsf\u00f6rderung im Amazonasgebiet. Als ihr Gro\u00dfvater in ihren Armen stirbt, begibt sie sich auf die Suche nach ihren kulturellen Wurzeln. Ihre Erlebnisse und Eindr\u00fccke hat sie jetzt in dem Buch &#8222;Kaxinawa &#8211; Meine Reise zur\u00fcck zu mir: Auf der Suche nach meinen Wurzeln im brasilianischen Regenwald&#8220; ver\u00f6ffentlicht.<\/p>\n<p>&nbsp;<\/p>\n<p>&nbsp;<\/p>\n<p><strong>J\u00fcrgen Tarrach, Schauspieler<\/strong><\/p>\n<p>Er spielt in internationalen Produktionen wie dem James Bond &#8222;Casino Royale&#8220; oder der Romanverfilmung von Bernhard Schlinks &#8222;Der Vorleser&#8220;, aber auch im ARD-Tatort oder dem Landshut-Entf\u00fchrungsdrama &#8222;Mogadischu&#8220;. J\u00fcrgen Tarrach ist einer der markantesten Schauspieler der deutschen Film- und Theaterlandschaft. Seit 2018 ist er als Staatsanwalt im &#8222;Lissabon-Krimi&#8220; in der ARD zu sehen. Der portugiesische Drehort und die portugiesische Seele haben offenbar abgef\u00e4rbt, denn eine weitere &#8211; und genauso leidenschaftliche &#8211; Facette seines k\u00fcnstlerischen Schaffens zeigt er jetzt. Er singt! Portugiesische Fadomusik auf Deutsch! &#8222;Zum Gl\u00fcck traurig&#8220; hei\u00dft sein erstes musikalisches Werk, das gar nicht nur traurig klingt. In Begleitung von Klavier und Gitarre gibt er melancholische und heitere Lieder \u00fcber die Liebe und das Leben zum Besten.<\/p>\n<p>&nbsp;<\/p>\n<p>&nbsp;<\/p>\n<p><strong>Gil Ofarim, S\u00e4nger<\/strong><\/p>\n<p>Als Papa, S\u00e4nger, Musiker, Schauspieler und Synchronsprecher bezeichnet sich dieser Mann auf seiner Instagram-Seite und das passt definitiv nicht in die Zeile &#8222;Berufsbezeichnung&#8220; seines Personalausweises. Gil Ofarim, 37-j\u00e4hriges Multitalent, ist ein Hans Dampf in allen Entertainment-Gassen mit Hang zum Siegertreppchen. Vor wenigen Wochen singt er sich im ProSieben-Quotenhit &#8222;The Masked Singer&#8220; auf den zweiten Platz. 2017 siegt er durch legend\u00e4re Tanzauftritte in der RTL-Show &#8222;Let&#8217;s Dance&#8220;. Endlich hat auch das Warten der Fans ein Ende, die ihn als Musiker sch\u00e4tzen. Schon vor 20 Jahren hatte er Hits unter dem Namen &#8222;Gil&#8220;, wird zum Teenie-Schwarm, besonders wegen einer Foto-Love-Story in der &#8222;Bravo&#8220;. Er verkauft f\u00fcnf Millionen Tontr\u00e4ger. Jetzt kommt Gil mit einem neuen Album, zum ersten Mal komplett auf Deutsch. Das Thema: &#8222;Alles auf Hoffnung&#8220;! Den Titelsong widmet er seinem Vater Abi Ofarim, zu dem er eine sehr innige Beziehung hatte. Der israelische S\u00e4nger verstarb letztes Jahr nach langer Krankheit im Alter von 80 Jahren.<\/p>\n<p>&nbsp;<\/p>\n<p>&nbsp;<\/p>\n<p><strong>Andreas Englisch, Vatikan-Korrespondent<\/strong><\/p>\n<p>Wo der Papst ist, ist Andreas Englisch nicht weit. 1995 wird er als privilegierter Journalist an der Seite von Johannes Paul II. zum anerkannten Papst-Experten in den deutschen Medien. Liebevoll nennt man ihn auch das &#8222;Maschinengewehr Gottes&#8220;, denn ohne Punkt und Komma erz\u00e4hlt er Geschichten aus dem inneren, aus der geheimen, sagenumwobenen Welt des Vatikans. Und aus Rom, jener Stadt, in der er seit dem Ende der 80er-Jahre lebt. Dieser Stadt ist er auch pers\u00f6nlich sehr verbunden. Hier hat er seine Frau geheiratet und am Abend vor der Hochzeit im Kolosseum eine wilde Partynacht gefeiert. Auch an die vielen Rundg\u00e4nge durch die ewige Stadt mit seinem Sohn Leonardo, die Museen und die unz\u00e4hligen Sehensw\u00fcrdigkeiten, denkt er gern. In seinem aktuellen Buch &#8222;Mein Rom &#8211; Die Geheimnisse der Ewigen Stadt&#8220; erz\u00e4hlt Englisch spannend und unterhaltsam von kriegerischen und guten P\u00e4psten, von Leonardo da Vinci und Michelangelo, von Gladiatoren und Genies. Und alles so lebendig, als w\u00e4re er dabei gewesen.<\/p>\n","protected":false},"excerpt":{"rendered":"<p>NDR fernsehen + hr fernsehen, 22:00 Uhr &#8211; 00:00 Uhr! Bettina Tietjen und J\u00f6rg Pilawa begr\u00fc\u00dfen im Studio auf dem<\/p>\n","protected":false},"author":2,"featured_media":138337,"comment_status":"open","ping_status":"closed","sticky":false,"template":"","format":"standard","meta":{"_FSMCFIC_featured_image_caption":"","_FSMCFIC_featured_image_nocaption":"","_FSMCFIC_featured_image_hide":""},"categories":[27,128],"tags":[254],"acf":[],"_links":{"self":[{"href":"https:\/\/smago.de\/ws2\/wp-json\/wp\/v2\/posts\/138336"}],"collection":[{"href":"https:\/\/smago.de\/ws2\/wp-json\/wp\/v2\/posts"}],"about":[{"href":"https:\/\/smago.de\/ws2\/wp-json\/wp\/v2\/types\/post"}],"author":[{"embeddable":true,"href":"https:\/\/smago.de\/ws2\/wp-json\/wp\/v2\/users\/2"}],"replies":[{"embeddable":true,"href":"https:\/\/smago.de\/ws2\/wp-json\/wp\/v2\/comments?post=138336"}],"version-history":[{"count":2,"href":"https:\/\/smago.de\/ws2\/wp-json\/wp\/v2\/posts\/138336\/revisions"}],"predecessor-version":[{"id":138339,"href":"https:\/\/smago.de\/ws2\/wp-json\/wp\/v2\/posts\/138336\/revisions\/138339"}],"wp:featuredmedia":[{"embeddable":true,"href":"https:\/\/smago.de\/ws2\/wp-json\/wp\/v2\/media\/138337"}],"wp:attachment":[{"href":"https:\/\/smago.de\/ws2\/wp-json\/wp\/v2\/media?parent=138336"}],"wp:term":[{"taxonomy":"category","embeddable":true,"href":"https:\/\/smago.de\/ws2\/wp-json\/wp\/v2\/categories?post=138336"},{"taxonomy":"post_tag","embeddable":true,"href":"https:\/\/smago.de\/ws2\/wp-json\/wp\/v2\/tags?post=138336"}],"curies":[{"name":"wp","href":"https:\/\/api.w.org\/{rel}","templated":true}]}}