{"id":138256,"date":"2019-11-26T00:00:44","date_gmt":"2019-11-25T23:00:44","guid":{"rendered":"https:\/\/smago.de\/?p=138256"},"modified":"2019-11-25T23:31:14","modified_gmt":"2019-11-25T22:31:14","slug":"jeanette-biedermann-u-a-bres-wird-wieder-besinnlich-sing-meinen-song-die-weihnachtsparty","status":"publish","type":"post","link":"https:\/\/smago.de\/ws2\/pop\/jeanette-biedermann-u-a-bres-wird-wieder-besinnlich-sing-meinen-song-die-weihnachtsparty\/","title":{"rendered":"JEANETTE BIEDERMANN u.a. br>Es wird wieder &#8222;besinnlich&#8220;: &#8222;Sing meinen Song &#8211; Die Weihnachtsparty&#8220; &#8230;"},"content":{"rendered":"<p>&#8230; mit den Stars der sechsten Staffel &#8211; heute (26.11.2019), 20:15 Uhr, VOX!<br \/>\n<!--more--><\/p>\n<p>&nbsp;<\/p>\n<div class=\"text\" style=\"text-align: justify;\">\n<p>\u201eLasst uns mit Gl\u00fchwein ansto\u00dfen, Musik machen, auf das Jahr zur\u00fcckschauen und uns auf die Weihnachtszeit besinnen\u201c, freut sich Michael Patrick Kelly und er\u00f6ffnet damit \u201eSing meinen Song \u2013 Die Weihnachtsparty\u201c (26.11. um 20:15 Uhr bei VOX).<\/p>\n<\/div>\n<div class=\"text\" style=\"text-align: justify;\">\n<p>Der Gastgeber der Musik-Event-Reihe hat seine Musiker-Kollegen aus S\u00fcdafrika zu einem Wiedersehen in gem\u00fctlicher Atmosph\u00e4re eingeladen, um sich gemeinsam mit Milow, Wincent Weiss, Johannes Oerding, Alvaro Soler, Jeanette Biedermann und Jennifer Haben auf das Fest der Liebe einzustimmen und die liebsten Weihnachtshits zum Besten zu geben. Dabei schwelgen die K\u00fcnstler auch in Erinnerungen an ihre Zeit nach dem \u201eTauschkonzert\u201c, die von vielen gemeinsamen Konzertauftritten gepr\u00e4gt war, und sie erz\u00e4hlen, wie viel vom \u201eSing meinen Song\u201c-Zauber noch in ihnen steckt.<\/p>\n<\/div>\n<div class=\"text\" style=\"text-align: justify;\">\n<p><strong>Auf Neuinterpretationen u.a. dieser Weihnachtssongs darf sich der Zuschauer freuen:\u00a0<\/strong><\/p>\n<\/div>\n<div class=\"text\" style=\"text-align: justify;\">\n<p><strong>Alvaro Soler \u2013 \u201eIt&#8217;s beginning to look a lot like Christmas\u201c\u00a0<\/strong><\/p>\n<p>\u201eWir sind nicht hier, um einen Preis zu gewinnen. Wir sind hier, um ein sch\u00f6nes Ambiente zu schaffen\u201c, k\u00fcndigt Alvaro gleich zu Beginn an und hat sich f\u00fcr den Titel \u201eIt\u2019s beginning to look a lot like Christmas\u201c entschieden. \u201eDas Sch\u00f6ne an Weihnachten ist, dass es nicht nur einen Tag umfasst, sondern fast einen ganzen Monat lang stattfindet. Der Song spiegelt diese Magie vom Anfang der Weihnachtszeit bis hin zum 24. Dezember wider.\u201c<\/p>\n<\/div>\n<div class=\"text\" style=\"text-align: justify;\">\n<p><strong>Wincent Weiss \u2013 \u201eFr\u00f6hliche Weihnachten\u201c\u00a0<\/strong><\/p>\n<p>Bevor Wincent Weiss den Song \u201eFr\u00f6hliche Weihnachten\u201c vom kleinen Drachen Tabaluga performt, gibt er noch eine weihnachtliche Anekdote zum Besten: \u201eAm 23. Dezember haben wir immer ein Klassentreffen. Vor drei Jahren waren wir auf einer Eisbahn, auf der ich nackt rumgeschlittert bin. Irgendwie bin ich dann nackt im Auto eingeschlafen und meine Mutter musste mich am 24. Dezember von der Polizeistation abholen.\u201c<\/p>\n<\/div>\n<div class=\"text\" style=\"text-align: justify;\">\n<p><strong>Johannes Oerding &amp; Michael Patrick Kelly \u2013 \u201eHoffnung \/ Hope\u201c\u00a0<\/strong><\/p>\n<p>Dass Johannes Oerding und Michael Patrick Kelly gemeinsam den Song \u201eHope\u201c singen, freut nicht nur Alvaro: \u201eDas ist einer der besten Songs dieser Staffel!\u201c Michael Patrick hatte den Wunsch, aus seinem Song zusammen mit Johannes eine deutsch-englische Version zu machen. \u201eEs hat eine verbindende Kraft, wenn zwei Sprachen in einem Song sind. Manchmal kann das verwirren, aber bei dem Song ist es so klar, wor\u00fcber wir singen, dass es Sinn macht. Dadurch bekommt der Song etwas Grenz\u00fcbergreifendes und Umarmendes\u201c, so der Singer-Songwriter.<\/p>\n<\/div>\n<div class=\"text\">\n<p style=\"text-align: justify;\"><strong>Michael Patrick Kelly \u2013 \u201eIf I Should Fall Behind\u201c\u00a0<\/strong><\/p>\n<p style=\"text-align: justify;\">Den\u00a0Abschluss der \u201eWeihnachtsparty\u201c bildet Michael Patrick Kelly mit dem Song \u201eIf I Should Fall Behind\u201c. \u201eIn dem Lied geht es darum, dass man in einer Beziehung oder in einer Freundschaft auf den anderen wartet, wenn einer zur\u00fcckbleibt, und immer f\u00fcr ihn da ist. Ich singe dieses Lied heute Abend f\u00fcr diese sechs wunderbaren Menschen, die mir im Laufe der Zeit sehr ans Herz gewachsen sind. Heute ist unser letzter gemeinsamer Abend und ich w\u00fcnsche mir, dass wir uns die n\u00e4chsten Jahre nicht aus den Augen verlieren werden und aufeinander warten, wenn einer zur\u00fcckf\u00e4llt, und immer f\u00fcreinander da sind.\u201c<\/p>\n<p style=\"text-align: justify;\">Wie die Weihnachtshits von den \u201eSing meinen Song\u201c-K\u00fcnstlern klingen, zeigt VOX am Dienstag, 26.11. um 20:15 Uhr in \u201eSing meinen Song \u2013 Die Weihnachtsparty\u201c.<\/p>\n<p style=\"text-align: justify;\">Das Album zur Sendung, \u201eSing meinen Song \u2013 Die Weihnachtsparty (Vol. 6)\u201c, ist ab dem 26.11. \u00fcberall im Handel erh\u00e4ltlich und jetzt schon als CD oder Download vorbestellbar.<\/p>\n<p style=\"text-align: justify;\">Wer \u201eSing meinen Song \u2013 Die Weihnachtsparty\u201c am 26.11. bei VOX verpasst, kann die Folge noch 7 Tage nach Ausstrahlung kostenlos bei TVNOW.de abrufen. Am Freitag (13.12.) um 20:15 Uhr zeigt VOXup au\u00dferdem eine Wiederholung der Sendung.<\/p>\n<p style=\"text-align: justify;\">Im Fr\u00fchjahr 2020 geht \u201eSing meinen Song \u2013 Das Tauschkonzert\u201c in die siebte Runde.<\/p>\n<\/div>\n","protected":false},"excerpt":{"rendered":"<p>&#8230; mit den Stars der sechsten Staffel &#8211; heute (26.11.2019), 20:15 Uhr, VOX!<\/p>\n","protected":false},"author":2,"featured_media":138257,"comment_status":"open","ping_status":"closed","sticky":false,"template":"","format":"standard","meta":{"_FSMCFIC_featured_image_caption":"","_FSMCFIC_featured_image_nocaption":"","_FSMCFIC_featured_image_hide":""},"categories":[27,28,128],"tags":[663],"acf":[],"_links":{"self":[{"href":"https:\/\/smago.de\/ws2\/wp-json\/wp\/v2\/posts\/138256"}],"collection":[{"href":"https:\/\/smago.de\/ws2\/wp-json\/wp\/v2\/posts"}],"about":[{"href":"https:\/\/smago.de\/ws2\/wp-json\/wp\/v2\/types\/post"}],"author":[{"embeddable":true,"href":"https:\/\/smago.de\/ws2\/wp-json\/wp\/v2\/users\/2"}],"replies":[{"embeddable":true,"href":"https:\/\/smago.de\/ws2\/wp-json\/wp\/v2\/comments?post=138256"}],"version-history":[{"count":2,"href":"https:\/\/smago.de\/ws2\/wp-json\/wp\/v2\/posts\/138256\/revisions"}],"predecessor-version":[{"id":138259,"href":"https:\/\/smago.de\/ws2\/wp-json\/wp\/v2\/posts\/138256\/revisions\/138259"}],"wp:featuredmedia":[{"embeddable":true,"href":"https:\/\/smago.de\/ws2\/wp-json\/wp\/v2\/media\/138257"}],"wp:attachment":[{"href":"https:\/\/smago.de\/ws2\/wp-json\/wp\/v2\/media?parent=138256"}],"wp:term":[{"taxonomy":"category","embeddable":true,"href":"https:\/\/smago.de\/ws2\/wp-json\/wp\/v2\/categories?post=138256"},{"taxonomy":"post_tag","embeddable":true,"href":"https:\/\/smago.de\/ws2\/wp-json\/wp\/v2\/tags?post=138256"}],"curies":[{"name":"wp","href":"https:\/\/api.w.org\/{rel}","templated":true}]}}