{"id":138245,"date":"2019-11-26T00:00:16","date_gmt":"2019-11-25T23:00:16","guid":{"rendered":"https:\/\/smago.de\/?p=138245"},"modified":"2019-11-25T22:07:38","modified_gmt":"2019-11-25T21:07:38","slug":"beatrice-egli-eloy-de-jong-tolle-quoten-werte-fuer-ich-find-schlager-toll-3-4-bei-rtl-plus","status":"publish","type":"post","link":"https:\/\/smago.de\/ws2\/schlager\/beatrice-egli-eloy-de-jong-tolle-quoten-werte-fuer-ich-find-schlager-toll-3-4-bei-rtl-plus\/","title":{"rendered":"BEATRICE EGLI &#8211; ELOY DE JONG <br>Tolle Quoten-Werte f\u00fcr &#8222;Ich find&#8216; Schlager toll&#8220; (3\/4) bei RTL plus!"},"content":{"rendered":"<p>Unter den Experten: Uwe H\u00fcbner, der uns HIER einige exklusive Einblicke gew\u00e4hrt &#8230;:<br \/>\n<!--more--><\/p>\n<p>&nbsp;<\/p>\n<p style=\"text-align: justify;\">Die von BEATRICE EGLI und ELOY DE JONG pr\u00e4sentierte Ranking-Showreihe &#8222;Ich find&#8216; Schlager toll&#8220; entwickelt sich zu einem tollen Publikumserfolg. Daran alles andere als unbeteiligt sind die Experten\u00a0Ireen Sheer, Bernhard Brink, J\u00fcrgen Drews, Anna-Maria Zimmermann, Marie Wegener und &#8211; last but not least &#8211; Uwe H\u00fcbner.<\/p>\n<p>Am vergangenen Mittwoch (20.11.2019) wurden &#8222;Die beliebtesten Schlagers\u00e4nger&#8220; pr\u00e4sentiert.<\/p>\n<p style=\"text-align: justify;\">Uwe H\u00fcbner merkte am Donnerstag (21.10.2019) auf seiner Facebook-Seite an: &#8222;519.000 haben gestern Abend zugeschaut. In der Wiederholung kamen noch einige dazu. Gratulation an RTL plus. Und Kompliment an den Autor. Denn seine Schnitte, wie er uns Statement-Geber eingearbeitet hat, ist sehr intelligent, dadurch echt unterhaltsam und \u201eletztendlich\u201c (wohl ein neues Lieblingswort von mir\u00a0<span class=\"_5mfr\"><span class=\"_6qdm\">&#x1f604;<\/span><\/span>) rundum fair gemacht. Freue mich auf Folge vier.&#8220; ((Folge 4 wird am morgigen Mittwoch, den 27.11.2019 ausgestrahlt.))<\/p>\n<p>In einem weiteren Kommentar verriet Uwe H\u00fcbner: &#8222;Wir, die wir unsere Statements gegeben haben, wussten damals nicht, welcher K\u00fcnstler \/ Song wo im Ranking steht.&#8220;<\/p>\n<p>Gegen\u00fcber <em>smago!<\/em>\u00a0\u00e4u\u00dferte sich Uwe H\u00fcbner hierzu wie folgt: &#8222;Ich muss es soweit revidieren, dass ich (!) es nicht wusste. Vielleicht die anderen ??? &#8211; Das kann ich nat\u00fcrlich nicht beurteilen. Aber das war bei den Fragen des Autors auch unwichtig. Es ging ganz einfach darum, was uns zu den jeweiligen K\u00fcnstlern \/ Songs einf\u00e4llt &#8211; wie wir sie bewerten. M.E. ist das immer so. Also zumindestens war es immer so, wenn ich bei dieser Art Sendung mitgewirkt habe. Man will ja die Spannung erhalten und auch nicht, dass wir etwas &#8218;ausplaudern&#8216; k\u00f6nnten\u2026 ;-)&#8220;<\/p>\n<figure id=\"attachment_137504\" aria-describedby=\"caption-attachment-137504\" style=\"width: 522px\" class=\"wp-caption alignnone\"><img decoding=\"async\" loading=\"lazy\" class=\"size-full wp-image-137504\" src=\"https:\/\/online.smago.de\/ws2\/wp-content\/uploads\/2019\/11\/1641740-1.jpg\" alt=\"\" width=\"522\" height=\"294\" srcset=\"https:\/\/smago.de\/ws2\/wp-content\/uploads\/2019\/11\/1641740-1.jpg 522w, https:\/\/smago.de\/ws2\/wp-content\/uploads\/2019\/11\/1641740-1-266x150.jpg 266w, https:\/\/smago.de\/ws2\/wp-content\/uploads\/2019\/11\/1641740-1-292x164.jpg 292w, https:\/\/smago.de\/ws2\/wp-content\/uploads\/2019\/11\/1641740-1-435x245.jpg 435w\" sizes=\"(max-width: 522px) 100vw, 522px\" \/><figcaption id=\"caption-attachment-137504\" class=\"wp-caption-text\">Foto-Credit: TVNOW<\/figcaption><\/figure>\n","protected":false},"excerpt":{"rendered":"<p>Unter den Experten: Uwe H\u00fcbner, der uns HIER einige exklusive Einblicke gew\u00e4hrt &#8230;:<\/p>\n","protected":false},"author":2,"featured_media":137507,"comment_status":"open","ping_status":"closed","sticky":false,"template":"","format":"standard","meta":{"_FSMCFIC_featured_image_caption":"","_FSMCFIC_featured_image_nocaption":"","_FSMCFIC_featured_image_hide":""},"categories":[29],"tags":[525],"acf":[],"_links":{"self":[{"href":"https:\/\/smago.de\/ws2\/wp-json\/wp\/v2\/posts\/138245"}],"collection":[{"href":"https:\/\/smago.de\/ws2\/wp-json\/wp\/v2\/posts"}],"about":[{"href":"https:\/\/smago.de\/ws2\/wp-json\/wp\/v2\/types\/post"}],"author":[{"embeddable":true,"href":"https:\/\/smago.de\/ws2\/wp-json\/wp\/v2\/users\/2"}],"replies":[{"embeddable":true,"href":"https:\/\/smago.de\/ws2\/wp-json\/wp\/v2\/comments?post=138245"}],"version-history":[{"count":2,"href":"https:\/\/smago.de\/ws2\/wp-json\/wp\/v2\/posts\/138245\/revisions"}],"predecessor-version":[{"id":138247,"href":"https:\/\/smago.de\/ws2\/wp-json\/wp\/v2\/posts\/138245\/revisions\/138247"}],"wp:featuredmedia":[{"embeddable":true,"href":"https:\/\/smago.de\/ws2\/wp-json\/wp\/v2\/media\/137507"}],"wp:attachment":[{"href":"https:\/\/smago.de\/ws2\/wp-json\/wp\/v2\/media?parent=138245"}],"wp:term":[{"taxonomy":"category","embeddable":true,"href":"https:\/\/smago.de\/ws2\/wp-json\/wp\/v2\/categories?post=138245"},{"taxonomy":"post_tag","embeddable":true,"href":"https:\/\/smago.de\/ws2\/wp-json\/wp\/v2\/tags?post=138245"}],"curies":[{"name":"wp","href":"https:\/\/api.w.org\/{rel}","templated":true}]}}