{"id":138242,"date":"2019-11-26T00:00:18","date_gmt":"2019-11-25T23:00:18","guid":{"rendered":"https:\/\/smago.de\/?p=138242"},"modified":"2019-11-25T21:58:46","modified_gmt":"2019-11-25T20:58:46","slug":"carmen-nebel-alle-informationen-zu-ihrer-sendung-die-schoensten-weihnachtshits-zugunsten-von-brot-fuer-die-welt-und-misereor","status":"publish","type":"post","link":"https:\/\/smago.de\/ws2\/schlager\/carmen-nebel-alle-informationen-zu-ihrer-sendung-die-schoensten-weihnachtshits-zugunsten-von-brot-fuer-die-welt-und-misereor\/","title":{"rendered":"CARMEN NEBEL <br>Alle Informationen zu ihrer Sendung &#8222;Die sch\u00f6nsten Weihnachtshits&#8220; zugunsten von \u201eBrot f\u00fcr die Welt\u201c und MISEREOR&#8220;!"},"content":{"rendered":"<p>Die Sendung wird am 04.12.2019 live aus den\u00a0Bavaria Studios (Studio 9) in Geiselgasteig (M\u00fcnchen) \u00fcbertragen!<br \/>\n<!--more--><\/p>\n<p style=\"text-align: justify;\">\n<p>&nbsp;<\/p>\n<div>\n<p class=\"\" style=\"text-align: justify;\">CARMEN NEBEL pr\u00e4sentiert die gro\u00dfe Benefizgala &#8222;Die sch\u00f6nsten Weihnachts-Hits&#8220; zugunsten von &#8222;Brot f\u00fcr die Welt&#8220; und &#8222;Misereor\u201c live im ZDF. Der besondere vorweihnachtliche Event wird auch in diesem Jahr wieder von vielen Prominenten unterst\u00fctzt.\u00a0Wencke Myhre, Beatrice Egli, Kerstin Ott, Ella Endlich, Isabel Varell, und viele andere stimmen musikalisch auf das bevorstehende Weihnachtsfest ein.<br class=\"\" \/><br class=\"\" \/>Seit vielen Jahren unterst\u00fctzt das ZDF die beiden christlichen Hilfsorganisationen &#8222;Brot f\u00fcr die Welt&#8220; und &#8222;Misereor&#8220;, und auch in diesem Jahr werden wieder viele prominente G\u00e4ste am Spendentelefon sitzen und mithelfen die Not der \u00e4rmsten der Armen in Afrika, Asien und S\u00fcdamerika zu lindern.<\/p>\n<div style=\"text-align: justify;\"><\/div>\n<div style=\"text-align: justify;\"><\/div>\n<div><\/div>\n<div class=\"\"><b class=\"\">Musikalische G\u00e4ste:<\/b><\/div>\n<div><\/div>\n<div class=\"\"><b class=\"\">\u00a0<\/b><\/div>\n<div class=\"\">\u2022 Kerstin Ott<\/div>\n<div class=\"\">\u2022 Beatrice Egli<\/div>\n<div class=\"\">\u2022 Bonnie Tyler<\/div>\n<div class=\"\">\u2022 Wencke Myhre<\/div>\n<div class=\"\">\u2022 Francine Jordi<\/div>\n<div class=\"\">\u2022 Isabel Varell<\/div>\n<div class=\"\">\u2022 Ella Endlich<\/div>\n<div class=\"\">\u2022 Alex Christensen feat. Thomas Anders<\/div>\n<div class=\"\">\u2022 Angelo Kelly &amp; Family<\/div>\n<div class=\"\">\u2022 Alpin KG<\/div>\n<div class=\"\">\u2022 Eloy de Jong<\/div>\n<\/div>\n<div><\/div>\n<div><\/div>\n<div><\/div>\n<div><\/div>\n<div><span class=\"\"><br class=\"\" \/><b class=\"\">G\u00e4ste im prominent besetzen Spendenpanel:<\/b><\/span><\/div>\n<div>\n<p><span class=\"\"><br class=\"\" \/><br class=\"\" \/><\/span><\/p>\n<div class=\"\">\u2022 Moderatorin\u00a0Sandra Maria Gronewald<\/div>\n<div class=\"\">\u2022 die Bares f\u00fcr Rares-H\u00e4ndler\u00a0Fabian Kahl\u00a0und\u00a0Walter Lehnertz<\/div>\n<div class=\"\">\u2022 die Tennisstars\u00a0Carl-Uwe\u00a0\u201eCharly\u201c\u00a0Steeb\u00a0und\u00a0Andrea Petkovic<\/div>\n<div class=\"\">\u2022 Schwimmstar\u00a0Sandra V\u00f6lker<\/div>\n<div class=\"\">\u2022 ZDF-Wetterexpertin\u00a0Dr. Katja Horneffer<\/div>\n<div class=\"\">\u2022 Skisprung-Legende\u00a0Dieter Thoma<\/div>\n<div class=\"\">\u2022 Ehemalige Bundestrainerin der\u00a0Deutschen Frauen-Fu\u00dfballnationalmannschaft\u00a0Silvia Neid<\/div>\n<div class=\"\">\u2022 Starkoch\u00a0Alfons Schuhbeck<\/div>\n<div class=\"\">\u2022 die Schauspielerinnen\u00a0Michaela May,\u00a0Barbara Wussow\u00a0und\u00a0Marianne S\u00e4gebrecht<\/div>\n<\/div>\n","protected":false},"excerpt":{"rendered":"<p>Die Sendung wird am 04.12.2019 live aus den\u00a0Bavaria Studios (Studio 9) in Geiselgasteig (M\u00fcnchen) \u00fcbertragen!<\/p>\n","protected":false},"author":2,"featured_media":123216,"comment_status":"open","ping_status":"closed","sticky":false,"template":"","format":"standard","meta":{"_FSMCFIC_featured_image_caption":"","_FSMCFIC_featured_image_nocaption":"","_FSMCFIC_featured_image_hide":""},"categories":[29,39,128],"tags":[325],"acf":[],"_links":{"self":[{"href":"https:\/\/smago.de\/ws2\/wp-json\/wp\/v2\/posts\/138242"}],"collection":[{"href":"https:\/\/smago.de\/ws2\/wp-json\/wp\/v2\/posts"}],"about":[{"href":"https:\/\/smago.de\/ws2\/wp-json\/wp\/v2\/types\/post"}],"author":[{"embeddable":true,"href":"https:\/\/smago.de\/ws2\/wp-json\/wp\/v2\/users\/2"}],"replies":[{"embeddable":true,"href":"https:\/\/smago.de\/ws2\/wp-json\/wp\/v2\/comments?post=138242"}],"version-history":[{"count":2,"href":"https:\/\/smago.de\/ws2\/wp-json\/wp\/v2\/posts\/138242\/revisions"}],"predecessor-version":[{"id":138244,"href":"https:\/\/smago.de\/ws2\/wp-json\/wp\/v2\/posts\/138242\/revisions\/138244"}],"wp:featuredmedia":[{"embeddable":true,"href":"https:\/\/smago.de\/ws2\/wp-json\/wp\/v2\/media\/123216"}],"wp:attachment":[{"href":"https:\/\/smago.de\/ws2\/wp-json\/wp\/v2\/media?parent=138242"}],"wp:term":[{"taxonomy":"category","embeddable":true,"href":"https:\/\/smago.de\/ws2\/wp-json\/wp\/v2\/categories?post=138242"},{"taxonomy":"post_tag","embeddable":true,"href":"https:\/\/smago.de\/ws2\/wp-json\/wp\/v2\/tags?post=138242"}],"curies":[{"name":"wp","href":"https:\/\/api.w.org\/{rel}","templated":true}]}}