{"id":138062,"date":"2019-11-21T00:00:15","date_gmt":"2019-11-20T23:00:15","guid":{"rendered":"https:\/\/smago.de\/?p=138062"},"modified":"2019-11-20T22:56:22","modified_gmt":"2019-11-20T21:56:22","slug":"wer-weiss-denn-sowas-wer-weiss-denn-sowas-feiert-die-500-folge-im-ersten","status":"publish","type":"post","link":"https:\/\/smago.de\/ws2\/smago-informiert\/wer-weiss-denn-sowas-wer-weiss-denn-sowas-feiert-die-500-folge-im-ersten\/","title":{"rendered":"&#8222;WER WEI\u00df DENN SOWAS?&#8220; <br>\u201eWer wei\u00df denn sowas?\u201c feiert die 500. Folge im Ersten!"},"content":{"rendered":"<p>Sendetermin: Samstag, 23.11.2019, 20:15 Uhr, Das Erste \/ ARD!<br \/>\n<!--more--><\/p>\n<p>&nbsp;<\/p>\n<p style=\"text-align: justify;\">\n<p style=\"text-align: justify;\">Moderator Kai Pflaume und sein Rateteam feiern die 500. Ausgabe von \u201eWer wei\u00df denn sowas?\u201c &#8211; mit einer gro\u00dfen Jubil\u00e4umsausgabe um 20.15 Uhr im Ersten. Als G\u00e4ste der190-min\u00fctigen Sendung werden in ihren Duellen Emilia Sch\u00fcle gegen Maria Furtw\u00e4ngler, Adele Neuhauser gegen Harald Krassnitzer und Dieter Hallervorden gegen Ralf Schmitz alles geben, um an der Seite der Teamchefs Bernhard Ho\u00ebcker und Elton den Sieg und damit 50.000 Euro f\u00fcr einen guten Zweck ihrer Wahl zu erspielen. Auch in der 500. Ausgabe des unglaublichen Wissensquiz\u2018 k\u00f6nnen sich die \u201eWer wei\u00df denn sowas?\u201c-Zuschauerinnen und Zuschauer darauf verlassen, dass verbl\u00fcffende L\u00f6sungen auf knifflige Fragen mit spektakul\u00e4ren Live-Experimenten im Studio erkl\u00e4rt werden.<\/p>\n<p style=\"text-align: justify;\">\n<p style=\"text-align: justify;\"><strong>Kai Pflaume<\/strong>: \u201eSchon die 500. Folge? Ich kann es gar nicht glauben. Die Sendung und die Zusammenarbeit mit Bernhard und Elton macht so viel Spa\u00df, dass ich immer wieder Angst habe, dass uns Urlaubstage daf\u00fcr abgerechnet werden. Wenn man so arbeiten kann, ist das ein gro\u00dfes Geschenk.\u201c<\/p>\n<p style=\"text-align: justify;\">\n<p style=\"text-align: justify;\"><strong>Frank Beckmann<\/strong>, Programmdirektor NDR Fernsehen: \u201eVier Rekordstaffeln in Folge und t\u00e4glich mehr als 3,5 Millionen Fans: ganz herzliche Gl\u00fcckw\u00fcnsche an Kai Pflaume und sein Team zur 500. Ausgabe der erfolgreichsten Rateshow im deutschen Fernsehen \u2013 auf viele weitere Jubil\u00e4umsfolgen!\u201c<\/p>\n<p style=\"text-align: justify;\">\n<p style=\"text-align: justify;\">\u201eWer wei\u00df denn sowas?\u201c geh\u00f6rt seit der ersten Folge am 6. Juli 2015 zu den Zuschauermagneten am Vorabend im Ersten. Derzeit l\u00e4uft die f\u00fcnfte Staffel \u2013 montags bis freitags um 18.00 Uhr \u2013 und erreicht immer neue Rekorde: Die Ausgabe am 18. November war mit 3,82 Millionen Zuschauerinnen und Zuschauern (18,3 Prozent Marktanteil) die besteingeschaltete Folge der aktuellen Staffel. Die im Mai 2019 zu Ende gegangene vierte Staffel war mit durchschnittlich 3,38 Millionen Zuschauerinnen und Zuschauern (17,4 Prozent Marktanteil) die erfolgreichste bisher. Und die extralange Ausgabe \u201eWer wei\u00df denn sowas XXL\u201c im Hauptabendprogramm des Ersten kommt auf bis zu 6,67 Millionen Zuschauerinnen und Zuschauer.<\/p>\n<p style=\"text-align: justify;\">\n<p style=\"text-align: justify;\">\u201eWer wei\u00df denn sowas?\u201c ist eine Produktion der UFA SHOW &amp; FACTUAL GmbH im Auftrag der ARD-Werbung f\u00fcr Das Erste. Die Redaktion liegt beim Norddeutschen Rundfunk.<\/p>\n","protected":false},"excerpt":{"rendered":"<p>Sendetermin: Samstag, 23.11.2019, 20:15 Uhr, Das Erste \/ ARD!<\/p>\n","protected":false},"author":2,"featured_media":132850,"comment_status":"open","ping_status":"closed","sticky":false,"template":"","format":"standard","meta":{"_FSMCFIC_featured_image_caption":"","_FSMCFIC_featured_image_nocaption":"","_FSMCFIC_featured_image_hide":""},"categories":[33,128],"tags":[285],"acf":[],"_links":{"self":[{"href":"https:\/\/smago.de\/ws2\/wp-json\/wp\/v2\/posts\/138062"}],"collection":[{"href":"https:\/\/smago.de\/ws2\/wp-json\/wp\/v2\/posts"}],"about":[{"href":"https:\/\/smago.de\/ws2\/wp-json\/wp\/v2\/types\/post"}],"author":[{"embeddable":true,"href":"https:\/\/smago.de\/ws2\/wp-json\/wp\/v2\/users\/2"}],"replies":[{"embeddable":true,"href":"https:\/\/smago.de\/ws2\/wp-json\/wp\/v2\/comments?post=138062"}],"version-history":[{"count":1,"href":"https:\/\/smago.de\/ws2\/wp-json\/wp\/v2\/posts\/138062\/revisions"}],"predecessor-version":[{"id":138063,"href":"https:\/\/smago.de\/ws2\/wp-json\/wp\/v2\/posts\/138062\/revisions\/138063"}],"wp:featuredmedia":[{"embeddable":true,"href":"https:\/\/smago.de\/ws2\/wp-json\/wp\/v2\/media\/132850"}],"wp:attachment":[{"href":"https:\/\/smago.de\/ws2\/wp-json\/wp\/v2\/media?parent=138062"}],"wp:term":[{"taxonomy":"category","embeddable":true,"href":"https:\/\/smago.de\/ws2\/wp-json\/wp\/v2\/categories?post=138062"},{"taxonomy":"post_tag","embeddable":true,"href":"https:\/\/smago.de\/ws2\/wp-json\/wp\/v2\/tags?post=138062"}],"curies":[{"name":"wp","href":"https:\/\/api.w.org\/{rel}","templated":true}]}}