{"id":137995,"date":"2019-11-16T10:22:10","date_gmt":"2019-11-16T09:22:10","guid":{"rendered":"https:\/\/smago.de\/?p=137995"},"modified":"2019-11-16T10:22:10","modified_gmt":"2019-11-16T09:22:10","slug":"smago-informiert-ard-und-zdf-vernetzen-sich-digital","status":"publish","type":"post","link":"https:\/\/smago.de\/ws2\/smago-informiert\/smago-informiert-ard-und-zdf-vernetzen-sich-digital\/","title":{"rendered":"smago! INFORMIERT <br>ARD und ZDF vernetzen sich digital!"},"content":{"rendered":"<p>Insgesamt haben die Sender \u00fcber 200 Formate und Suchbegriffe ausgetauscht &#8230;:<br \/>\n<!--more--><\/p>\n<p>&nbsp;<\/p>\n<p>&nbsp;<\/p>\n<p style=\"text-align: justify;\">ARD und ZDF treiben ihre digitale Zusammenarbeit voran. Ab Montag, 18. November 2019, 12.00 Uhr, verlinken beide Sender wechselseitig die Livestreams der Hauptprogramme ihrer Mediatheken. Au\u00dferdem vernetzen sie zentrale Inhalte. Wer k\u00fcnftig ZDF-Sendungen wie &#8222;Frontal 21&#8220; oder die &#8222;heute-show&#8220; bei der ARD sucht, wird mit einem Klick zum ZDF gef\u00fchrt. Umgekehrt funktioniert das Gleiche mit &#8222;Tagesschau&#8220;, &#8222;Weltspiegel&#8220; und anderen Titeln.<\/p>\n<p style=\"text-align: justify;\">Insgesamt haben die Sender \u00fcber 200 Formate und Suchbegriffe ausgetauscht. Die vernetzte Suche ist zun\u00e4chst nur im Browser-gest\u00fctzten Angebot verf\u00fcgbar, nicht in den Apps.<\/p>\n<p style=\"text-align: justify;\">&#8222;Wir wollen es f\u00fcr die Nutzer und Nutzerinnen so einfach wie m\u00f6glich machen: Mit einer direkten Suchverlinkung zwischen ZDFmediathek und ARD Mediathek f\u00fchren wir die Nutzerinnen und Nutzer zur gesuchten Sendung&#8220;, erkl\u00e4rt Benjamin Fischer, Leiter ARD Online.<\/p>\n<p style=\"text-align: justify;\">Eckart Gaddum, Online-Chef des ZDF, betont: &#8222;Die vernetzte Suche zwischen ARD und ZDF ist ein wichtiger Schritt in den nonlinearen, \u00f6ffentlich-rechtlichen Kosmos. Es wird ganz sicher nicht der Letzte sein\u2026&#8220;<\/p>\n<p style=\"text-align: justify;\">Beide Sender planen als n\u00e4chsten Schritt ein gemeinsames Login. Auch die Vernetzung mit \u00f6ffentlich-rechtlichen Partnerprogrammen wollen ARD und ZDF vorantreiben.<\/p>\n<p style=\"text-align: justify;\">\n","protected":false},"excerpt":{"rendered":"<p>Insgesamt haben die Sender \u00fcber 200 Formate und Suchbegriffe ausgetauscht &#8230;:<\/p>\n","protected":false},"author":2,"featured_media":137996,"comment_status":"open","ping_status":"closed","sticky":false,"template":"","format":"standard","meta":{"_FSMCFIC_featured_image_caption":"","_FSMCFIC_featured_image_nocaption":"","_FSMCFIC_featured_image_hide":""},"categories":[33,39],"tags":[798,60,135],"acf":[],"_links":{"self":[{"href":"https:\/\/smago.de\/ws2\/wp-json\/wp\/v2\/posts\/137995"}],"collection":[{"href":"https:\/\/smago.de\/ws2\/wp-json\/wp\/v2\/posts"}],"about":[{"href":"https:\/\/smago.de\/ws2\/wp-json\/wp\/v2\/types\/post"}],"author":[{"embeddable":true,"href":"https:\/\/smago.de\/ws2\/wp-json\/wp\/v2\/users\/2"}],"replies":[{"embeddable":true,"href":"https:\/\/smago.de\/ws2\/wp-json\/wp\/v2\/comments?post=137995"}],"version-history":[{"count":1,"href":"https:\/\/smago.de\/ws2\/wp-json\/wp\/v2\/posts\/137995\/revisions"}],"predecessor-version":[{"id":137997,"href":"https:\/\/smago.de\/ws2\/wp-json\/wp\/v2\/posts\/137995\/revisions\/137997"}],"wp:featuredmedia":[{"embeddable":true,"href":"https:\/\/smago.de\/ws2\/wp-json\/wp\/v2\/media\/137996"}],"wp:attachment":[{"href":"https:\/\/smago.de\/ws2\/wp-json\/wp\/v2\/media?parent=137995"}],"wp:term":[{"taxonomy":"category","embeddable":true,"href":"https:\/\/smago.de\/ws2\/wp-json\/wp\/v2\/categories?post=137995"},{"taxonomy":"post_tag","embeddable":true,"href":"https:\/\/smago.de\/ws2\/wp-json\/wp\/v2\/tags?post=137995"}],"curies":[{"name":"wp","href":"https:\/\/api.w.org\/{rel}","templated":true}]}}