{"id":137883,"date":"2019-11-15T00:00:46","date_gmt":"2019-11-14T23:00:46","guid":{"rendered":"https:\/\/smago.de\/?p=137883"},"modified":"2019-11-13T23:11:37","modified_gmt":"2019-11-13T22:11:37","slug":"mark-forster-florian-schroeder-u-a-heute-15-11-2019-in-der-talk-show-3nach9-zu-gast","status":"publish","type":"post","link":"https:\/\/smago.de\/ws2\/comedy\/mark-forster-florian-schroeder-u-a-heute-15-11-2019-in-der-talk-show-3nach9-zu-gast\/","title":{"rendered":"MARK FORSTER, FLORIAN SCHROEDER u.a. <br>Heute (15.11.2019) in der Talk-Show &#8222;3nach9&#8220; zu Gast!"},"content":{"rendered":"<p style=\"text-align: justify;\">&#8222;Unterhaltung zum Mitdenken.&#8220; \/\/ NDR fernsehen + hr fernsehen, 22:00 Uhr &#8211; 00:00 Uhr! Moderation: Judith Rakers und Giovanni di Lorenzo!<br \/>\n<!--more--><\/p>\n<p>&nbsp;<\/p>\n<p>&nbsp;<\/p>\n<p style=\"text-align: justify;\">Am Freitag, dem 15. November melden sich Judith Rakers und Giovanni di Lorenzo wie gewohnt um 22 Uhr im Dritten. Mit dabei sind folgende G\u00e4ste im Weserhaus von Radio Bremen: Ulrike Folkerts, Mark Forster, Kevin K\u00fchnert, Peter Wohlleben, Florian Schroeder, Eva-Maria Zurhorst und Matthias Brandt.<\/p>\n<h3 class=\"sub\" style=\"text-align: justify;\">Ulrike Folkerts \u2013 Schauspielerin<\/h3>\n<div style=\"text-align: justify;\">\n<div class=\"desc-klein-links\"><\/div>\n<\/div>\n<p style=\"text-align: justify;\">Kaum zu glauben: Schon seit 30 Jahren ermittelt Ulrike Folkerts als Lena Odenthal im &#8222;Tatort&#8220; aus Ludwigshafen, ist mittlerweile die dienst\u00e4lteste Kommissarin des Erfolgsformats. Bei 3nach9 gibt sie Einblicke hinter die Kulissen, erz\u00e4hlt, warum sie im wirklichen Leben niemals Polizistin geworden w\u00e4re und in welchen Situationen sich Lena Odenthal manchmal in ihr Leben schleicht.<\/p>\n<div style=\"text-align: justify;\"><\/div>\n<div style=\"text-align: justify;\"><\/div>\n<div style=\"text-align: justify;\"><\/div>\n<div style=\"text-align: justify;\"><\/div>\n<hr \/>\n<h3 class=\"sub\" style=\"text-align: justify;\">Mark Forster \u2013 Musiker<\/h3>\n<div style=\"text-align: justify;\">\n<div class=\"desc-klein-rechts\"><\/div>\n<\/div>\n<p style=\"text-align: justify;\">Er ist der Hit-Garant der deutschen Musikindustrie: Mark Forster. Kaum einer seiner Songs, der nicht in Dauerschleife in den Radiostationen rotiert. Ohne seinen Mut h\u00e4tte es der Rheinland-Pf\u00e4lzer nie so weit geschafft. Der studierte Betriebswirt traf auf einer sechsw\u00f6chigen Pilgerreise den Entschluss, sich ganz der Musik zu widmen.<\/p>\n<div style=\"text-align: justify;\"><\/div>\n<div style=\"text-align: justify;\"><\/div>\n<div style=\"text-align: justify;\"><\/div>\n<div style=\"text-align: justify;\"><\/div>\n<hr \/>\n<h3 class=\"sub\" style=\"text-align: justify;\">Kevin K\u00fchnert \u2013 Juso-Vorsitzender<\/h3>\n<div style=\"text-align: justify;\">\n<div class=\"desc-klein-links\"><\/div>\n<\/div>\n<p style=\"text-align: justify;\">&#8222;Politik ist brutal&#8220;, sagte Kevin K\u00fchnert k\u00fcrzlich \u00fcber sein Metier. Der Juso-Vorsitzende hat in den vergangenen Monaten f\u00fcr reichlich Schlagzeilen gesorgt, er ist meinungsstark und sorgt damit nicht bei allen Genossen f\u00fcr Euphorie. Warum der 30-J\u00e4hrige nicht f\u00fcr den SPD-Vorsitz kandidierte, was er an der Musik von Roland Kaiser sch\u00e4tzt und von seinen pers\u00f6nlichen Zukunftspl\u00e4nen erz\u00e4hlt K\u00fchnert bei 3nach9.<\/p>\n<div style=\"text-align: justify;\"><\/div>\n<hr \/>\n<h3 class=\"sub\" style=\"text-align: justify;\">Peter Wohlleben \u2013 F\u00f6rster<\/h3>\n<div style=\"text-align: justify;\">\n<div class=\"desc-klein-rechts\"><\/div>\n<\/div>\n<p style=\"text-align: justify;\">Eigentlich ist er F\u00f6rster in der Gemeinde Wershofen in der Eifel. Da er aber die komplexen Vorg\u00e4nge im Wald so anschaulich erz\u00e4hlen kann wie kaum ein anderer, ist er derzeit Deutschlands bekanntester F\u00f6rster: Peter Wohlleben. Wie es wirklich um unsere B\u00e4ume und Tiere im Wald bestellt ist und was wir Menschen tun m\u00fcssen, um die Natur zu sch\u00fctzen, erz\u00e4hlt der au\u00dfergew\u00f6hnliche Bestsellerautor bei 3nach9.<\/p>\n<div style=\"text-align: justify;\"><\/div>\n<div style=\"text-align: justify;\"><\/div>\n<div style=\"text-align: justify;\"><\/div>\n<div style=\"text-align: justify;\"><\/div>\n<hr \/>\n<h3 class=\"sub\" style=\"text-align: justify;\">Florian Schroeder \u2013 Kabarettist<\/h3>\n<div style=\"text-align: justify;\">\n<div class=\"desc-klein-links\"><\/div>\n<\/div>\n<p style=\"text-align: justify;\">Er ist ein Gesellschaftsbeobachter und hat sich mit dieser Gabe schon lange in die erste Liga der politischen Kabarettisten gespielt: Florian Schroeder. Sein erster Fernsehauftritt bei Harald Schmidt im Alter von 14 Jahren brachte dem ehemaligen Au\u00dfenseiter die ersehnte Anerkennung. Was er bei der Er\u00f6ffnung von M\u00f6belh\u00e4usern \u00fcber seinen Beruf gelernt hat und wie er den Zustand der Regierungsparteien einsch\u00e4tzt, berichtet Florian Schroeder \u2013 spitzz\u00fcngig wie immer \u2013 bei 3nach9.<\/p>\n<div style=\"text-align: justify;\"><\/div>\n<div style=\"text-align: justify;\"><\/div>\n<div style=\"text-align: justify;\"><\/div>\n<div style=\"text-align: justify;\"><\/div>\n<hr \/>\n<h3 class=\"sub\" style=\"text-align: justify;\">Eva-Maria Zurhorst \u2013 Paarberaterin<\/h3>\n<div style=\"text-align: justify;\">\n<div class=\"desc-klein-rechts\"><\/div>\n<\/div>\n<p style=\"text-align: justify;\">Eva-Maria Zurhorst ist eine Frau, die Mut macht: Die renommierte Paarberaterin und Bestsellerautorin sieht die Liebe in einem v\u00f6llig neuen Licht \u2013 als messbare Heilkraft, die in der Lage ist, Krankheiten zu heilen, Zellen und Gene zu ver\u00e4ndern, bis in unsere Vergangenheit hinein zu wirken und F\u00fclle in unser Leben zu bringen.<\/p>\n<div style=\"text-align: justify;\"><\/div>\n<div style=\"text-align: justify;\"><\/div>\n<div style=\"text-align: justify;\"><\/div>\n<div style=\"text-align: justify;\"><\/div>\n<hr \/>\n<h3 class=\"sub\" style=\"text-align: justify;\">Matthias Brandt \u2013 Schauspieler<\/h3>\n<div style=\"text-align: justify;\">\n<div class=\"desc-klein-links\"><\/div>\n<\/div>\n<p style=\"text-align: justify;\">Ob als Kommissar Hanns von Meuffels im &#8222;Polizeiruf 110&#8220;, als liebender Familienvater oder DDR-Spion: Matthias Brandt spielt seine Rollen so glaubw\u00fcrdig, dass er mit Preisen \u00fcbersch\u00fcttet wird. Jetzt hat der Sohn von Bundeskanzler Willy Brandt seinen ersten Roman geschrieben: &#8222;Blackbird&#8220; handelt von dem 15-j\u00e4hrigen &#8222;Motte&#8220; und dessen Leben in einer deutschen Kleinstadt der 70er Jahre. Welche Parallelen es zwischen dem Protagonisten und dem jungen Brandt gibt, verr\u00e4t er bei 3nach9.<\/p>\n","protected":false},"excerpt":{"rendered":"<p>&#8222;Unterhaltung zum Mitdenken.&#8220; \/\/ NDR fernsehen + hr fernsehen, 22:00 Uhr &#8211; 00:00 Uhr! Moderation: Judith Rakers und Giovanni di<\/p>\n","protected":false},"author":2,"featured_media":136484,"comment_status":"open","ping_status":"closed","sticky":false,"template":"","format":"standard","meta":{"_FSMCFIC_featured_image_caption":"","_FSMCFIC_featured_image_nocaption":"","_FSMCFIC_featured_image_hide":""},"categories":[3,5,128],"tags":[215],"acf":[],"_links":{"self":[{"href":"https:\/\/smago.de\/ws2\/wp-json\/wp\/v2\/posts\/137883"}],"collection":[{"href":"https:\/\/smago.de\/ws2\/wp-json\/wp\/v2\/posts"}],"about":[{"href":"https:\/\/smago.de\/ws2\/wp-json\/wp\/v2\/types\/post"}],"author":[{"embeddable":true,"href":"https:\/\/smago.de\/ws2\/wp-json\/wp\/v2\/users\/2"}],"replies":[{"embeddable":true,"href":"https:\/\/smago.de\/ws2\/wp-json\/wp\/v2\/comments?post=137883"}],"version-history":[{"count":2,"href":"https:\/\/smago.de\/ws2\/wp-json\/wp\/v2\/posts\/137883\/revisions"}],"predecessor-version":[{"id":137885,"href":"https:\/\/smago.de\/ws2\/wp-json\/wp\/v2\/posts\/137883\/revisions\/137885"}],"wp:featuredmedia":[{"embeddable":true,"href":"https:\/\/smago.de\/ws2\/wp-json\/wp\/v2\/media\/136484"}],"wp:attachment":[{"href":"https:\/\/smago.de\/ws2\/wp-json\/wp\/v2\/media?parent=137883"}],"wp:term":[{"taxonomy":"category","embeddable":true,"href":"https:\/\/smago.de\/ws2\/wp-json\/wp\/v2\/categories?post=137883"},{"taxonomy":"post_tag","embeddable":true,"href":"https:\/\/smago.de\/ws2\/wp-json\/wp\/v2\/tags?post=137883"}],"curies":[{"name":"wp","href":"https:\/\/api.w.org\/{rel}","templated":true}]}}