{"id":137847,"date":"2019-11-13T00:00:40","date_gmt":"2019-11-12T23:00:40","guid":{"rendered":"https:\/\/smago.de\/?p=137847"},"modified":"2019-11-12T23:55:32","modified_gmt":"2019-11-12T22:55:32","slug":"seer-wissenswertes-ueber-ihre-neue-cd-analog","status":"publish","type":"post","link":"https:\/\/smago.de\/ws2\/alpen-rock\/seer-wissenswertes-ueber-ihre-neue-cd-analog\/","title":{"rendered":"SEER <br>Wissenswertes \u00fcber ihre neue CD &#8222;analog.&#8220;!"},"content":{"rendered":"<p>Der Albumtitel ergab sich aus der Bandgeschichte von \u00fcber 23 Jahren &#8230;:<br \/>\n<!--more--><\/p>\n<p>&nbsp;<\/p>\n<p style=\"text-align: justify;\">\n<p style=\"text-align: justify;\"><strong>In den fr\u00fchen 1990er Jahren begann im Salzkammergut, am Ufer des wildromantischen Grundlsees, derMusiker Fred Jaklitsch eine Idee umzusetzen, die 1996 mit der Gr\u00fcndung der Band die \u201aSEER\u2018 ersterelevante Entwicklungen nahm.<\/strong><\/p>\n<p style=\"text-align: justify;\">Jaklitsch und die SEER pr\u00e4gen nun mittlerweile mehr als zwei Jahrzehnte lang die heimische Musiklandschaftund sind f\u00fcr Fans und Freunde ihrer Musik ein stabiler Anker der Kontinuit\u00e4t.<\/p>\n<p style=\"text-align: justify;\">Nun, nach zwei Jahren kreativer Arbeit an neuen Liedern, ver\u00f6ffentlichen die SEER am 15.11.2019 ihr j\u00fcngstes Album. Dieses tr\u00e4gt den programmatischen Titel<\/p>\n<p>&#8222;analog.&#8220;<\/p>\n<p style=\"text-align: justify;\">Der Albumtitel ergab sich, so Jaklitsch, aus der Bandgeschichte von \u00fcber 23 Jahren:<\/p>\n<p style=\"text-align: justify;\"><em>\u201a\u00dcber die Jahrzehnte haben wir u. a. zuerst auf Musikkassette, Vinylschallplatte, CD und zuletzt Online ver\u00f6ffentlicht. Wir kennen also noch den guten alten \u201eBandlsalat\u201c, mittlerweile nat\u00fcrlich aber auch Streaming undSocial Media Kan\u00e4le. Abgesehen von der technischen Machart ist jedoch immer noch das Lied und die Stimme das Entscheidende. Schicksalsmomente, Lebensver\u00e4nderndes genauso wie Allt\u00e4gliches, mit einer Dosispositivem Lebensgef\u00fchl sind seit jeher der rote Faden unserer Lieder. Es sind diese Situationen, die vielen vonuns bereits passiert sind oder passieren k\u00f6nnten. Es soll<\/em><\/p>\n<p style=\"text-align: justify;\"><em>\u201emenscheln\u201c, ber\u00fchren und so dazu beitragen, dass wir uns alle ein St\u00fcck n\u00e4herkommen, die gemeinsame Kraft sp\u00fcren\u2018<\/em><strong><em>.<\/em><\/strong><\/p>\n<p>&nbsp;<\/p>\n<p>&nbsp;<\/p>\n<p>&nbsp;<\/p>\n<h1 style=\"text-align: justify;\">DAS ALBUM:<\/h1>\n<p style=\"text-align: justify;\">Inhaltlich setzt <strong>\u201aAnalog\u2018 <\/strong>mit den bew\u00e4hrten und beliebten Kl\u00e4ngen, den Stimmen, Arrangements und textlichen Zug\u00e4ngen der Vorg\u00e4ngeralben der letzten Jahre nahtlos und mit zeitgem\u00e4\u00dfen Themen, weiter fort.<\/p>\n<p style=\"text-align: justify;\">Ein Lied wie <strong>\u201aWoasst noch damals\u2018, <\/strong>es erinnert an eine Zeit, die in ihrer Art l\u00e4ngst an uns vorbei in die Vergangenheit gewandert ist, aber immer noch f\u00fcr viele von uns auf bestimmte Weise vorhanden ist. <em>Damals <\/em>\u2013das steht auch f\u00fcr das, was wir alle er- und miterlebt haben und wir uns da auch einen etwas melancholischen wiehumoristischen Zugang erlauben d\u00fcrfen.<\/p>\n<p style=\"text-align: justify;\">\u00c4hnlich verh\u00e4lt es sich mit <strong>\u201aRegi Regional\u2018<\/strong>. Ein Thema welches uns alle betrifft. Der Regenwald brennt, weil nochmehr Steaks rund um die Welt fliegen m\u00fcssen, um bei uns am Teller zu landen? Erdbeeren gibt\u2019s im Winter? Der Jahreszeitenrhythmus wird aufgehoben, nur weil wir uns einbilden, alles jederzeit verf\u00fcgbar zu haben. Einh\u00f6chst aktuelles Thema!<\/p>\n<p style=\"text-align: justify;\">Nicht anders verh\u00e4lt es sich bei <strong>,Schener als schen\u2018<\/strong>. Auch dieses Lied verlangt von uns Mut zur Selbsterkenntnis. Beauty OPs schnitzen uns die Individualit\u00e4t aus dem Gesicht und ob\u2019s am Ende tats\u00e4chlich auf ein \u201asch\u00f6ner alssch\u00f6n\u2018 hinausl\u00e4uft?<\/p>\n<p style=\"text-align: justify;\">In <strong>\u201aWer wird zuerst gehen\u2018 <\/strong>greifen die SEER ein Thema auf, welches gemeinhin als Tabu gilt und \u2013 nachvollziehbar &#8211; gerne verdr\u00e4ngt wird. Es geht um die Frage des unumst\u00f6\u00dflichen Abschieds. <em>\u201aDie letzten Jahrehaben mich deutlich sp\u00fcren lassen, wie endlich und schnell vorbei es mit uns sein kann. Ich kenne in meinerNachbarschaft einige \u00e4ltere Paare, wo der Tod eines Partners oft das Ableben des <\/em><em>anderen aus Gram undEinsamkeit innerhalb kurzer Zeit zur Folge hatte. Wenn sich Menschen so nahestehen, hinterl\u00e4sst es eine nicht zuf\u00fcllende L\u00fccke\u2018<\/em>, so Fred Jaklitsch, der erkl\u00e4rend hinzuf\u00fcgt: <em>\u201aDer Tod meines Musikkollegen Manfred, den ich zumeinen besten Freunden z\u00e4hlen durfte, mit dem ich die halbe Welt bereiste, \u00fcber 40 Jahre Erfolg und Misserfolgteilte, hat mir das bedr\u00fcckend verdeutlicht\u2018.<\/em><\/p>\n<p style=\"text-align: justify;\">17 neue Lieder finden sich auf \u201aAnalog\u2018! Und auch das ist typisch f\u00fcr Fred Jaklitsch. Was er seinem Publikum gebenkann, gibt er gerne und das in gelebter SEER-Tradition.<\/p>\n<p style=\"text-align: justify;\">Die SEER und ihre Fans, sie treffen sich stets auf einer ganz bestimmten Gef\u00fchlsebene, was besonders bei den magischen Live-Momenten zu erkennen ist. Dazu der Ober-SEER: <em>\u201aEs geht darum, jenen Menschen Zuneigungauszudr\u00fccken, die uns durchs Leben begleiten, deswegen sind am Album auch <\/em><em>Lieder wie: <\/em><strong><em>\u201eI umorm di\u201c <\/em><\/strong><em>und<\/em><strong><em>\u201eHerzensmensch\u201c<\/em><\/strong>.<\/p>\n<p style=\"text-align: justify;\">Liebe, Freundschaft, das Zusammensein, die Freude \u00fcber ein Wiedersehen, das Vermissen\u2026 Themen dieJaklitsch in einfacher, schn\u00f6rkelloser Form zu Liedern werden l\u00e4sst. Viele dieser Lieder sind in den vergangenen 23Jahren zu Klassikern geworden. Zeitlose Klassiker, die analog genauso ihre Wirkung entfalten wie digital.<\/p>\n<p style=\"text-align: justify;\">\n<p>&nbsp;<\/p>\n<p><img decoding=\"async\" loading=\"lazy\" class=\"alignnone size-full wp-image-137849\" src=\"https:\/\/online.smago.de\/ws2\/wp-content\/uploads\/2019\/11\/seer_analog.jpg\" alt=\"\" width=\"522\" height=\"469\" srcset=\"https:\/\/smago.de\/ws2\/wp-content\/uploads\/2019\/11\/seer_analog.jpg 522w, https:\/\/smago.de\/ws2\/wp-content\/uploads\/2019\/11\/seer_analog-167x150.jpg 167w, https:\/\/smago.de\/ws2\/wp-content\/uploads\/2019\/11\/seer_analog-211x190.jpg 211w, https:\/\/smago.de\/ws2\/wp-content\/uploads\/2019\/11\/seer_analog-323x290.jpg 323w, https:\/\/smago.de\/ws2\/wp-content\/uploads\/2019\/11\/seer_analog-495x445.jpg 495w\" sizes=\"(max-width: 522px) 100vw, 522px\" \/><\/p>\n","protected":false},"excerpt":{"rendered":"<p>Der Albumtitel ergab sich aus der Bandgeschichte von \u00fcber 23 Jahren &#8230;:<\/p>\n","protected":false},"author":2,"featured_media":137848,"comment_status":"open","ping_status":"closed","sticky":false,"template":"","format":"standard","meta":{"_FSMCFIC_featured_image_caption":"","_FSMCFIC_featured_image_nocaption":"","_FSMCFIC_featured_image_hide":""},"categories":[37,39],"tags":[169],"acf":[],"_links":{"self":[{"href":"https:\/\/smago.de\/ws2\/wp-json\/wp\/v2\/posts\/137847"}],"collection":[{"href":"https:\/\/smago.de\/ws2\/wp-json\/wp\/v2\/posts"}],"about":[{"href":"https:\/\/smago.de\/ws2\/wp-json\/wp\/v2\/types\/post"}],"author":[{"embeddable":true,"href":"https:\/\/smago.de\/ws2\/wp-json\/wp\/v2\/users\/2"}],"replies":[{"embeddable":true,"href":"https:\/\/smago.de\/ws2\/wp-json\/wp\/v2\/comments?post=137847"}],"version-history":[{"count":1,"href":"https:\/\/smago.de\/ws2\/wp-json\/wp\/v2\/posts\/137847\/revisions"}],"predecessor-version":[{"id":137850,"href":"https:\/\/smago.de\/ws2\/wp-json\/wp\/v2\/posts\/137847\/revisions\/137850"}],"wp:featuredmedia":[{"embeddable":true,"href":"https:\/\/smago.de\/ws2\/wp-json\/wp\/v2\/media\/137848"}],"wp:attachment":[{"href":"https:\/\/smago.de\/ws2\/wp-json\/wp\/v2\/media?parent=137847"}],"wp:term":[{"taxonomy":"category","embeddable":true,"href":"https:\/\/smago.de\/ws2\/wp-json\/wp\/v2\/categories?post=137847"},{"taxonomy":"post_tag","embeddable":true,"href":"https:\/\/smago.de\/ws2\/wp-json\/wp\/v2\/tags?post=137847"}],"curies":[{"name":"wp","href":"https:\/\/api.w.org\/{rel}","templated":true}]}}