{"id":137635,"date":"2019-11-06T23:57:22","date_gmt":"2019-11-06T22:57:22","guid":{"rendered":"https:\/\/smago.de\/?p=137635"},"modified":"2019-11-06T21:37:42","modified_gmt":"2019-11-06T20:37:42","slug":"smago-informiert-mission-ulja-funk","status":"publish","type":"post","link":"https:\/\/smago.de\/ws2\/kinderprogramm\/smago-informiert-mission-ulja-funk\/","title":{"rendered":"smago! INFORMIERT <br>\u201eMission Ulja Funk\u201c:"},"content":{"rendered":"<p>Neuer \u201ebesonderer Kinderfilm\u201c in Mitteldeutschland gedreht!<br \/>\n<!--more--><\/p>\n<p>&nbsp;<\/p>\n<p>&nbsp;<\/p>\n<p class=\"leadText\" style=\"text-align: justify;\">Bis 4. November sind in Th\u00fcringen, Sachsen-Anhalt und Sachsen erste Szenen f\u00fcr das Roadmovie \u201eMission Ulja Funk\u201c gedreht worden. Der Film ist ein weiteres Projekt der Initiative \u201eDer besondere Kinderfilm\u201c und wird unter MDR-Federf\u00fchrung produziert. Geplanter Kinostart ist Ende 2020.<\/p>\n<p style=\"text-align: justify;\">Das Roadmovie stammt aus der Feder von Barbara Kronenberg, die zugleich Regie f\u00fchrt. Hauptfigur des Films ist die 12-j\u00e4hrige Ulja (Romy Lou Janinhoff). Sie ist das j\u00fcngste Kind einer russlanddeutschen Familie, die in einer deutschen Kleinstadt lebt. Ulja begeistert sich f\u00fcr Astronomie und hat einen kleinen Asteroiden entdeckt, der in wenigen Tagen in Wei\u00dfrussland auf die Erde fallen wird. Leider glaubt ihre streng religi\u00f6se Oma Olga (Hildegard Schroedter) nicht an Naturwissenschaft und beschlagnahmt ihre Ausr\u00fcstung. Um dennoch bei dem Einschlag von VR-24-17-20 dabei zu sein, heuert Ulja ihren Mitsch\u00fcler Henk (Jonas Oe\u00dfel) an, der Auto fahren kann. Im elterlichen Leichenwagen machen sich die beiden Teenager auf den Weg durch Osteuropa. Eine wilde Reise beginnt, denn ihnen auf den Fersen sind Oma Olga, der Rest der Familie, der Pastor (Luc Feit) und die halbe Gemeinde.<\/p>\n<p style=\"text-align: justify;\">\u201eMission Ulja Funk\u201c ist eine Koproduktion der In Good Company (Produzentin Roshanak Behesht Nedjad) mit ShipsBoy (POL), Samsa Film (LUX) und dem MDR als federf\u00fchrendem Sender. Gef\u00f6rdert wird der Film durch die Initiative \u201eDer besondere Kinderfilm\u201c. Weiterhin als F\u00f6rderer beteiligt sind die Bundesbeauftragte f\u00fcr Kultur und Medien (BKM), die Mitteldeutsche Medienf\u00f6rderung (MDM), die Film- und Medien-Stiftung NRW und der Deutsche Filmf\u00f6rderfonds (DFFF). Bis Ende Januar 2020 folgen weitere Drehtage in Nordrhein-Westfalen, Luxemburg und Polen. Der Kinostart ist f\u00fcr Ende 2020 geplant.<\/p>\n","protected":false},"excerpt":{"rendered":"<p>Neuer \u201ebesonderer Kinderfilm\u201c in Mitteldeutschland gedreht!<\/p>\n","protected":false},"author":2,"featured_media":137636,"comment_status":"open","ping_status":"closed","sticky":false,"template":"","format":"standard","meta":{"_FSMCFIC_featured_image_caption":"","_FSMCFIC_featured_image_nocaption":"","_FSMCFIC_featured_image_hide":""},"categories":[20],"tags":[1234],"acf":[],"_links":{"self":[{"href":"https:\/\/smago.de\/ws2\/wp-json\/wp\/v2\/posts\/137635"}],"collection":[{"href":"https:\/\/smago.de\/ws2\/wp-json\/wp\/v2\/posts"}],"about":[{"href":"https:\/\/smago.de\/ws2\/wp-json\/wp\/v2\/types\/post"}],"author":[{"embeddable":true,"href":"https:\/\/smago.de\/ws2\/wp-json\/wp\/v2\/users\/2"}],"replies":[{"embeddable":true,"href":"https:\/\/smago.de\/ws2\/wp-json\/wp\/v2\/comments?post=137635"}],"version-history":[{"count":2,"href":"https:\/\/smago.de\/ws2\/wp-json\/wp\/v2\/posts\/137635\/revisions"}],"predecessor-version":[{"id":137638,"href":"https:\/\/smago.de\/ws2\/wp-json\/wp\/v2\/posts\/137635\/revisions\/137638"}],"wp:featuredmedia":[{"embeddable":true,"href":"https:\/\/smago.de\/ws2\/wp-json\/wp\/v2\/media\/137636"}],"wp:attachment":[{"href":"https:\/\/smago.de\/ws2\/wp-json\/wp\/v2\/media?parent=137635"}],"wp:term":[{"taxonomy":"category","embeddable":true,"href":"https:\/\/smago.de\/ws2\/wp-json\/wp\/v2\/categories?post=137635"},{"taxonomy":"post_tag","embeddable":true,"href":"https:\/\/smago.de\/ws2\/wp-json\/wp\/v2\/tags?post=137635"}],"curies":[{"name":"wp","href":"https:\/\/api.w.org\/{rel}","templated":true}]}}