{"id":137489,"date":"2019-11-05T00:01:59","date_gmt":"2019-11-04T23:01:59","guid":{"rendered":"https:\/\/smago.de\/?p=137489"},"modified":"2019-11-05T00:07:03","modified_gmt":"2019-11-04T23:07:03","slug":"beatrice-egli-eloy-de-jong-heute-06-11-2019-rtlplus-ich-find-schlager-toll-1-4-die-beliebtesten-schlagersongs","status":"publish","type":"post","link":"https:\/\/smago.de\/ws2\/schlager\/beatrice-egli-eloy-de-jong-heute-06-11-2019-rtlplus-ich-find-schlager-toll-1-4-die-beliebtesten-schlagersongs\/","title":{"rendered":"BEATRICE EGLI &#8211; ELOY DE JONG <br>Heute (06.11.2019), RTLplus: &#8222;Ich find&#8216; Schlager toll&#8220; (1\/4) &#8211; &#8222;Die beliebtesten Schlagersongs&#8220;!"},"content":{"rendered":"<p>20:15 Uhr &#8211; 22:10 Uhr (Wh. in der Nacht auf 07.11., 00:05 Uhr &#8211; 01:50 Uhr)!\u00a0Mit dabei: Ireen Sheer, Bernhard Brink, J\u00fcrgen Drews, Uwe H\u00fcbner, Anna-Maria Zimmermann und Marie Wegener! Moderation: Beatrice Egli und Eloy de Jong!<br \/>\n<!--more--><\/p>\n<p>&nbsp;<\/p>\n<p style=\"text-align: justify;\"><span class=\"kurztext\">Beatrice Egli und Eloy de Jong pr\u00e4sentieren ein Ranking zu den beliebtesten Schlagersongs, den beliebtesten Schlager-S\u00e4ngerinnen und S\u00e4ngern bis hin zu den beliebtesten Party Schlagern. Zu Wort kommen verschiedene Experten aus dem Bereich Musik und Entertainment u.a. J\u00fcrgen Drews, Uwe H\u00fcbner, Bernhard Brink, Marie Wegener, Anna-Maria Zimmermann und Ireen Sheer.<\/span><span class=\"langtext\">Der Schlager geh\u00f6rt seit Jahrzehnten zu den beliebtesten und erfolgreichsten Kulturg\u00fctern der Deutschen. Und auch wenn dieser urdeutsche Musikstil international eher wenig Beachtung findet &#8211; der Schlager selbst war schon immer offen f\u00fcr internationales Flair. Schon in den 50er Jahren entflammten italienische Zeilen in Schlagertexten die Sehnsucht der Deutschen nach einem besseren Leben in w\u00e4rmeren Gefilden oder zumindest einem wohlverdienten Sommerurlaub im s\u00fcdeurop\u00e4ischen Ausland.<\/span><\/p>\n<p style=\"text-align: justify;\">Zu Schlager wurde und wird nat\u00fcrlich auch heute noch getr\u00e4umt, getanzt und gefeiert. Ob man will oder nicht, Schlagertexte kann jeder sofort mitsingen. Einen richtigen Schlager-Ohrwurm wird man oft nur mit einem anderen Schlager wieder los. Die Musik und die Texte brennen sich sofort ins Hirn, daf\u00fcr werden sie schlie\u00dflich komponiert. &#8222;Ich find Schlager toll&#8220; pr\u00e4sentiert die Rangliste der 25 beliebtesten Schlager-Songs &#8211; ausgew\u00e4hlt durch eine repr\u00e4sentative Umfrageauswertung von Media Control. Welche Titel werden beim Publikum auch nach Jahrzehnten noch geliebt? Welche neuen Hits schaffen es in die Bestenliste? Welches Lied ist das beliebteste?<\/p>\n<p style=\"text-align: justify;\">&#8222;Ich find Schlager toll -die beliebtesten Schlager-Songs&#8220; gibt die die Antwort und liefert zu allen Liedern der Rangliste in kurzen Einspielern Anekdoten und Hintergr\u00fcnde. Erz\u00e4hlt und kommentiert werden die Geschichten von Schlagerexperten und K\u00fcnstlern, die selbst schon auf diverse Schlager- Hitszur\u00fcckblicken k\u00f6nnen. Mit dabei sind Ireen Sheer, Bernhard Brink und J\u00fcrgen Drews, Uwe H\u00fcbner sowie die jungen Schlagerstars Anna-Maria Zimmermann und Marie Wegener.<\/p>\n<p style=\"text-align: justify;\">Durch die gut 90min\u00fctige Sendung f\u00fchren zwei \u00fcberaus erfolgreiche Schlagerstars der neuen Generation: Beatrice Egli und Eloy de Jong. Der sympathische Holl\u00e4nder hat mit seiner Band &#8218;Caught In The Act&#8216; bereits eine international erfolgreiche Boyband Karriere hinter sich. Seit rund zwei Jahren erobert er mit seinem ersten deutschsprachigen Album &#8222;Kopf aus &#8211; Herz an&#8216; nun auch die Schlagerwelt. Aus der ist auch Beatrice Egli l\u00e4ngst nicht mehr wegzudenken. Sie war die erste Schlager-S\u00e4ngerin, die 2013 bei &#8222;Deutschland sucht den Superstar&#8220; gewinnen konnte. Mit ihrer lebensfrohen Ausstrahlung hat sich die Schweizerin l\u00e4ngst als S\u00e4ngerin und Moderatorin in der deutschen Musik- und Medienlandschaft etabliert.<\/p>\n<p>&nbsp;<\/p>\n<p>&nbsp;<\/p>\n<figure id=\"attachment_137492\" aria-describedby=\"caption-attachment-137492\" style=\"width: 522px\" class=\"wp-caption alignnone\"><img decoding=\"async\" loading=\"lazy\" class=\"size-full wp-image-137492\" src=\"https:\/\/online.smago.de\/ws2\/wp-content\/uploads\/2019\/11\/1641740.jpg\" alt=\"\" width=\"522\" height=\"294\" srcset=\"https:\/\/smago.de\/ws2\/wp-content\/uploads\/2019\/11\/1641740.jpg 522w, https:\/\/smago.de\/ws2\/wp-content\/uploads\/2019\/11\/1641740-266x150.jpg 266w, https:\/\/smago.de\/ws2\/wp-content\/uploads\/2019\/11\/1641740-292x164.jpg 292w, https:\/\/smago.de\/ws2\/wp-content\/uploads\/2019\/11\/1641740-435x245.jpg 435w\" sizes=\"(max-width: 522px) 100vw, 522px\" \/><figcaption id=\"caption-attachment-137492\" class=\"wp-caption-text\">Foto-Credit: <strong><a href=\"https:\/\/www.tvnow.de\">TVNOW<\/a><\/strong><\/figcaption><\/figure>\n<p>&nbsp;<\/p>\n<p>&nbsp;<\/p>\n<figure id=\"attachment_137502\" aria-describedby=\"caption-attachment-137502\" style=\"width: 522px\" class=\"wp-caption alignnone\"><img decoding=\"async\" loading=\"lazy\" class=\"size-full wp-image-137502\" src=\"https:\/\/online.smago.de\/ws2\/wp-content\/uploads\/2019\/11\/1641738.jpg\" alt=\"\" width=\"522\" height=\"294\" srcset=\"https:\/\/smago.de\/ws2\/wp-content\/uploads\/2019\/11\/1641738.jpg 522w, https:\/\/smago.de\/ws2\/wp-content\/uploads\/2019\/11\/1641738-266x150.jpg 266w, https:\/\/smago.de\/ws2\/wp-content\/uploads\/2019\/11\/1641738-292x164.jpg 292w, https:\/\/smago.de\/ws2\/wp-content\/uploads\/2019\/11\/1641738-435x245.jpg 435w\" sizes=\"(max-width: 522px) 100vw, 522px\" \/><figcaption id=\"caption-attachment-137502\" class=\"wp-caption-text\">Foto-Credit: <strong><a href=\"https:\/\/www.tvnow.de\">TVNOW<\/a><\/strong><\/figcaption><\/figure>\n<p>&nbsp;<\/p>\n<p>&nbsp;<\/p>\n<figure id=\"attachment_137503\" aria-describedby=\"caption-attachment-137503\" style=\"width: 522px\" class=\"wp-caption alignnone\"><img decoding=\"async\" loading=\"lazy\" class=\"size-full wp-image-137503\" src=\"https:\/\/online.smago.de\/ws2\/wp-content\/uploads\/2019\/11\/1641739.jpg\" alt=\"\" width=\"522\" height=\"294\" srcset=\"https:\/\/smago.de\/ws2\/wp-content\/uploads\/2019\/11\/1641739.jpg 522w, https:\/\/smago.de\/ws2\/wp-content\/uploads\/2019\/11\/1641739-266x150.jpg 266w, https:\/\/smago.de\/ws2\/wp-content\/uploads\/2019\/11\/1641739-292x164.jpg 292w, https:\/\/smago.de\/ws2\/wp-content\/uploads\/2019\/11\/1641739-435x245.jpg 435w\" sizes=\"(max-width: 522px) 100vw, 522px\" \/><figcaption id=\"caption-attachment-137503\" class=\"wp-caption-text\">Foto-Credit: <strong><a href=\"http:\/\/TVNOW\">TVNOW<\/a><\/strong><\/figcaption><\/figure>\n<p>&nbsp;<\/p>\n<p>&nbsp;<\/p>\n<figure id=\"attachment_137505\" aria-describedby=\"caption-attachment-137505\" style=\"width: 522px\" class=\"wp-caption alignnone\"><img decoding=\"async\" loading=\"lazy\" class=\"size-full wp-image-137505\" src=\"https:\/\/online.smago.de\/ws2\/wp-content\/uploads\/2019\/11\/1641742.jpg\" alt=\"\" width=\"522\" height=\"294\" srcset=\"https:\/\/smago.de\/ws2\/wp-content\/uploads\/2019\/11\/1641742.jpg 522w, https:\/\/smago.de\/ws2\/wp-content\/uploads\/2019\/11\/1641742-266x150.jpg 266w, https:\/\/smago.de\/ws2\/wp-content\/uploads\/2019\/11\/1641742-292x164.jpg 292w, https:\/\/smago.de\/ws2\/wp-content\/uploads\/2019\/11\/1641742-435x245.jpg 435w\" sizes=\"(max-width: 522px) 100vw, 522px\" \/><figcaption id=\"caption-attachment-137505\" class=\"wp-caption-text\">Foto-Credit: <strong><a href=\"https:\/\/www.tvnow.de\">TVNOW<\/a><\/strong><\/figcaption><\/figure>\n<p>&nbsp;<\/p>\n<p>&nbsp;<\/p>\n<figure id=\"attachment_137506\" aria-describedby=\"caption-attachment-137506\" style=\"width: 522px\" class=\"wp-caption alignnone\"><img decoding=\"async\" loading=\"lazy\" class=\"size-full wp-image-137506\" src=\"https:\/\/online.smago.de\/ws2\/wp-content\/uploads\/2019\/11\/1641743.jpg\" alt=\"\" width=\"522\" height=\"294\" srcset=\"https:\/\/smago.de\/ws2\/wp-content\/uploads\/2019\/11\/1641743.jpg 522w, https:\/\/smago.de\/ws2\/wp-content\/uploads\/2019\/11\/1641743-266x150.jpg 266w, https:\/\/smago.de\/ws2\/wp-content\/uploads\/2019\/11\/1641743-292x164.jpg 292w, https:\/\/smago.de\/ws2\/wp-content\/uploads\/2019\/11\/1641743-435x245.jpg 435w\" sizes=\"(max-width: 522px) 100vw, 522px\" \/><figcaption id=\"caption-attachment-137506\" class=\"wp-caption-text\">Foto-Credit: <strong><a href=\"https:\/\/www.tvnow.de\">TVNOW<\/a><\/strong><\/figcaption><\/figure>\n<p>&nbsp;<\/p>\n<p>&nbsp;<\/p>\n<figure id=\"attachment_137509\" aria-describedby=\"caption-attachment-137509\" style=\"width: 522px\" class=\"wp-caption alignnone\"><img decoding=\"async\" loading=\"lazy\" class=\"size-full wp-image-137509\" src=\"https:\/\/online.smago.de\/ws2\/wp-content\/uploads\/2019\/11\/1641741.jpg\" alt=\"\" width=\"522\" height=\"294\" srcset=\"https:\/\/smago.de\/ws2\/wp-content\/uploads\/2019\/11\/1641741.jpg 522w, https:\/\/smago.de\/ws2\/wp-content\/uploads\/2019\/11\/1641741-266x150.jpg 266w, https:\/\/smago.de\/ws2\/wp-content\/uploads\/2019\/11\/1641741-292x164.jpg 292w, https:\/\/smago.de\/ws2\/wp-content\/uploads\/2019\/11\/1641741-435x245.jpg 435w\" sizes=\"(max-width: 522px) 100vw, 522px\" \/><figcaption id=\"caption-attachment-137509\" class=\"wp-caption-text\">Foto-Credit: <strong><a href=\"https:\/\/www.tvnow.de\">TVNOW<\/a><\/strong><\/figcaption><\/figure>\n<p>&nbsp;<\/p>\n<div class=\"mceTemp\"><\/div>\n<div class=\"mceTemp\"><\/div>\n<p>&nbsp;<\/p>\n<figure id=\"attachment_137490\" aria-describedby=\"caption-attachment-137490\" style=\"width: 522px\" class=\"wp-caption alignnone\"><img decoding=\"async\" loading=\"lazy\" class=\"size-full wp-image-137490\" src=\"https:\/\/online.smago.de\/ws2\/wp-content\/uploads\/2019\/11\/1635903.jpg\" alt=\"\" width=\"522\" height=\"294\" srcset=\"https:\/\/smago.de\/ws2\/wp-content\/uploads\/2019\/11\/1635903.jpg 522w, https:\/\/smago.de\/ws2\/wp-content\/uploads\/2019\/11\/1635903-266x150.jpg 266w, https:\/\/smago.de\/ws2\/wp-content\/uploads\/2019\/11\/1635903-292x164.jpg 292w, https:\/\/smago.de\/ws2\/wp-content\/uploads\/2019\/11\/1635903-435x245.jpg 435w\" sizes=\"(max-width: 522px) 100vw, 522px\" \/><figcaption id=\"caption-attachment-137490\" class=\"wp-caption-text\">Foto-Credit: <strong><a href=\"https:\/\/www.tvnow.de\">TVNOW<\/a><\/strong><\/figcaption><\/figure>\n","protected":false},"excerpt":{"rendered":"<p>20:15 Uhr &#8211; 22:10 Uhr (Wh. in der Nacht auf 07.11., 00:05 Uhr &#8211; 01:50 Uhr)!\u00a0Mit dabei: Ireen Sheer, Bernhard<\/p>\n","protected":false},"author":2,"featured_media":137491,"comment_status":"open","ping_status":"closed","sticky":false,"template":"","format":"standard","meta":{"_FSMCFIC_featured_image_caption":"","_FSMCFIC_featured_image_nocaption":"","_FSMCFIC_featured_image_hide":""},"categories":[29,128],"tags":[525],"acf":[],"_links":{"self":[{"href":"https:\/\/smago.de\/ws2\/wp-json\/wp\/v2\/posts\/137489"}],"collection":[{"href":"https:\/\/smago.de\/ws2\/wp-json\/wp\/v2\/posts"}],"about":[{"href":"https:\/\/smago.de\/ws2\/wp-json\/wp\/v2\/types\/post"}],"author":[{"embeddable":true,"href":"https:\/\/smago.de\/ws2\/wp-json\/wp\/v2\/users\/2"}],"replies":[{"embeddable":true,"href":"https:\/\/smago.de\/ws2\/wp-json\/wp\/v2\/comments?post=137489"}],"version-history":[{"count":4,"href":"https:\/\/smago.de\/ws2\/wp-json\/wp\/v2\/posts\/137489\/revisions"}],"predecessor-version":[{"id":137510,"href":"https:\/\/smago.de\/ws2\/wp-json\/wp\/v2\/posts\/137489\/revisions\/137510"}],"wp:featuredmedia":[{"embeddable":true,"href":"https:\/\/smago.de\/ws2\/wp-json\/wp\/v2\/media\/137491"}],"wp:attachment":[{"href":"https:\/\/smago.de\/ws2\/wp-json\/wp\/v2\/media?parent=137489"}],"wp:term":[{"taxonomy":"category","embeddable":true,"href":"https:\/\/smago.de\/ws2\/wp-json\/wp\/v2\/categories?post=137489"},{"taxonomy":"post_tag","embeddable":true,"href":"https:\/\/smago.de\/ws2\/wp-json\/wp\/v2\/tags?post=137489"}],"curies":[{"name":"wp","href":"https:\/\/api.w.org\/{rel}","templated":true}]}}