{"id":137331,"date":"2019-11-01T16:52:25","date_gmt":"2019-11-01T15:52:25","guid":{"rendered":"https:\/\/smago.de\/?p=137331"},"modified":"2019-11-01T16:52:25","modified_gmt":"2019-11-01T15:52:25","slug":"smago-informiert-talk-am-dienstag-joerg-pilawa-moderiert-fuer-hubertus-meyer-burckhardt","status":"publish","type":"post","link":"https:\/\/smago.de\/ws2\/smago-informiert\/smago-informiert-talk-am-dienstag-joerg-pilawa-moderiert-fuer-hubertus-meyer-burckhardt\/","title":{"rendered":"smago! INFORMIERT <br>\u201eTalk am Dienstag\u201c: J\u00f6rg Pilawa moderiert f\u00fcr Hubertus Meyer-Burckhardt!"},"content":{"rendered":"<p>Sendetermin: Dienstag, 05.11.2019 22:45 Uhr, Das Erste \/ ARD!<br \/>\n<!--more--><\/p>\n<p>&nbsp;<\/p>\n<p style=\"text-align: justify;\">\n<p style=\"text-align: justify;\">Die kommende Ausgabe der \u201eNDR Talk Show\u201c am Dienstag im Ersten moderiert <strong>Barbara Sch\u00f6neberger<\/strong> gemeinsam mit <strong>J\u00f6rg Pilawa<\/strong>. <strong>Hubertus Meyer-Burckhardt <\/strong>musste leider wegen eines Virusinfekts absagen. Am kommenden Freitag (8. November) wird wieder Hubertus Meyer-Burckhardt an der Seite von Barbara Sch\u00f6neberger durch die \u201eNDR Talk Show\u201c f\u00fchren, dann im NDR Fernsehen. J\u00f6rg Pilawa geh\u00f6rt ebenfalls zum Moderationsteam der \u201eNDR Talk Show\u201c \u2013 er begr\u00fc\u00dft im NDR Fernsehen gemeinsam mit Bettina Tietjen die G\u00e4ste der Ausgaben aus Hannover.<\/p>\n<p style=\"text-align: justify;\">Am Dienstag, 5. November, nehmen in der \u201eNDR Talk Show\u201c im Ersten u. a. \u201edie fantastischen Vier\u201c Platz: <strong>Elyas M\u00b4Barek, Wotan Wilke M\u00f6hring, Florian David Fitz <\/strong>und <strong>Frederick Lau.<\/strong> Die Superstars des deutschen Films sind erstmals gemeinsam in einer Gespr\u00e4chssendung. In ihrem neuen Kinofilm \u201eDas perfekte Geheimnis\u201c geht es um die Frage, wie gut wir unsere besten Freunde wirklich kennen und wie viele Geheimnisse eine Freundschaft vertr\u00e4gt. Der Frage werden sie in der \u201eNDR Talk Show\u201c auf den Grund gehen.<\/p>\n<p style=\"text-align: justify;\">Sie geh\u00f6ren zweifelsohne zu <em>den<\/em> deutschen Sportlern des Jahres: <strong>Malaika Mihambo<\/strong> und <strong>Jan Frodeno.<\/strong> Sie holte bei der Leichtathletik-WM in Doha Gold in der Disziplin Weitsprung &#8211; nach zwei Fehlversuchen flog die Heidelbergerin beim dritten Sprung sagenhafte 7,30 Meter weit. Damit ist Malaika nicht nur Weltmeisterin, sondern hat mit einem Abstand von 38 Zentimetern zum Ergebnis der Zweitplatzierten auch Sportgeschichte geschrieben. Eine so gro\u00dfe Differenz gab es bei einer WM noch nie. Malaika Mihambo ist erstmals in einer Talk Show zu Gast.<\/p>\n<p style=\"text-align: justify;\">Nach seinen Siegen in den Jahren 2015 und 2016 hat der 38-j\u00e4hrige Jan Frodeno zum dritten Mal auf Hawaii den \u201eIron Man\u201c gewonnen \u2013 und auch gleich noch einen neuen Streckenrekord aufgestellt. Frisch aus Hawaii zur\u00fcckgekehrt, wird Jan Frodeno in der \u201eNDR Talk Show\u201c berichten, warum dieser Triumph beim h\u00e4rtesten Triathlon der Welt ein ganz besonders magischer Moment f\u00fcr ihn ist.<\/p>\n<p style=\"text-align: justify;\">Au\u00dferdem zu Gast ist <strong>Terese Enke <\/strong>&#8211; zehn Jahre nach dem Selbstmord ihres Mannes, National-Torh\u00fcter Robert Enke. Sie wird \u00fcber ihr Engagement als Vorstandsvorsitzende der Robert-Enke-Stiftung sprechen, die sie kurz nach dem Tod ihres Mannes gr\u00fcndete. Die gemeinn\u00fctzige Organisation setzt sich f\u00fcr die Erforschung und Behandlung von Depressionen sowie von Herzerkrankungen bei Kindern ein. Denn auch die gemeinsame Tochter Lara, die mit einem schweren Herzfehler zur Welt kam, starb 2006. Teresa Enke hat zwei schwere K\u00e4mpfe in ihrem Leben verloren \u2013 aufgegeben hat sie jedoch nie. Mit ihrem Einsatz f\u00fcr andere schafft es die 43-J\u00e4hrige, den Schicksalsschl\u00e4gen ein wenig Sinn zu geben.<\/p>\n<p style=\"text-align: justify;\">Zudem begr\u00fc\u00dfen Barbara Sch\u00f6neberger und J\u00f6rg Pilawa am kommenden Dienstag die Unternehmerin und Autorin<strong> Dana Schweiger<\/strong>, den Extremsportler \u201eThe Iceman\u201c <strong>Wim Hof<\/strong>, die Pianisten und Br\u00fcder <strong>Lucas<\/strong> und <strong>Arthur<\/strong> <strong>Jussen<\/strong> und den Schauspieler<strong> Thomas R\u00fchmann<\/strong>.<\/p>\n","protected":false},"excerpt":{"rendered":"<p>Sendetermin: Dienstag, 05.11.2019 22:45 Uhr, Das Erste \/ ARD!<\/p>\n","protected":false},"author":2,"featured_media":51685,"comment_status":"open","ping_status":"closed","sticky":false,"template":"","format":"standard","meta":{"_FSMCFIC_featured_image_caption":"","_FSMCFIC_featured_image_nocaption":"","_FSMCFIC_featured_image_hide":""},"categories":[33],"tags":[254],"acf":[],"_links":{"self":[{"href":"https:\/\/smago.de\/ws2\/wp-json\/wp\/v2\/posts\/137331"}],"collection":[{"href":"https:\/\/smago.de\/ws2\/wp-json\/wp\/v2\/posts"}],"about":[{"href":"https:\/\/smago.de\/ws2\/wp-json\/wp\/v2\/types\/post"}],"author":[{"embeddable":true,"href":"https:\/\/smago.de\/ws2\/wp-json\/wp\/v2\/users\/2"}],"replies":[{"embeddable":true,"href":"https:\/\/smago.de\/ws2\/wp-json\/wp\/v2\/comments?post=137331"}],"version-history":[{"count":1,"href":"https:\/\/smago.de\/ws2\/wp-json\/wp\/v2\/posts\/137331\/revisions"}],"predecessor-version":[{"id":137332,"href":"https:\/\/smago.de\/ws2\/wp-json\/wp\/v2\/posts\/137331\/revisions\/137332"}],"wp:featuredmedia":[{"embeddable":true,"href":"https:\/\/smago.de\/ws2\/wp-json\/wp\/v2\/media\/51685"}],"wp:attachment":[{"href":"https:\/\/smago.de\/ws2\/wp-json\/wp\/v2\/media?parent=137331"}],"wp:term":[{"taxonomy":"category","embeddable":true,"href":"https:\/\/smago.de\/ws2\/wp-json\/wp\/v2\/categories?post=137331"},{"taxonomy":"post_tag","embeddable":true,"href":"https:\/\/smago.de\/ws2\/wp-json\/wp\/v2\/tags?post=137331"}],"curies":[{"name":"wp","href":"https:\/\/api.w.org\/{rel}","templated":true}]}}