{"id":136775,"date":"2019-10-21T15:10:21","date_gmt":"2019-10-21T13:10:21","guid":{"rendered":"https:\/\/smago.de\/?p=136775"},"modified":"2019-10-21T17:57:50","modified_gmt":"2019-10-21T15:57:50","slug":"giovanni-zarrella-grosse-freude-ueber-den-swr4-preis-als-durchstarter-des-jahres","status":"publish","type":"post","link":"https:\/\/smago.de\/ws2\/schlager\/giovanni-zarrella-grosse-freude-ueber-den-swr4-preis-als-durchstarter-des-jahres\/","title":{"rendered":"GIOVANNI ZARRELLA <br>Gro\u00dfe Freude \u00fcber den SWR4-Preis als &#8222;Durchstarter des Jahres&#8220;!"},"content":{"rendered":"<p>Auf seiner Facebook-Seite schreibt er &#8230;:<br \/>\n<!--more--><\/p>\n<p>&nbsp;<\/p>\n<p style=\"text-align: justify;\"><em>Ich kann mein Gl\u00fcck nicht in Worte fassen.<\/em><\/p>\n<p style=\"text-align: justify;\"><em>Vor wenigen Wochen als ich mein Album LA VITA \u00c8 BELLA ver\u00f6ffentlicht habe wusste ich nicht was mich erwartet. Ich war voller Hoffnung aber ehrlich gesagt auch voller Zweifel und Unsicherheit. Zu lange gab es keine Musik von mir und ich konnte mir die Reaktion der Menschen da drau\u00dfen einfach nicht ausmalen oder gar vorstellen.<\/em><\/p>\n<p style=\"text-align: justify;\"><em>Heute, 4 Monate sp\u00e4ter, halte ich meinen DURCHSTARTER DES JAHRES Preis in der Hand. Ein Preis der mir von SWR4 \u00fcberreicht wurde. Einen Radiopreis. Radio, ein so wichtiges Medium f\u00fcr uns Musiker. Tausend dank. Ihr k\u00f6nnt euch nicht vorstellen wie gut das tut.<\/em><\/p>\n<p style=\"text-align: justify;\"><em>@swr4.de <span class=\"_5mfr\"><span class=\"_6qdm\">&#x2764;&#xfe0f;&#8220;<\/span><\/span><\/em><\/p>\n","protected":false},"excerpt":{"rendered":"<p>Auf seiner Facebook-Seite schreibt er &#8230;:<\/p>\n","protected":false},"author":2,"featured_media":136776,"comment_status":"open","ping_status":"closed","sticky":false,"template":"","format":"standard","meta":{"_FSMCFIC_featured_image_caption":"","_FSMCFIC_featured_image_nocaption":"","_FSMCFIC_featured_image_hide":""},"categories":[29],"tags":[925],"acf":[],"_links":{"self":[{"href":"https:\/\/smago.de\/ws2\/wp-json\/wp\/v2\/posts\/136775"}],"collection":[{"href":"https:\/\/smago.de\/ws2\/wp-json\/wp\/v2\/posts"}],"about":[{"href":"https:\/\/smago.de\/ws2\/wp-json\/wp\/v2\/types\/post"}],"author":[{"embeddable":true,"href":"https:\/\/smago.de\/ws2\/wp-json\/wp\/v2\/users\/2"}],"replies":[{"embeddable":true,"href":"https:\/\/smago.de\/ws2\/wp-json\/wp\/v2\/comments?post=136775"}],"version-history":[{"count":3,"href":"https:\/\/smago.de\/ws2\/wp-json\/wp\/v2\/posts\/136775\/revisions"}],"predecessor-version":[{"id":136779,"href":"https:\/\/smago.de\/ws2\/wp-json\/wp\/v2\/posts\/136775\/revisions\/136779"}],"wp:featuredmedia":[{"embeddable":true,"href":"https:\/\/smago.de\/ws2\/wp-json\/wp\/v2\/media\/136776"}],"wp:attachment":[{"href":"https:\/\/smago.de\/ws2\/wp-json\/wp\/v2\/media?parent=136775"}],"wp:term":[{"taxonomy":"category","embeddable":true,"href":"https:\/\/smago.de\/ws2\/wp-json\/wp\/v2\/categories?post=136775"},{"taxonomy":"post_tag","embeddable":true,"href":"https:\/\/smago.de\/ws2\/wp-json\/wp\/v2\/tags?post=136775"}],"curies":[{"name":"wp","href":"https:\/\/api.w.org\/{rel}","templated":true}]}}