{"id":136116,"date":"2019-10-07T00:00:22","date_gmt":"2019-10-06T22:00:22","guid":{"rendered":"https:\/\/smago.de\/?p=136116"},"modified":"2019-10-07T11:15:17","modified_gmt":"2019-10-07T09:15:17","slug":"smago-informiert-smago-in-tiefer-trauer","status":"publish","type":"post","link":"https:\/\/smago.de\/ws2\/schlager\/smago-informiert-smago-in-tiefer-trauer\/","title":{"rendered":"smago! INFORMIERT <br>smago! in tiefer Trauer!"},"content":{"rendered":"<p style=\"text-align: justify;\">Holger St\u00fcrenburg ist tot!<br \/>\n<!--more--><\/p>\n<p>&nbsp;<\/p>\n<p style=\"text-align: justify;\"><em>smago!<\/em> trauert um seinen besten Mann, der jedoch weit \u00fcber <em>smago!<\/em> hinaus der Beste unter den Besten war: Der Musikjournalist HOLGER ST\u00dcRENBURG ist tot. Er starb bereits vor einigen Monaten in einem Pflegeheim. Nachdem sich sein Gesundheitszustand &#8211; nach vielen Auf und Abs &#8211; rapide verschlechtert hatte, war er hermetisch von der Au\u00dfenwelt abgeschirmt worden. Auch Peter Sebastian, mit &#8222;toi, toi, toi records&#8220; einer seiner letzten Arbeitgeber, vermochte nicht mehr zu ihm vorzudringen. Als <em>smago!<\/em> Chefredakteur Andy Tichler mit Holger St\u00fcrenburg sprach, schien jener seiner inneren Seelenfrieden gefunden zu haben. Auch machte er Hoffnung auf eine baldige R\u00fcckkehr ins Musikgesch\u00e4ft, das er so sehr liebte. Leider kam es nicht mehr dazu.<\/p>\n<p style=\"text-align: justify;\">Der &#8211; laut eigener Aussage &#8211; in den 80er-Jahren verwurzelte Musikfreak war \u00fcber viele Jahre der beste Zuarbeiter von und f\u00fcr <em>smago!,<\/em> den man sich \u00fcberhaupt nur vorstellen konnte. Er hatte eine Auffassungsgabe, die ihresgleichen suchte. Und ein Schreibtalent, das f\u00fcr immer unerreichbar bleiben wird.<\/p>\n<p style=\"text-align: justify;\">Holger St\u00fcrenburg (- im \u00dcbrigen ein &#8222;K\u00fcnstlername&#8220; -) verfasste unz\u00e4hlige CD-Rezensionen f\u00fcr www.smago.de, die allesamt das Premium G\u00fctesiegel &#8222;im Test von &#8230; (Holger St\u00fcrenburg)&#8220; verliehen bekamen.<\/p>\n<p style=\"text-align: justify;\">Zuletzt hatte er &#8211; im April 2017 &#8211; die CD &#8222;Made in Germany&#8220; der Gruppe Truck Stop besprochen (<strong><a href=\"https:\/\/smago.de\/country\/TRUCK-STOP-Die-CD-Made-In-Germa-67164\/\">HIER<\/a><\/strong> nachzulesen).<\/p>\n<p style=\"text-align: justify;\">Holger St\u00fcrenburg entwickelte unz\u00e4hlige Compilation-Ideen, bestes Beispiel: sein &#8222;Zeitgeist&#8220; Projekt.<\/p>\n<p style=\"text-align: justify;\">In enger Zusammenarbeit mit <em>smago!<\/em> Chefredakteur Andy Tichler legte Holger St\u00fcrenburg ab 2005 den Grundstein f\u00fcr das Buch-Projekt &#8222;Die Chronik der ZDF-Hitparade &#8211; Die \u00c4ra Dieter Thomas Heck von 1969 &#8211; 1984&#8220;, das 2019 endlich und unter Mitwirkung von Dirk D\u00e4mkes und Stephan Imming \u00a0realisiert werden konnte.<\/p>\n<p style=\"text-align: justify;\">Holger St\u00fcrenburg war f\u00fcr seine Scharfz\u00fcngigkeit gleicherma\u00dfen gef\u00fcrchtet wie gesch\u00e4tzt.<\/p>\n<p style=\"text-align: justify;\">Die deutsche Musiklandschaft hat ihren K\u00f6nig verloren.<\/p>\n<p style=\"text-align: justify;\">Danke, Holger !!!<\/p>\n<p>&nbsp;<\/p>\n<p><img decoding=\"async\" loading=\"lazy\" class=\"alignnone size-full wp-image-136117\" src=\"https:\/\/online.smago.de\/ws2\/wp-content\/uploads\/2019\/10\/stuerenburg.jpg\" alt=\"\" width=\"522\" height=\"522\" srcset=\"https:\/\/smago.de\/ws2\/wp-content\/uploads\/2019\/10\/stuerenburg.jpg 522w, https:\/\/smago.de\/ws2\/wp-content\/uploads\/2019\/10\/stuerenburg-150x150.jpg 150w, https:\/\/smago.de\/ws2\/wp-content\/uploads\/2019\/10\/stuerenburg-190x190.jpg 190w, https:\/\/smago.de\/ws2\/wp-content\/uploads\/2019\/10\/stuerenburg-290x290.jpg 290w, https:\/\/smago.de\/ws2\/wp-content\/uploads\/2019\/10\/stuerenburg-445x445.jpg 445w\" sizes=\"(max-width: 522px) 100vw, 522px\" \/><\/p>\n","protected":false},"excerpt":{"rendered":"<p>Holger St\u00fcrenburg ist tot!<\/p>\n","protected":false},"author":2,"featured_media":136117,"comment_status":"open","ping_status":"closed","sticky":false,"template":"","format":"standard","meta":{"_FSMCFIC_featured_image_caption":"","_FSMCFIC_featured_image_nocaption":"","_FSMCFIC_featured_image_hide":""},"categories":[29,39],"tags":[60],"acf":[],"_links":{"self":[{"href":"https:\/\/smago.de\/ws2\/wp-json\/wp\/v2\/posts\/136116"}],"collection":[{"href":"https:\/\/smago.de\/ws2\/wp-json\/wp\/v2\/posts"}],"about":[{"href":"https:\/\/smago.de\/ws2\/wp-json\/wp\/v2\/types\/post"}],"author":[{"embeddable":true,"href":"https:\/\/smago.de\/ws2\/wp-json\/wp\/v2\/users\/2"}],"replies":[{"embeddable":true,"href":"https:\/\/smago.de\/ws2\/wp-json\/wp\/v2\/comments?post=136116"}],"version-history":[{"count":4,"href":"https:\/\/smago.de\/ws2\/wp-json\/wp\/v2\/posts\/136116\/revisions"}],"predecessor-version":[{"id":136136,"href":"https:\/\/smago.de\/ws2\/wp-json\/wp\/v2\/posts\/136116\/revisions\/136136"}],"wp:featuredmedia":[{"embeddable":true,"href":"https:\/\/smago.de\/ws2\/wp-json\/wp\/v2\/media\/136117"}],"wp:attachment":[{"href":"https:\/\/smago.de\/ws2\/wp-json\/wp\/v2\/media?parent=136116"}],"wp:term":[{"taxonomy":"category","embeddable":true,"href":"https:\/\/smago.de\/ws2\/wp-json\/wp\/v2\/categories?post=136116"},{"taxonomy":"post_tag","embeddable":true,"href":"https:\/\/smago.de\/ws2\/wp-json\/wp\/v2\/tags?post=136116"}],"curies":[{"name":"wp","href":"https:\/\/api.w.org\/{rel}","templated":true}]}}