{"id":135985,"date":"2019-10-04T00:00:25","date_gmt":"2019-10-03T22:00:25","guid":{"rendered":"https:\/\/smago.de\/?p=135985"},"modified":"2019-10-03T20:29:03","modified_gmt":"2019-10-03T18:29:03","slug":"frank-zander-urgestein-frank-zander-sein-herz-schlaegt-nicht-nur-fuer-die-musik","status":"publish","type":"post","link":"https:\/\/smago.de\/ws2\/nonsens\/frank-zander-urgestein-frank-zander-sein-herz-schlaegt-nicht-nur-fuer-die-musik\/","title":{"rendered":"FRANK ZANDER <br>&#8222;Urgestein&#8220; Frank Zander:  Sein Herz schl\u00e4gt nicht nur f\u00fcr die Musik!"},"content":{"rendered":"<p>Lesen Sie HIER &#8211; mit freundlicher Genehmigung der Stadl Media GmbH &#8211; die aktuelle STADLPOST Kolumne von <em>smago!<\/em> Chefredakteur Andy Tichler &#8230;:<br \/>\n<!--more--><\/p>\n<p>&nbsp;<\/p>\n<p style=\"text-align: justify;\"><em>Hubertus Meyer-Burckhardt bescheinigte ihm am 19.07.2019 in der 847. Ausgabe der \u201eNDR Talk Show\u201c, \u201eDas Weltkulturerbe des deutschen Entertainments\u201c zu sein. Und das ist er auch \u2013 der Neuk\u00f6llner Stra\u00dfenk\u00f6ter, wie er sich selbst nennt.<\/em><\/p>\n<p style=\"text-align: justify;\"><em>Doch der Mann mit der unverkennbaren Reibeisen-Stimme hat nicht nur in seinen vielen Berufen (S\u00e4nger, Moderator, Schauspieler, Plattenboss, Maler &#8230;) echte Pionier-Arbeit geleistet, ist mit seinen 77 Jahren noch immer (bzw. zum Gl\u00fcck wieder) fit wie ein Turnschuh, er ist auch Wohlt\u00e4ter. So richtet er mit seiner Familie am 20.12.2019 zum 25. Mal eine Weihnachtsfeier f\u00fcr Obdachlose und Bed\u00fcrftige im Berliner Estrel Hotel aus (www.obdachlosenfest.de), die mittlerweile das gr\u00f6\u00dfte Fest f\u00fcr Menschen von der Stra\u00dfe in Europa ist. Neben dem legend\u00e4ren G\u00e4nsebraten-Essen bietet er seinen G\u00e4sten ein Top-Unterhaltungsprogramm. Die G\u00e4steliste der prominenten Helfer, die rund 3.000 Portionen G\u00e4nsebraten servieren, liest sich wie das Who is Who. Frank Zander gibt den Obdachlosen f\u00fcr einen Nachmittag ihre W\u00fcrde zur\u00fcck. L\u00e4ngst gilt \u201eFranky\u201c-Boy Zander als Robin Hood der Neuzeit. Sein Einsatz ist weiterhin unerm\u00fcdlich.<\/em><\/p>\n<p style=\"text-align: justify;\"><em>Dass er im Jahre 2004 mit seiner (im Rammstein-Stil gehaltenen) CD \u201eRabenschwarz\u201c augenzwinkernd \u201eDas Ende des Deutschen Schlagers\u201c beschwor, ist l\u00e4ngst \u201everziehen\u201c. Und Franks schwarzer und subtiler Humor ist mindestens so legend\u00e4r wie er selbst.<\/em><\/p>\n","protected":false},"excerpt":{"rendered":"<p>Lesen Sie HIER &#8211; mit freundlicher Genehmigung der Stadl Media GmbH &#8211; die aktuelle STADLPOST Kolumne von smago! Chefredakteur Andy<\/p>\n","protected":false},"author":2,"featured_media":135986,"comment_status":"open","ping_status":"closed","sticky":false,"template":"","format":"standard","meta":{"_FSMCFIC_featured_image_caption":"","_FSMCFIC_featured_image_nocaption":"","_FSMCFIC_featured_image_hide":""},"categories":[23,39],"tags":[391],"acf":[],"_links":{"self":[{"href":"https:\/\/smago.de\/ws2\/wp-json\/wp\/v2\/posts\/135985"}],"collection":[{"href":"https:\/\/smago.de\/ws2\/wp-json\/wp\/v2\/posts"}],"about":[{"href":"https:\/\/smago.de\/ws2\/wp-json\/wp\/v2\/types\/post"}],"author":[{"embeddable":true,"href":"https:\/\/smago.de\/ws2\/wp-json\/wp\/v2\/users\/2"}],"replies":[{"embeddable":true,"href":"https:\/\/smago.de\/ws2\/wp-json\/wp\/v2\/comments?post=135985"}],"version-history":[{"count":2,"href":"https:\/\/smago.de\/ws2\/wp-json\/wp\/v2\/posts\/135985\/revisions"}],"predecessor-version":[{"id":135988,"href":"https:\/\/smago.de\/ws2\/wp-json\/wp\/v2\/posts\/135985\/revisions\/135988"}],"wp:featuredmedia":[{"embeddable":true,"href":"https:\/\/smago.de\/ws2\/wp-json\/wp\/v2\/media\/135986"}],"wp:attachment":[{"href":"https:\/\/smago.de\/ws2\/wp-json\/wp\/v2\/media?parent=135985"}],"wp:term":[{"taxonomy":"category","embeddable":true,"href":"https:\/\/smago.de\/ws2\/wp-json\/wp\/v2\/categories?post=135985"},{"taxonomy":"post_tag","embeddable":true,"href":"https:\/\/smago.de\/ws2\/wp-json\/wp\/v2\/tags?post=135985"}],"curies":[{"name":"wp","href":"https:\/\/api.w.org\/{rel}","templated":true}]}}