{"id":135778,"date":"2019-09-28T00:00:11","date_gmt":"2019-09-27T22:00:11","guid":{"rendered":"https:\/\/smago.de\/?p=135778"},"modified":"2019-09-27T15:55:42","modified_gmt":"2019-09-27T13:55:42","slug":"wer-weiss-denn-sowas-wer-weiss-denn-sowas-ist-zurueck","status":"publish","type":"post","link":"https:\/\/smago.de\/ws2\/smago-informiert\/wer-weiss-denn-sowas-wer-weiss-denn-sowas-ist-zurueck\/","title":{"rendered":"&#8222;WER WEI\u00df DENN SOWAS?&#8220; <br>\u201eWer wei\u00df denn sowas?\u201c ist zur\u00fcck!"},"content":{"rendered":"<p>\u201eXXL\u201c-Ausgabe am heutigen Samstag, den 28.09.2019, um 20:15 Uhr und eine neue Staffel ab Montag, 30. September, um 18:00 Uhr (Das Erste \/ ARD)!<br \/>\n<!--more--><\/p>\n<p style=\"text-align: justify;\">\n<p style=\"text-align: justify;\">Vor dem Start der neuen Staffel von \u201eWer wei\u00df denn sowas?\u201c im Vorabendprogramm des Ersten l\u00e4dt Moderator Kai Pflaume die Zuschauer zu einer extralangen XXL-Primetime-Ausgabe seiner Erfolgsshow ein. Nat\u00fcrlich werden auch die beiden Teamchefs Bernhard Ho\u00ebcker und Elton bei \u201eWer wei\u00df denn sowas XXL\u201c ihr Bestes geben, um m\u00f6glichst viel Geld f\u00fcr ihre Unterst\u00fctzer im Studiopublikum zu erspielen.<\/p>\n<p style=\"text-align: justify;\">Dass es nicht nur unterhaltsam, sondern auch ausgesprochen witzig beim Raten zugeht, garantieren diesmal Christoph Maria Herbst und Atze Schr\u00f6der.<\/p>\n<p>Im zweiten Duell des Abends kommt es zum Aufeinandertreffen der beiden Schauspieler Hannah Herzsprung und Florian David Fitz.<br \/>\nBesonders gespannt sein darf man auf das Duell zweier starker Frauen: \u201eTagesschau\u201c-Sprecherin Judith Rakers fordert die Autorin und Publizistin Alice Schwarzer heraus.<\/p>\n<p style=\"text-align: justify;\">Auch in der neuen XXL-Ausgabe des unglaublichen Wissensquiz\u2018 k\u00f6nnen sich die Zuschauerinnen und Zuschauer darauf verlassen, dass verbl\u00fcffende L\u00f6sungen auf knifflige Fragen mit spektakul\u00e4ren Live-Experimenten im Studio erkl\u00e4rt werden. Und nat\u00fcrlich d\u00fcrfen auch tierische \u00dcberraschungsg\u00e4ste, \u00fcber die es Interessantes zu erfahren gibt, nicht fehlen.<\/p>\n<p style=\"text-align: justify;\">\u201eWer wei\u00df denn sowas?\u201c \u2013 Die neue Staffel im Vorabendprogramm des Ersten<\/p>\n<p style=\"text-align: justify;\">Am Montag, 30. September 2019, startet die neue Staffel \u201eWer wei\u00df denn sowas?\u201c im Ersten mit so vielen Rateduellen wie nie zuvor! Die Zuschauer k\u00f6nnen sich auf 150 brandneue Folgen mit dem lustigsten Quiz-Trio des Vorabends freuen.<\/p>\n<p style=\"text-align: justify;\">Montags bis freitags um 18:00 Uhr bringt Moderator Kai Pflaume seine prominenten G\u00e4ste und die \u201eR\u00e4tselmeister\u201c Bernhard Ho\u00ebcker und Elton geh\u00f6rig zum Gr\u00fcbeln, wenn sie versuchen, m\u00f6glichst viele richtige Antworten auf au\u00dfergew\u00f6hnliche Fragen zu geben.<\/p>\n<p style=\"text-align: justify;\">Bereits in der ersten Woche gibt es zahlreiche brisante Rate-Wettk\u00e4mpfe.<br \/>\nIn der ersten Sendung der Staffel treffen die beiden Schauspiel-Stars Nora Tschirner und Dietmar B\u00e4r aufeinander, es folgen das Duell der beiden \u201eLet\u2019s Dance\u201c- Stars Isabel Edvardsson und Pascal Hens, der Bestsellerautorin Ildik\u00f3 von K\u00fcrthy, die gegen die Schauspielerin Maria Furtw\u00e4ngler antritt, und das Schlauberger-Giganten-Duell zwischen den beiden allwissenden \u201eJ\u00e4gern\u201c aus der Quizshow \u201eGefragt \u2013 Gejagt\u201c, Sebastian Jacoby und Klaus Otto Nagorsnik.<\/p>\n<p>&nbsp;<\/p>\n<p>&nbsp;<\/p>\n<p style=\"text-align: justify;\"><em>Die \u201eWer-wei\u00df-denn-sowas-Woche?\u201c im \u00dcberblick:<\/em><\/p>\n<p>&nbsp;<\/p>\n<p>&nbsp;<\/p>\n<p style=\"text-align: justify;\">Mo., 30.09.2019 &#8211; Nora Tschirner vs Dietmar B\u00e4r<\/p>\n<p style=\"text-align: justify;\">Di., 01.10.2019 &#8211; Isabel Edvardsson vs Pascal Hens<\/p>\n<p style=\"text-align: justify;\">Mi., 02.10.2019 &#8211; Ildik\u00f3 von K\u00fcrthy vs Maria Furtw\u00e4ngler<\/p>\n<p style=\"text-align: justify;\">Do., 03.10.2019 &#8211; Feiertagsprogramm<\/p>\n<p style=\"text-align: justify;\">Fr., 04.10.2019 &#8211; Sebastian Jacoby vs Klaus Otto Nagorsnik<\/p>\n<p>&nbsp;<\/p>\n<p style=\"text-align: justify;\"><em>\u201eWer wei\u00df denn sowas?\u201c ist eine Produktion der UFA SHOW &amp; FACTUAL GmbH im Auftrag der ARD-Werbung und der ARD f\u00fcr Das Erste. Die Redaktion liegt beim Norddeutschen Rundfunk.<\/em><\/p>\n","protected":false},"excerpt":{"rendered":"<p>\u201eXXL\u201c-Ausgabe am heutigen Samstag, den 28.09.2019, um 20:15 Uhr und eine neue Staffel ab Montag, 30. September, um 18:00 Uhr<\/p>\n","protected":false},"author":2,"featured_media":132850,"comment_status":"open","ping_status":"closed","sticky":false,"template":"","format":"standard","meta":{"_FSMCFIC_featured_image_caption":"","_FSMCFIC_featured_image_nocaption":"","_FSMCFIC_featured_image_hide":""},"categories":[33,128],"tags":[285],"acf":[],"_links":{"self":[{"href":"https:\/\/smago.de\/ws2\/wp-json\/wp\/v2\/posts\/135778"}],"collection":[{"href":"https:\/\/smago.de\/ws2\/wp-json\/wp\/v2\/posts"}],"about":[{"href":"https:\/\/smago.de\/ws2\/wp-json\/wp\/v2\/types\/post"}],"author":[{"embeddable":true,"href":"https:\/\/smago.de\/ws2\/wp-json\/wp\/v2\/users\/2"}],"replies":[{"embeddable":true,"href":"https:\/\/smago.de\/ws2\/wp-json\/wp\/v2\/comments?post=135778"}],"version-history":[{"count":1,"href":"https:\/\/smago.de\/ws2\/wp-json\/wp\/v2\/posts\/135778\/revisions"}],"predecessor-version":[{"id":135779,"href":"https:\/\/smago.de\/ws2\/wp-json\/wp\/v2\/posts\/135778\/revisions\/135779"}],"wp:featuredmedia":[{"embeddable":true,"href":"https:\/\/smago.de\/ws2\/wp-json\/wp\/v2\/media\/132850"}],"wp:attachment":[{"href":"https:\/\/smago.de\/ws2\/wp-json\/wp\/v2\/media?parent=135778"}],"wp:term":[{"taxonomy":"category","embeddable":true,"href":"https:\/\/smago.de\/ws2\/wp-json\/wp\/v2\/categories?post=135778"},{"taxonomy":"post_tag","embeddable":true,"href":"https:\/\/smago.de\/ws2\/wp-json\/wp\/v2\/tags?post=135778"}],"curies":[{"name":"wp","href":"https:\/\/api.w.org\/{rel}","templated":true}]}}