{"id":135698,"date":"2019-09-27T00:00:31","date_gmt":"2019-09-26T22:00:31","guid":{"rendered":"https:\/\/smago.de\/?p=135698"},"modified":"2019-09-26T12:20:23","modified_gmt":"2019-09-26T10:20:23","slug":"jeanette-biedermann-u-a-heute-27-09-2019-in-der-sendung-riverboat-zu-gast","status":"publish","type":"post","link":"https:\/\/smago.de\/ws2\/pop\/jeanette-biedermann-u-a-heute-27-09-2019-in-der-sendung-riverboat-zu-gast\/","title":{"rendered":"JEANETTE BIEDERMANN u.a. <br>Heute (27.09.2019) in der Sendung &#8222;Riverboat&#8220; zu Gast!"},"content":{"rendered":"<p>&#8222;Die MDR-Talkshow aus Leipzig&#8220; \/\/ MDR FERNSEHEN + rbb FERNSEHEN, 22:00 Uhr &#8211; 00:10 Uhr! Moderation: Kim Fisher und J\u00f6rg Kachelmann!<br \/>\n<!--more--><\/p>\n<p>&nbsp;<\/p>\n<p>&nbsp;<\/p>\n<div class=\"box cssBroadcastContentInfos\" style=\"text-align: justify;\"><strong>Die G\u00e4ste:<\/strong><\/div>\n<div><\/div>\n<div><\/div>\n<div class=\"box cssBroadcastContentInfos\" style=\"text-align: justify;\">\n<p>* Wolfgang Stumph, Schauspieler und Kabarettist<br \/>\n* Steffen M\u00f6ller, Bestseller-Autor, beliebtester Deutscher in Polen<br \/>\n* Olli Dittrich alias &#8222;Dittche&#8220;, Komiker und Comedian<br \/>\n* Dennenesch Zoud\u00e9, Schauspielerin<br \/>\n* Jeanette Biedermann, Pops\u00e4ngerin<br \/>\n* Max von Thun, Schauspieler<br \/>\n* Christoph Biemann, &#8222;Sendung mit der Maus&#8220;-Macher<br \/>\n* Andreas Haesler, Z\u00e4hne-Sammler und Gr\u00fcnder Dentalhistorisches Museum bei Leipzig<\/p>\n<\/div>\n<div style=\"text-align: justify;\"><\/div>\n<div style=\"text-align: justify;\"><\/div>\n<div><\/div>\n<div><\/div>\n<div><\/div>\n<div style=\"text-align: justify;\"><\/div>\n<div style=\"text-align: justify;\"><\/div>\n<div class=\"box cssBroadcastContentInfos\" style=\"text-align: justify;\">\n<p><strong>Mehr zu den G\u00e4sten:<\/strong><\/p>\n<\/div>\n<p>&nbsp;<\/p>\n<p>&nbsp;<\/p>\n<div style=\"text-align: justify;\"><\/div>\n<div style=\"text-align: justify;\"><\/div>\n<div class=\"box cssBroadcastContentInfos\" style=\"text-align: justify;\">\n<p><strong>* Wolfgang Stumph, Schauspieler und Kabarettist <\/strong><\/p>\n<\/div>\n<div style=\"text-align: justify;\"><\/div>\n<div class=\"box cssBroadcastContentInfos\" style=\"text-align: justify;\">Was die Kultivierung des s\u00e4chsischen Dialektes und dessen Sympathiewerte betrifft, hat Wolfgang Stumph alles gutgemacht, was Walter Ulbricht versaut hatte, sagt sein Freund Entertainer Gunther Emmerlich \u00fcber ihn. Doch Schauspieler und Kabarettist Wolfgang Stumph ist mehr als nur der Vorzeige-Sachse. Es gibt kaum eine Rolle des 73-J\u00e4hrigen in dem nicht auch Stumph-Sinn steckt: So bezeichnet der Dresdner seine Art und Weise gesellschaftliche Themen anzugehen. Ob als Postbeamter Wolle Stankoweit Mitte der 90er Jahre in &#8222;Salto Postale&#8220; (ab 29.9.19 sonntags, 15.25 Uhr im MDR-Fernsehen) oder auch in seinem neuesten Projekt: &#8222;GrenzenLos&#8220; (am 29.9.19 um 20.15 Uhr im MDR-Fernsehen). Aus Anlass des 30. Jubil\u00e4ums des Mauerfalls hat Wolfgang Stumph Menschen kennengelernt, die vor 30 Jahren auf dem Weg in ihr neues Leben von Ost nach West fotografiert worden sind.<\/div>\n<div style=\"text-align: justify;\"><\/div>\n<div style=\"text-align: justify;\"><\/div>\n<div style=\"text-align: justify;\"><\/div>\n<div class=\"box cssBroadcastContentInfos\" style=\"text-align: justify;\">\n<p><strong>* Steffen M\u00f6ller, Bestseller-Autor <\/strong><\/p>\n<\/div>\n<div style=\"text-align: justify;\"><\/div>\n<div class=\"box cssBroadcastContentInfos\" style=\"text-align: justify;\">Steffen M\u00f6ller ist der bekannteste und beliebteste Deutsche in Polen. Der Schauspieler und Entertainer entdeckte vor 26 Jahren seine Liebe zu dem Land und machte Polen zu seiner Wahlheimat. Mit seinen B\u00fcchern und Auftritten vermittelt er zwischen den zwei Nationen und ber\u00e4t deutsch-polnische Paare in der ein oder anderen kulturellen Schwerenot. Sein aktuelles Buch &#8222;Weronika, dein Mann ist da!&#8220; dreht sich rund um die deutsch-polnische Verst\u00e4ndigung und M\u00f6ller vermittelt die Kunst des Grenzen \u00fcberschreitenden Liebesgl\u00fccks.<\/div>\n<div style=\"text-align: justify;\"><\/div>\n<div style=\"text-align: justify;\"><\/div>\n<div style=\"text-align: justify;\"><\/div>\n<div class=\"box cssBroadcastContentInfos\" style=\"text-align: justify;\">\n<p><strong>* Olli Dittrich, Musiker, Schauspieler, Komiker (&#8222;Dittsche&#8220;) <\/strong><\/p>\n<\/div>\n<div style=\"text-align: justify;\"><\/div>\n<div class=\"box cssBroadcastContentInfos\" style=\"text-align: justify;\">&#8222;Das wirklich wahre Leben&#8220; spielt sich seit 28 Jahren in einem Imbiss in Hamburg-Eppendorf ab. Dort philosophiert regelm\u00e4\u00dfig ein gewisser Dittsche mit Imbissbudenbesitzer Ingo und den \u00fcbrigen G\u00e4sten \u00fcber Gott und die Welt. Jetzt geht Olli Dittrich mit seinem Alter Ego erstmals auf Tournee und ist im November auch in Mitteldeutschland zu Gast. Olli Dittrich wurde in den 90er Jahren vor allem als Teil der Comedy-Show &#8222;RTL Samstag Nacht&#8220; bekannt, wo er in zahlreiche Rollen schl\u00fcpfte. Musikalische Erfolge feierte er gemeinsam mit Wigald Boning und dem Duo &#8222;Die Doofen&#8220;, das sogar als Vorgruppe der Hardrockband Bon Jovi auftrat. Mit seinen schr\u00e4gen Parodien verulkt Olli Dittrich nicht nur einzelne Prominente wie Franz Beckenbauer, sondern gleich ganze Berufsgruppen: als Schlagerstar Trixie D\u00f6rfel oder Sachsen-Reporter Sandro Zahlemann.<\/div>\n<div style=\"text-align: justify;\"><\/div>\n<div style=\"text-align: justify;\"><\/div>\n<div style=\"text-align: justify;\"><\/div>\n<div style=\"text-align: justify;\"><\/div>\n<div class=\"box cssBroadcastContentInfos\" style=\"text-align: justify;\">\n<p><strong>* Dennenesch Zoud\u00e9, Schauspielerin<\/strong><\/p>\n<\/div>\n<div style=\"text-align: justify;\"><\/div>\n<div style=\"text-align: justify;\"><\/div>\n<div class=\"box cssBroadcastContentInfos\" style=\"text-align: justify;\">Bei aller Sch\u00f6nheit und Grazilit\u00e4t sollte man sie nie untersch\u00e4tzen: Dennenesch Zoud\u00e9 ist ein K\u00e4mpfer-Typ. Ob nach dem unvermittelten Tod ihres Mannes, Regisseur Carlo Rola, vor gut drei Jahren oder die Widerst\u00e4nde in der eigenen Familie. Jetzt darf die Schauspielerin diese Kraft auch in einer Fernsehrolle zeigen: Sie wird die neue Zoo-Direktorin in der ARD-Serie &#8222;Tier\u00e4rztin Dr. Mertens&#8220; und bietet Elisabeth Lanz als Spielpartnerin die Stirn, immer dienstags um 20.15 Uhr.<\/div>\n<div style=\"text-align: justify;\"><\/div>\n<div style=\"text-align: justify;\"><\/div>\n<div style=\"text-align: justify;\"><\/div>\n<div class=\"box cssBroadcastContentInfos\" style=\"text-align: justify;\">\n<p><strong>* Jeanette Biedermann, Pops\u00e4ngerin<\/strong><\/p>\n<\/div>\n<div style=\"text-align: justify;\"><\/div>\n<div class=\"box cssBroadcastContentInfos\" style=\"text-align: justify;\">Kleine Frau ganz gro\u00df: Jeanette Biedermann l\u00e4sst wieder einmal aufhorchen. Nach \u00fcber zehn Jahren gibt es ein neues Solo-Album: &#8222;DNA&#8220;! Deutsche Texte, mal leise, mal rockig. Die Berlinerin l\u00e4sst dabei tief in ihre zarte Seele blicken und offenbart, wie sie gestrickt ist. Nach dem vorl\u00e4ufigen Aus ihrer Band &#8222;Ewig&#8220; hat sich 39-J\u00e4hrige aufgerappelt, verarbeitet den Tod ihres Vaters und so manch andere schwere Stunde, erinnert sich aber auch an ihre sch\u00f6nen Momente. \u00dcberraschend anders, \u00fcberragend gut und unglaublich authentisch.<\/div>\n<div style=\"text-align: justify;\"><\/div>\n<div style=\"text-align: justify;\"><\/div>\n<div style=\"text-align: justify;\"><\/div>\n<div class=\"box cssBroadcastContentInfos\" style=\"text-align: justify;\">\n<p><strong>* Max von Thun, Schauspieler <\/strong><\/p>\n<\/div>\n<div style=\"text-align: justify;\"><\/div>\n<div class=\"box cssBroadcastContentInfos\" style=\"text-align: justify;\">Einst als Bad Boy of the year gefeiert zeigt Max von Thun jetzt vor allen Dingen seine weiche Seite. Schuld daran: Sohn Leo, 6 Jahre. In dieser Rolle geht der Schauspieler so richtig auf. Dem Nachwuchs ist es auch zu verdanken, dass der 42-J\u00e4hrige ein neues Berufsfeld f\u00fcr sich entdeckt hat: Er ist unter die Schriftsteller gegangen! Das erste Kinderbuch &#8222;Der Sternenmann&#8220; kam 2018 in die Buchl\u00e4den, jetzt ist das H\u00f6rbuch mit eigen komponierten Liedern dazu auf den Markt. Sohn Leo sei ein strenger Kritiker, &#8222;mittlerweile vor allem Kollege.&#8220; Denn die Fortsetzung sei auch schon fertig geschrieben &#8222;Die Geschichte habe ich mit meinem Sohn gemeinsam entwickelt&#8220;, so Max von Thun.<\/div>\n<div style=\"text-align: justify;\"><\/div>\n<div style=\"text-align: justify;\"><\/div>\n<div style=\"text-align: justify;\"><\/div>\n<div class=\"box cssBroadcastContentInfos\" style=\"text-align: justify;\">\n<p><strong>* Christoph Biemann, &#8222;Sendung mit der Maus&#8220;-Macher <\/strong><\/p>\n<\/div>\n<div style=\"text-align: justify;\"><\/div>\n<div class=\"box cssBroadcastContentInfos\" style=\"text-align: justify;\">Seit 48 Jahren tapst die Maus jeden Sonntag \u00fcber den Bildschirm. Und genauso lange ist er dabei: Christoph Biemann ist einer der Produzenten, Regisseure und Moderatoren der &#8222;Sendung mit der Maus&#8220;. Am liebsten arbeitet er zwar hinter der Kamera, aber in manchen Sachgeschichten ist er auch zu sehen, meist ein bisschen tollpatschig und am gr\u00fcnen Pullover zu erkennen. Jetzt hat Christoph Biemann, der mithalf das Kinderfernsehen zu revolutionieren, ein Buch geschrieben, gemeinsam mit dem Autor Thomas Montasser: &#8222;Buchstabenzauber&#8220; hei\u00dft es und will erkl\u00e4ren &#8222;wie Sie Ihr Kind f\u00fcrs Lesen begeistern&#8220;. Christoph Biemann liebt B\u00fccher, nicht nur, weil seine Oma Bibliothekarin war.<\/div>\n<div style=\"text-align: justify;\"><\/div>\n<div style=\"text-align: justify;\"><\/div>\n<div style=\"text-align: justify;\"><\/div>\n<div style=\"text-align: justify;\"><\/div>\n<div class=\"box cssBroadcastContentInfos\" style=\"text-align: justify;\"><strong>* Andreas Haesler, Z\u00e4hne-Sammler und Gr\u00fcnder Dentalhistorisches Museum <\/strong><\/div>\n<div style=\"text-align: justify;\"><\/div>\n<div class=\"box cssBroadcastContentInfos\" style=\"text-align: justify;\">Wer kann schon von sich behaupten, dass er eine Million Z\u00e4hne besitzt? Wahrscheinlich nur Einer weltweit: Andreas Haesler aus Zschadra\u00df bei Colditz in Sachsen. Vor knapp 30 Jahren hat der gelernte Zahntechniker angefangen, Historisches zum Thema Z\u00e4hne zu bewahren. Aus dem Bewahren ist eine Flut an Zusendungen und Funden geworden. Seine Sammelleidenschaft wurde entfacht. Mittlerweile besitzt der 58-J\u00e4hrige eine weltweit einzigartige Sammlung in seinem Dentalhistorischen Museum.<\/div>\n<div class=\"box\">\n<div class=\"linklist\" style=\"text-align: justify;\"><\/div>\n<\/div>\n","protected":false},"excerpt":{"rendered":"<p>&#8222;Die MDR-Talkshow aus Leipzig&#8220; \/\/ MDR FERNSEHEN + rbb FERNSEHEN, 22:00 Uhr &#8211; 00:10 Uhr! Moderation: Kim Fisher und J\u00f6rg<\/p>\n","protected":false},"author":2,"featured_media":124721,"comment_status":"open","ping_status":"closed","sticky":false,"template":"","format":"standard","meta":{"_FSMCFIC_featured_image_caption":"","_FSMCFIC_featured_image_nocaption":"","_FSMCFIC_featured_image_hide":""},"categories":[27,128],"tags":[131],"acf":[],"_links":{"self":[{"href":"https:\/\/smago.de\/ws2\/wp-json\/wp\/v2\/posts\/135698"}],"collection":[{"href":"https:\/\/smago.de\/ws2\/wp-json\/wp\/v2\/posts"}],"about":[{"href":"https:\/\/smago.de\/ws2\/wp-json\/wp\/v2\/types\/post"}],"author":[{"embeddable":true,"href":"https:\/\/smago.de\/ws2\/wp-json\/wp\/v2\/users\/2"}],"replies":[{"embeddable":true,"href":"https:\/\/smago.de\/ws2\/wp-json\/wp\/v2\/comments?post=135698"}],"version-history":[{"count":3,"href":"https:\/\/smago.de\/ws2\/wp-json\/wp\/v2\/posts\/135698\/revisions"}],"predecessor-version":[{"id":135713,"href":"https:\/\/smago.de\/ws2\/wp-json\/wp\/v2\/posts\/135698\/revisions\/135713"}],"wp:featuredmedia":[{"embeddable":true,"href":"https:\/\/smago.de\/ws2\/wp-json\/wp\/v2\/media\/124721"}],"wp:attachment":[{"href":"https:\/\/smago.de\/ws2\/wp-json\/wp\/v2\/media?parent=135698"}],"wp:term":[{"taxonomy":"category","embeddable":true,"href":"https:\/\/smago.de\/ws2\/wp-json\/wp\/v2\/categories?post=135698"},{"taxonomy":"post_tag","embeddable":true,"href":"https:\/\/smago.de\/ws2\/wp-json\/wp\/v2\/tags?post=135698"}],"curies":[{"name":"wp","href":"https:\/\/api.w.org\/{rel}","templated":true}]}}