{"id":135507,"date":"2019-09-21T00:00:03","date_gmt":"2019-09-20T22:00:03","guid":{"rendered":"https:\/\/smago.de\/?p=135507"},"modified":"2019-09-20T10:13:19","modified_gmt":"2019-09-20T08:13:19","slug":"faeaschtbaenkler-hansi-hinterseer-die-jungen-zillertaler-melissa-naschenweng-u-a-so-mittag-15-09-im-zdf-zdf-fernsehgarten-21-21-2019-oktoberfes","status":"publish","type":"post","link":"https:\/\/smago.de\/ws2\/schlager\/faeaschtbaenkler-hansi-hinterseer-die-jungen-zillertaler-melissa-naschenweng-u-a-so-mittag-15-09-im-zdf-zdf-fernsehgarten-21-21-2019-oktoberfes\/","title":{"rendered":"F\u00c4ASCHTB\u00c4NKLER, HANSI HINTERSEER, DIE JUNGEN ZILLERTALER, MELISSA NASCHENWENG u.a. <br>So.mittag (15.09.) im ZDF: \u201eZDF-Fernsehgarten\u201c (21\/21 \u2013 2019) \u2013 \u201eOktoberfest\u201c!"},"content":{"rendered":"<ul>\n<li>&#8222;Andrea Kiewel pr\u00e4sentiert Musik und G\u00e4ste&#8220; \/\/ 12:00 Uhr &#8211; 14:15 Uhr! Regie: Claudia Schlappner!<\/li>\n<\/ul>\n<p><!--more--><\/p>\n<p>&nbsp;<\/p>\n<p style=\"text-align: justify;\">\n<p style=\"text-align: justify;\">O&#8217;zapft is! Heute er\u00f6ffnen Andrea Kiewel und der &#8222;ZDF-Fernsehgarten&#8220; auf dem Mainzer Lerchenberg die Oktoberfest-Saison 2019 mit z\u00fcnftiger Musik, Spiel, Spa\u00df und guter Laune.<\/p>\n<p style=\"text-align: justify;\">G\u00e4ste: Die Jungen Zillertaler, Troglauer, M\u00fcnchner Zwietracht, Melissa Naschenweng, Alpin KG, Hansi Hinterseer, Die Draufg\u00e4nger, Die Sch\u00fcrzenj\u00e4ger, DDC Breakdance, Antonia aus Tirol, DeSchoWieda feat. Fred and Richard, F\u00e4aschtb\u00e4nkler und andere. Letzte Ausgabe &#8222;ZDF-Fernsehgarten&#8220; 2019.<\/p>\n","protected":false},"excerpt":{"rendered":"<p>&#8222;Andrea Kiewel pr\u00e4sentiert Musik und G\u00e4ste&#8220; \/\/ 12:00 Uhr &#8211; 14:15 Uhr! Regie: Claudia Schlappner!<\/p>\n","protected":false},"author":2,"featured_media":53482,"comment_status":"open","ping_status":"closed","sticky":false,"template":"","format":"standard","meta":{"_FSMCFIC_featured_image_caption":"","_FSMCFIC_featured_image_nocaption":"","_FSMCFIC_featured_image_hide":""},"categories":[29,39,128],"tags":[192],"acf":[],"_links":{"self":[{"href":"https:\/\/smago.de\/ws2\/wp-json\/wp\/v2\/posts\/135507"}],"collection":[{"href":"https:\/\/smago.de\/ws2\/wp-json\/wp\/v2\/posts"}],"about":[{"href":"https:\/\/smago.de\/ws2\/wp-json\/wp\/v2\/types\/post"}],"author":[{"embeddable":true,"href":"https:\/\/smago.de\/ws2\/wp-json\/wp\/v2\/users\/2"}],"replies":[{"embeddable":true,"href":"https:\/\/smago.de\/ws2\/wp-json\/wp\/v2\/comments?post=135507"}],"version-history":[{"count":1,"href":"https:\/\/smago.de\/ws2\/wp-json\/wp\/v2\/posts\/135507\/revisions"}],"predecessor-version":[{"id":135508,"href":"https:\/\/smago.de\/ws2\/wp-json\/wp\/v2\/posts\/135507\/revisions\/135508"}],"wp:featuredmedia":[{"embeddable":true,"href":"https:\/\/smago.de\/ws2\/wp-json\/wp\/v2\/media\/53482"}],"wp:attachment":[{"href":"https:\/\/smago.de\/ws2\/wp-json\/wp\/v2\/media?parent=135507"}],"wp:term":[{"taxonomy":"category","embeddable":true,"href":"https:\/\/smago.de\/ws2\/wp-json\/wp\/v2\/categories?post=135507"},{"taxonomy":"post_tag","embeddable":true,"href":"https:\/\/smago.de\/ws2\/wp-json\/wp\/v2\/tags?post=135507"}],"curies":[{"name":"wp","href":"https:\/\/api.w.org\/{rel}","templated":true}]}}