{"id":135492,"date":"2019-09-20T09:15:08","date_gmt":"2019-09-20T07:15:08","guid":{"rendered":"https:\/\/smago.de\/?p=135492"},"modified":"2019-09-20T09:16:23","modified_gmt":"2019-09-20T07:16:23","slug":"christian-anders-smago-exklusiv-christian-anders-zum-thema-singen-mit-band-oder-orchester","status":"publish","type":"post","link":"https:\/\/smago.de\/ws2\/schlager\/christian-anders-smago-exklusiv-christian-anders-zum-thema-singen-mit-band-oder-orchester\/","title":{"rendered":"CHRISTIAN ANDERS <br>smago! exklusiv: &#8222;Ich brauche keinen Drachen, auf dem ich reite!&#8220;!"},"content":{"rendered":"<p>Christian Anders in einem G\u00e4stebuch-Beitrag zum Thema &#8222;Singen mit Band oder Orchester&#8220; &#8230;:<br \/>\n<!--more--><\/p>\n<p>&nbsp;<\/p>\n<p>&nbsp;<\/p>\n<p style=\"text-align: justify;\"><em>IHR LIEBEN!<br \/>\n<\/em><br \/>\n<em>Nun muss ich doch mal meinen Senf geben zum Thema &#8222;Singen mit Band oder Orchester&#8220;. <\/em><\/p>\n<p style=\"text-align: justify;\"><em>Also dann<\/em>:\u00a0<em>Nehmen wir doch mal einen Weltstar wie Frank Sinatra, mit dem ich mich nicht vergleichen m\u00f6chte. ABER: Frank Sinatra stand auf der B\u00fchne GANZ ALLEIN. Nur er, ein Scheinwerfer, und das Mikro. DAS ORCHESTER war oft gar nicht zu sehen! Es fidelte hinter einem Vorhang. Um es mal krass zu sagen: Wer auf der B\u00fchne Orchester braucht, will nur von der Realit\u00e4t ablenken, dass er, oder sie, alleine nicht die n\u00f6tige Ausstrahlung hat, um ein 2 Stunden Konzert zu \u00fcberstehen! Nehmen wir nur mal die alternde Schlagermatrone Helene Fischer. Sie kommt halbnackt auf einem DRACHEN hereingeflogen! Warum wohl? Weil sie das braucht, damit die Leute \u00fcberhaupt kommen! ICH brauche das NICHT! Ich brauche keinen Drachen, auf dem ich reite. Das w\u00fcrde ich als Tiersch\u00fctzer gar nichts zulassen! HAHA! Kommt mal zu meinem Konzert am 26. 10 dann wisst ihr was ich meine! Siehe <strong><a href=\"https:\/\/smago.de\/schlager\/christian-anders-smago-exklusiv-vorab-zeitlos-schlager-ikone-christian-anders-startet-mit-74-nochmal-richtig-durch\/\">HIER &#8230;:<\/a><\/strong><\/em><\/p>\n<p><em>Euer Christian Anders<\/em><\/p>\n<p>&nbsp;<\/p>\n<p><em>smago!<\/em> distanziert sich in aller Form von Christian Anders&#8216; \u00c4u\u00dferungen zu Helene Fischer!<\/p>\n","protected":false},"excerpt":{"rendered":"<p>Christian Anders in einem G\u00e4stebuch-Beitrag zum Thema &#8222;Singen mit Band oder Orchester&#8220; &#8230;:<\/p>\n","protected":false},"author":2,"featured_media":126072,"comment_status":"open","ping_status":"closed","sticky":false,"template":"","format":"standard","meta":{"_FSMCFIC_featured_image_caption":"","_FSMCFIC_featured_image_nocaption":"","_FSMCFIC_featured_image_hide":""},"categories":[29,39],"tags":[164],"acf":[],"_links":{"self":[{"href":"https:\/\/smago.de\/ws2\/wp-json\/wp\/v2\/posts\/135492"}],"collection":[{"href":"https:\/\/smago.de\/ws2\/wp-json\/wp\/v2\/posts"}],"about":[{"href":"https:\/\/smago.de\/ws2\/wp-json\/wp\/v2\/types\/post"}],"author":[{"embeddable":true,"href":"https:\/\/smago.de\/ws2\/wp-json\/wp\/v2\/users\/2"}],"replies":[{"embeddable":true,"href":"https:\/\/smago.de\/ws2\/wp-json\/wp\/v2\/comments?post=135492"}],"version-history":[{"count":3,"href":"https:\/\/smago.de\/ws2\/wp-json\/wp\/v2\/posts\/135492\/revisions"}],"predecessor-version":[{"id":135495,"href":"https:\/\/smago.de\/ws2\/wp-json\/wp\/v2\/posts\/135492\/revisions\/135495"}],"wp:featuredmedia":[{"embeddable":true,"href":"https:\/\/smago.de\/ws2\/wp-json\/wp\/v2\/media\/126072"}],"wp:attachment":[{"href":"https:\/\/smago.de\/ws2\/wp-json\/wp\/v2\/media?parent=135492"}],"wp:term":[{"taxonomy":"category","embeddable":true,"href":"https:\/\/smago.de\/ws2\/wp-json\/wp\/v2\/categories?post=135492"},{"taxonomy":"post_tag","embeddable":true,"href":"https:\/\/smago.de\/ws2\/wp-json\/wp\/v2\/tags?post=135492"}],"curies":[{"name":"wp","href":"https:\/\/api.w.org\/{rel}","templated":true}]}}