{"id":135489,"date":"2019-09-20T09:05:29","date_gmt":"2019-09-20T07:05:29","guid":{"rendered":"https:\/\/smago.de\/?p=135489"},"modified":"2019-09-20T09:06:18","modified_gmt":"2019-09-20T07:06:18","slug":"edo-zanki-rilke-projekt-wunderweisse-naechte-edo-zanki-wird-fehlen","status":"publish","type":"post","link":"https:\/\/smago.de\/ws2\/deutsch-rock\/edo-zanki-rilke-projekt-wunderweisse-naechte-edo-zanki-wird-fehlen\/","title":{"rendered":"EDO ZANKI <br>Rilke Projekt &#8222;Wunderwei\u00dfe N\u00e4chte&#8220;: Edo Zanki wird fehlen!"},"content":{"rendered":"<p style=\"text-align: justify;\">Jonathan Kluth neu dabei &#8230;:<br \/>\n<!--more--><\/p>\n<p>&nbsp;<\/p>\n<p>&nbsp;<\/p>\n<p style=\"text-align: justify;\">Zu Beginn des Jahres pr\u00e4sentierte das Komponistenpaar Richard Sch\u00f6nherz und Angelica Fleer mit \u00bbWunderwei\u00dfe N\u00e4chte\u00ab das f\u00fcnfte Werk ihres mehrfach preisgekr\u00f6nten Rilke Projekts live auf Tournee. Mit prominenter Unterst\u00fctzung von Nina Hoger, Ralf Bauer und Edo Zanki begeisterten sie das Publikum, das sich allerorten mit Standing Ovations f\u00fcr begeisternde Konzertabende bedankte. Aufgrund des gro\u00dfen Erfolgs stand fr\u00fch fest, dass die poetische Reise im Januar und Februar 2020 mit Zusatzterminen in die Verl\u00e4ngerung gehen wird.<\/p>\n<p>&nbsp;<\/p>\n<p>&nbsp;<\/p>\n<p style=\"text-align: justify;\"><strong>Edo Zanki wird fehlen &#8211; auf und hinter der B\u00fchne<\/strong><\/p>\n<p style=\"text-align: justify;\">Bei den Konzerten mit dabei sein sollte auch wieder Edo Zanki, der am 1. September 2019 im Alter von 66 Jahren nach kurzer, schwerer Krankheit verstarb. Edo Zankis Tod l\u00f6ste bei Richard Sch\u00f6nherz und Angelica Fleer, wie bei allen K\u00fcnstlern und Protagonisten auf und hinter der B\u00fchne tiefe Trauer und Betroffenheit aus: \u201eSo viele Jahre war Deine Stimme, Deine Ausstrahlung, Deine Interpretation von Rilke Teil des Rilke Projekts! Hinter den Kulissen warst Du uns vor allem ein lieber Freund, der sich mit unserem Tun identifiziert hat! Du wirst fehlen &#8211; auf und hinter der B\u00fchne! Wir sind unfassbar traurig.\u201c<\/p>\n<p style=\"text-align: justify;\"><strong>Nina Hoger, Ralf Bauer, Jonathan Kluth und die Rilke-Projekt-Band<\/strong><\/p>\n<p>&nbsp;<\/p>\n<p style=\"text-align: justify;\">Anstelle Edo Zankis wird das deutsche Singer-Songwriter-Ausnahmetalent Jonathan Kluth (31) bei den Konzerten im Januar und Februar 2020 mit seiner Stimme den Worten Rilkes neue Tiefe geben. Au\u00dferdem werden die beiden Sch\u00f6pfer des Rilke Projekts Sch\u00f6nherz &amp; Fleer wieder von den bekannten Schauspielern Nina Hoger (u.a. \u201eJahrestage\u201c, \u201eUm Himmels Willen\u201c) und Ralf Bauer (u.a. \u201eHelden und andere Feiglinge\u201c, \u201eMein falscher Verlobter\u201c) unterst\u00fctzt. Gemeinsam mit Richard Sch\u00f6nherz am Piano und der viel umjubelten Rilke-Projekt-Band, bestehend aus Mathias Leber (Keyboard), Ali Neander (Gitarre), Andreas Neubauer (Schlagzeug) entsteht ein au\u00dfergew\u00f6hnliches Live-Erlebnis, das nicht nur Anh\u00e4nger von Rilkes Werken ber\u00fchrt und begeistert.<\/p>\n<p style=\"text-align: justify;\"><strong>Tourneetermine<\/strong><\/p>\n<p style=\"text-align: justify;\">27.01.2020 M\u00fcnchen, Prinzregententheater<br \/>\n29.01.2020 Soest, Stadthalle<br \/>\n05.02.2020 Potsdam, Nikolaisaal<br \/>\n06.02.2020 Leipzig, Kupfersaal<br \/>\n07.02.2020 Hamburg, Laeiszhalle<br \/>\n28.02.2020 Karlsruhe, Tollhaus<br \/>\n29.02.2020 Mainz, Kurf\u00fcrstliches Schloss<\/p>\n<p>Eintrittskarten gibt es an allen bekannten Vorverkaufsstellen\u00a0sowie im Internet unter <strong><a href=\"http:\/\/www.eventim.de\">www.eventim.de<\/a> <\/strong>und <strong><a href=\"http:\/\/www.semmel.de\">www.semmel.de<\/a><\/strong>.<\/p>\n<p>&nbsp;<\/p>\n<p style=\"text-align: justify;\">Eine n<strong>eue Dimension des H\u00f6rens und Verstehens<\/strong><\/p>\n<p>&nbsp;<\/p>\n<p style=\"text-align: justify;\">Rilkes Lyrik und Texten mit der Musik eine weitere Dimension hinzuzuf\u00fcgen, damit ist Richard Sch\u00f6nherz und Angelica Fleer zweifellos etwas Besonderes gelungen. Mit ihrem Rilke Projekt nehmen sie dem bedeutendsten Dichter der Moderne nichts von der urspr\u00fcnglichen Kraft und Magie seiner Worte, lassen ihnen den n\u00f6tigen Freiraum und erzeugen zugleich mit originellen Klanggebilden eine neue Dimension des H\u00f6rens und Verstehens.<\/p>\n<p>Mit neuen Kompositionen und einer Collage aus Texten, Briefen und Gedichten n\u00e4hert sich das konzertante Ensemble in \u00bbWunderwei\u00dfe N\u00e4chte\u00ab (H\u00f6rbuch erschienen bei L\u00fcbbe Audio) der einf\u00fchlsamen Naturlyrik Rainer Maria Rilkes. Die Kraft herbstlicher St\u00fcrme wird ebenso sp\u00fcrbar wie die n\u00e4chtliche Stille von Einkehr oder die Freude des winterlichen Wohlseins. Die Zuschauer f\u00fchlen die Zeit des Umbruchs und die Freude des Aufbruchs. Denn in \u201ewunderwei\u00dfen N\u00e4chten\u201c erscheint der Glanz des Lebens.<\/p>\n<p>&nbsp;<\/p>\n<p>&nbsp;<\/p>\n<p>&nbsp;<\/p>\n<p style=\"text-align: justify;\"><strong>Herzensprojekt mit gro\u00dfem Einf\u00fchlungsverm\u00f6gen<\/strong><\/p>\n<p style=\"text-align: justify;\">Einmal mehr sind Rilkes Worte klingende Vorlagen f\u00fcr eine \u00dcbertragung in Musik, f\u00fcr eine Interpretation seiner ber\u00fchrenden und klugen Gedanken, die das Komponisten- und Produzentenpaar Sch\u00f6nherz &amp; Fleer mit gro\u00dfem Einf\u00fchlungsverm\u00f6gen zu ihrem Herzensprojekt gemacht haben. Es erm\u00f6glicht dem H\u00f6rer ein neues sinnliches Erlebnis mit den Gedichten Rilkes. Es ist bemerkenswert, mit welcher Ernsthaftigkeit und Tiefe sich die beiden nicht nur auf der Ebene der Musik ihrem Idol n\u00e4hern, es ausloten, es erheben und interessant machen.<\/p>\n<p>&nbsp;<\/p>\n<p>&nbsp;<\/p>\n<p style=\"text-align: justify;\"><strong>\u201e\u2026eine fast s\u00fcchtig machende Mischung\u201c<\/strong><\/p>\n<p style=\"text-align: justify;\">Traumhafte Kompositionen, atmosph\u00e4rische Melodien und eindrucksvolle Stimmen machen Rainer Maria Rilkes Klang der Poesie jede Sekunde des Programms erlebbar. Heraus \u201ekommt eine fast s\u00fcchtig machende Mischung\u201c (L\u00fcbecker Nachrichten).<\/p>\n<p>Nat\u00fcrlich kann sich das Publikum auch auf die ber\u00fchmten Klassiker des Dichters freuen, wie \u201eDer Panther\u201c, \u201eSo singt die Welt\u201c, \u201eIch lebe mein Leben\u201c oder \u201eAlles ist eins\u201c. \u201eEin Konzertereignis, das Balsam f\u00fcr die Seele ist.\u201c (Hanauer Anzeiger)<\/p>\n<p>&nbsp;<\/p>\n<p>&nbsp;<\/p>\n<p>&nbsp;<\/p>\n<p style=\"text-align: justify;\"><strong>Mehrfach national und international ausgezeichnet<\/strong><\/p>\n<p style=\"text-align: justify;\">F\u00fcr ihre Arbeit wurden Sch\u00f6nherz &amp; Fleer zahlreiche nationale und internationale Auszeichnungen verliehen, unter anderem der internationale Buchpreis Corine. In der Kategorie Innovation wurden sie f\u00fcr den Deutschen H\u00f6rbuchpreis nominiert. Drei ihrer Alben erreichten Goldstatus, mehrfach tourten sie mit Schauspielern und Musikerkollegen wie Ben Becker, Hannelore Elsner, J\u00fcrgen Prochnow, Giora Feidman, Robert Stadlober oder Nina Hoger erfolgreich durch Deutschland. Im Januar und Februar 2020 gehen Sch\u00f6nherz &amp; Fleer wieder mit ihren j\u00fcngsten Rilke Projekt \u00bbWunderwei\u00dfe N\u00e4chte\u00ab auf Tournee.<\/p>\n","protected":false},"excerpt":{"rendered":"<p>Jonathan Kluth neu dabei &#8230;:<\/p>\n","protected":false},"author":2,"featured_media":134654,"comment_status":"open","ping_status":"closed","sticky":false,"template":"","format":"standard","meta":{"_FSMCFIC_featured_image_caption":"","_FSMCFIC_featured_image_nocaption":"","_FSMCFIC_featured_image_hide":""},"categories":[5],"tags":[1138],"acf":[],"_links":{"self":[{"href":"https:\/\/smago.de\/ws2\/wp-json\/wp\/v2\/posts\/135489"}],"collection":[{"href":"https:\/\/smago.de\/ws2\/wp-json\/wp\/v2\/posts"}],"about":[{"href":"https:\/\/smago.de\/ws2\/wp-json\/wp\/v2\/types\/post"}],"author":[{"embeddable":true,"href":"https:\/\/smago.de\/ws2\/wp-json\/wp\/v2\/users\/2"}],"replies":[{"embeddable":true,"href":"https:\/\/smago.de\/ws2\/wp-json\/wp\/v2\/comments?post=135489"}],"version-history":[{"count":2,"href":"https:\/\/smago.de\/ws2\/wp-json\/wp\/v2\/posts\/135489\/revisions"}],"predecessor-version":[{"id":135491,"href":"https:\/\/smago.de\/ws2\/wp-json\/wp\/v2\/posts\/135489\/revisions\/135491"}],"wp:featuredmedia":[{"embeddable":true,"href":"https:\/\/smago.de\/ws2\/wp-json\/wp\/v2\/media\/134654"}],"wp:attachment":[{"href":"https:\/\/smago.de\/ws2\/wp-json\/wp\/v2\/media?parent=135489"}],"wp:term":[{"taxonomy":"category","embeddable":true,"href":"https:\/\/smago.de\/ws2\/wp-json\/wp\/v2\/categories?post=135489"},{"taxonomy":"post_tag","embeddable":true,"href":"https:\/\/smago.de\/ws2\/wp-json\/wp\/v2\/tags?post=135489"}],"curies":[{"name":"wp","href":"https:\/\/api.w.org\/{rel}","templated":true}]}}