{"id":135445,"date":"2019-09-21T00:00:11","date_gmt":"2019-09-20T22:00:11","guid":{"rendered":"https:\/\/smago.de\/?p=135445"},"modified":"2019-09-26T12:18:01","modified_gmt":"2019-09-26T10:18:01","slug":"starnacht","status":"publish","type":"post","link":"https:\/\/smago.de\/ws2\/party-schlager\/starnacht\/","title":{"rendered":"&#8222;STARNACHT&#8220; &#8211; DJ \u00d6TZI <br>Auf \u201eStarnacht aus der Wachau\u201c folgt DJ-\u00d6tzi-Konzert!"},"content":{"rendered":"<p class=\"leadText\">Die Open-Air-Show wird pr\u00e4sentiert von Barbara Sch\u00f6neberger und Alfons Haider!. Im Anschluss folgt um 22.20 Uhr im MDR FERNSEHEN der Konzertmitschnitt \u201e20 Jahre DJ \u00d6tzi \u2013 Leb Deinen Traum\u201c &#8230;:<br \/>\n<!--more--><\/p>\n<p>&nbsp;<\/p>\n<p style=\"text-align: justify;\">Die kleine nieder\u00f6sterreichische Gemeinde Rossatzbach inmitten der historischen Kulturlandschaft Wachau ist traditionell im Herbst wieder Treffpunkt der nationalen und internationalen Musikszene \u2013 zur nunmehr 8. \u201eStarnacht\u201c.<\/p>\n<p style=\"text-align: justify;\">Die Show wird von Barbara Sch\u00f6neberger und dem \u00f6sterreichischen Entertainer Alfons Haider moderiert. F\u00fcr das Event verwandelt sich der Campingplatz von Rossatzbach in eine beeindruckende Show-Arena mit malerischem Blick direkt zur Burg D\u00fcrnstein.<\/p>\n<p style=\"text-align: justify;\">G\u00e4ste sind diesmal unter anderem Andrea Berg, Maite Kelly, Die Nockis, Ross Antony, DJ \u00d6tzi, Peter Kraus, Thorsteinn Einarsson, Eloy de Jong, Die Mayerin, Christina St\u00fcrmer, Matakustix, Tina Naderer, Olaf Berger, James Cottriall und Marie Wegener.<\/p>\n<p style=\"text-align: justify;\">Die \u201eStarnacht aus der Wachau\u201c wird am 21. September 2019 in ORF 2 und im MDR live zeitversetzt ausgestrahlt.<\/p>\n<p style=\"text-align: justify;\">In \u00d6sterreich hat die \u201eStarnacht&#8220; eine lange Tradition. In diesem Jahr wurde am W\u00f6rthersee das 20-j\u00e4hrige Jubil\u00e4um gefeiert. Die Veranstaltungen im Sommer am W\u00f6rthersee und im Herbst an der Donau sorgen immer \u2013 nicht zuletzt auch durch die einmaligen Naturkulissen \u2013 national und international f\u00fcr Aufsehen.<\/p>\n<p style=\"text-align: justify;\">Direkt im Anschluss an die \u201eStarnacht\u201c bleibt es im MDR-Fernsehen musikalisch:<\/p>\n<p style=\"text-align: justify;\">22.20 Uhr ist ein 60-min\u00fctiger Konzertmitschnitt einer der erfolgreichsten \u00f6sterreichischen Musikexporte zu sehen: DJ \u00d6tzi. Mit mehr als 16 Millionen verkauften Alben z\u00e4hlt DJ \u00d6tzi zu den erfolgreichsten Musikern im deutschsprachigen Raum. Anl\u00e4sslich seines 20-j\u00e4hrigen B\u00fchnenjubil\u00e4ums zeigt das MDR-Fernsehen ein exklusives Jubil\u00e4umskonzert \u2013 mit all seinen gro\u00dfen Hits: Unter anderem performt DJ \u00d6tzi dabei \u201eI will leb\u2019n\u201c, \u201eA Mann f\u00fcr Amore\u201c, \u201eAnton aus Tirol\u201c, \u201eUnsere Zeit\u201c, \u201eHey Baby\u201c, \u201eNoch in 100.000 Jahren\u201c und \u201eEin Stern\u201c.<\/p>\n<p>&nbsp;<\/p>\n<figure id=\"attachment_52796\" aria-describedby=\"caption-attachment-52796\" style=\"width: 660px\" class=\"wp-caption alignnone\"><img decoding=\"async\" loading=\"lazy\" class=\"size-large wp-image-52796\" src=\"https:\/\/online.smago.de\/ws2\/wp-content\/uploads\/2018\/06\/oetzi_lander-1024x704.jpg\" alt=\"\" width=\"660\" height=\"454\" srcset=\"https:\/\/smago.de\/ws2\/wp-content\/uploads\/2018\/06\/oetzi_lander-1024x704.jpg 1024w, https:\/\/smago.de\/ws2\/wp-content\/uploads\/2018\/06\/oetzi_lander-218x150.jpg 218w, https:\/\/smago.de\/ws2\/wp-content\/uploads\/2018\/06\/oetzi_lander-422x290.jpg 422w, https:\/\/smago.de\/ws2\/wp-content\/uploads\/2018\/06\/oetzi_lander-300x206.jpg 300w, https:\/\/smago.de\/ws2\/wp-content\/uploads\/2018\/06\/oetzi_lander-768x528.jpg 768w, https:\/\/smago.de\/ws2\/wp-content\/uploads\/2018\/06\/oetzi_lander-220x150.jpg 220w, https:\/\/smago.de\/ws2\/wp-content\/uploads\/2018\/06\/oetzi_lander-759x522.jpg 759w, https:\/\/smago.de\/ws2\/wp-content\/uploads\/2018\/06\/oetzi_lander-276x190.jpg 276w, https:\/\/smago.de\/ws2\/wp-content\/uploads\/2018\/06\/oetzi_lander-647x445.jpg 647w, https:\/\/smago.de\/ws2\/wp-content\/uploads\/2018\/06\/oetzi_lander.jpg 1200w\" sizes=\"(max-width: 660px) 100vw, 660px\" \/><figcaption id=\"caption-attachment-52796\" class=\"wp-caption-text\">Foto-Credit: MDR \/ Andreas Lander<\/figcaption><\/figure>\n","protected":false},"excerpt":{"rendered":"<p>Die Open-Air-Show wird pr\u00e4sentiert von Barbara Sch\u00f6neberger und Alfons Haider!. Im Anschluss folgt um 22.20 Uhr im MDR FERNSEHEN der<\/p>\n","protected":false},"author":2,"featured_media":135462,"comment_status":"open","ping_status":"closed","sticky":false,"template":"","format":"standard","meta":{"_FSMCFIC_featured_image_caption":"","_FSMCFIC_featured_image_nocaption":"","_FSMCFIC_featured_image_hide":""},"categories":[26,29,128],"tags":[383,106],"acf":[],"_links":{"self":[{"href":"https:\/\/smago.de\/ws2\/wp-json\/wp\/v2\/posts\/135445"}],"collection":[{"href":"https:\/\/smago.de\/ws2\/wp-json\/wp\/v2\/posts"}],"about":[{"href":"https:\/\/smago.de\/ws2\/wp-json\/wp\/v2\/types\/post"}],"author":[{"embeddable":true,"href":"https:\/\/smago.de\/ws2\/wp-json\/wp\/v2\/users\/2"}],"replies":[{"embeddable":true,"href":"https:\/\/smago.de\/ws2\/wp-json\/wp\/v2\/comments?post=135445"}],"version-history":[{"count":4,"href":"https:\/\/smago.de\/ws2\/wp-json\/wp\/v2\/posts\/135445\/revisions"}],"predecessor-version":[{"id":135712,"href":"https:\/\/smago.de\/ws2\/wp-json\/wp\/v2\/posts\/135445\/revisions\/135712"}],"wp:featuredmedia":[{"embeddable":true,"href":"https:\/\/smago.de\/ws2\/wp-json\/wp\/v2\/media\/135462"}],"wp:attachment":[{"href":"https:\/\/smago.de\/ws2\/wp-json\/wp\/v2\/media?parent=135445"}],"wp:term":[{"taxonomy":"category","embeddable":true,"href":"https:\/\/smago.de\/ws2\/wp-json\/wp\/v2\/categories?post=135445"},{"taxonomy":"post_tag","embeddable":true,"href":"https:\/\/smago.de\/ws2\/wp-json\/wp\/v2\/tags?post=135445"}],"curies":[{"name":"wp","href":"https:\/\/api.w.org\/{rel}","templated":true}]}}