{"id":135224,"date":"2019-09-13T14:57:19","date_gmt":"2019-09-13T12:57:19","guid":{"rendered":"https:\/\/smago.de\/?p=135224"},"modified":"2019-09-13T14:57:19","modified_gmt":"2019-09-13T12:57:19","slug":"smago-informiert-zdf-baut-barrierefreie-angebote-weiter-aus","status":"publish","type":"post","link":"https:\/\/smago.de\/ws2\/smago-informiert\/smago-informiert-zdf-baut-barrierefreie-angebote-weiter-aus\/","title":{"rendered":"smago! INFORMIERT <br>ZDF baut barrierefreie Angebote weiter aus!"},"content":{"rendered":"<p>Intendant Bellut: &#8222;Unsere Angebote sollen f\u00fcr alle zug\u00e4nglich sein&#8220;!<br \/>\n<!--more--><\/p>\n<p>&nbsp;<\/p>\n<p style=\"text-align: justify;\">&#8222;Unsere Angebote sollen f\u00fcr alle zug\u00e4nglich sein. Deshalb wollen wir m\u00f6glichst viel Programm barrierefrei anbieten&#8220;, sagte ZDF-Intendant Dr. Thomas Bellut vor dem Fernsehrat in Mainz. &#8222;Zu den Hauptsendezeiten oder bei Sportgro\u00dfereignissen gelingt uns das schon sehr gut. Wir werden das aber weiter ausbauen \u2013 vor allem auch in der ZDFmediathek, damit die barrierefreien Inhalte jederzeit und ganz individuell abrufbar sind.&#8220;<\/p>\n<p style=\"text-align: justify;\">Der Anteil des untertitelten ZDF-Programms stieg von 75,8 Prozent im Jahr 2016 auf 81,7 Prozent 2018 (insgesamt 422.000 Minuten), wozu das Sportjahr 2018 unter anderem mit den Olympischen Spielen und der Fu\u00dfball-WM beitrug. 2019 lag der Anteil \u2013 ohne vergleichbare Sportevents \u2013 nach den ersten sieben Monaten bei 79,1 Prozent. In der Zeit, in der die meisten Menschen fernsehen, zwischen 15.00 Uhr und 22.15 Uhr, bietet das ZDF ein zu 100 Prozent untertiteltes Programm an. In Zukunft sollen auch neue Inhalte der Digitalkan\u00e4le und ausgew\u00e4hlte 3sat-Formate mit Untertiteln angeboten werden.<\/p>\n<p style=\"text-align: justify;\">Im Bereich der Audiodeskription baute das ZDF seinen Anteil von 11,7 Prozent im Jahr 2016 auf 17,3 Prozent im aufgelaufenen Jahr (bis einschlie\u00dflich Juli) aus. Neben der Sport- und Live\u00fcbertragung \u2013 2018 wurden alle gro\u00dfen Sportereignisse mit Audiodeskription versehen \u2013 spielen unter anderem H\u00f6rfassungen von Filmen und Serien eine wesentliche Rolle. Fiktionale Angebote zwischen 18.00 Uhr und 21.45 Uhr werden inzwischen von Montag bis Sonntag fast durchg\u00e4ngig mit Audiodeskription ausgestrahlt. Die Arbeit des ZDF in diesem Bereich ist in den vergangenen vier Jahren jeweils mit dem Deutschen H\u00f6rfilmpreis ausgezeichnet worden, zuletzt f\u00fcr die Serie &#8222;Bad Banks&#8220;.<\/p>\n<p style=\"text-align: justify;\">Am deutlichsten ausgebaut wurde im vergangenen Jahr das Angebot mit Geb\u00e4rdensprache. Seit Juni 2018 bietet das ZDF ausgew\u00e4hlte Informationssendungen wie das &#8222;heute journal&#8220;, &#8222;logo!&#8220;, &#8222;37\u00b0&#8220; oder &#8222;maybrit illner&#8220; im Livestream der ZDFmediathek mit Geb\u00e4rdensprache an \u2013 monatlich waren das 2018 rund 2500 Minuten. Wer \u00fcber einen Smart TV verf\u00fcgt, kann dieses Angebot seit Juli 2019 auch mit dem sogenannten Red Button zuschalten. In einem n\u00e4chsten Schritt sollen die Sendungen mit Geb\u00e4rdensprache noch 2019 auch als VoD-Angebote in der ZDFmediathek zum Abruf bereitstehen.<\/p>\n<p style=\"text-align: justify;\">Umfangreiche Informationen: https:\/\/<a href=\"http:\/\/www.barrierefreiheit.zdf.de\/\" target=\"_blank\" rel=\"noopener noreferrer\">barrierefreiheit.zdf.de<\/a>!<\/p>\n","protected":false},"excerpt":{"rendered":"<p>Intendant Bellut: &#8222;Unsere Angebote sollen f\u00fcr alle zug\u00e4nglich sein&#8220;!<\/p>\n","protected":false},"author":2,"featured_media":135225,"comment_status":"open","ping_status":"closed","sticky":false,"template":"","format":"standard","meta":{"_FSMCFIC_featured_image_caption":"","_FSMCFIC_featured_image_nocaption":"","_FSMCFIC_featured_image_hide":""},"categories":[33],"tags":[60],"acf":[],"_links":{"self":[{"href":"https:\/\/smago.de\/ws2\/wp-json\/wp\/v2\/posts\/135224"}],"collection":[{"href":"https:\/\/smago.de\/ws2\/wp-json\/wp\/v2\/posts"}],"about":[{"href":"https:\/\/smago.de\/ws2\/wp-json\/wp\/v2\/types\/post"}],"author":[{"embeddable":true,"href":"https:\/\/smago.de\/ws2\/wp-json\/wp\/v2\/users\/2"}],"replies":[{"embeddable":true,"href":"https:\/\/smago.de\/ws2\/wp-json\/wp\/v2\/comments?post=135224"}],"version-history":[{"count":1,"href":"https:\/\/smago.de\/ws2\/wp-json\/wp\/v2\/posts\/135224\/revisions"}],"predecessor-version":[{"id":135226,"href":"https:\/\/smago.de\/ws2\/wp-json\/wp\/v2\/posts\/135224\/revisions\/135226"}],"wp:featuredmedia":[{"embeddable":true,"href":"https:\/\/smago.de\/ws2\/wp-json\/wp\/v2\/media\/135225"}],"wp:attachment":[{"href":"https:\/\/smago.de\/ws2\/wp-json\/wp\/v2\/media?parent=135224"}],"wp:term":[{"taxonomy":"category","embeddable":true,"href":"https:\/\/smago.de\/ws2\/wp-json\/wp\/v2\/categories?post=135224"},{"taxonomy":"post_tag","embeddable":true,"href":"https:\/\/smago.de\/ws2\/wp-json\/wp\/v2\/tags?post=135224"}],"curies":[{"name":"wp","href":"https:\/\/api.w.org\/{rel}","templated":true}]}}