{"id":135058,"date":"2019-09-13T00:00:11","date_gmt":"2019-09-12T22:00:11","guid":{"rendered":"https:\/\/smago.de\/?p=135058"},"modified":"2019-09-13T02:13:29","modified_gmt":"2019-09-13T00:13:29","slug":"thomas-gottschalk-max-mutzke-u-a-heute-13-09-2019-in-der-851-ausgabe-der-ndr-talk-show-zu-gast","status":"publish","type":"post","link":"https:\/\/smago.de\/ws2\/pop\/thomas-gottschalk-max-mutzke-u-a-heute-13-09-2019-in-der-851-ausgabe-der-ndr-talk-show-zu-gast\/","title":{"rendered":"THOMAS GOTTSCHALK, MAX MUTZKE u.a. <br>Heute (13.09.2019) in der 851. Ausgabe der &#8222;NDR Talk Show&#8220; zu Gast!"},"content":{"rendered":"<p>NDR fernsehen + hr fernsehen, 22:00 Uhr \u2013 00:15 Uhr! Moderation: Barbara Sch\u00f6neberger und Hubertus Meyer-Burckhardt!<br \/>\n<!--more--><\/p>\n<p>&nbsp;<\/p>\n<h3 style=\"text-align: justify;\">Thomas Gottschalk, Moderator und Entertainer<\/h3>\n<div class=\"contentimage w50\" style=\"text-align: justify;\">\n<div class=\"image-container landscape\"><\/div>\n<\/div>\n<p style=\"text-align: justify;\">Schon zu Lebzeiten ist er eine Legende: der Moderator und Entertainer Thomas Gottschalk. Nicht nur mit &#8222;Wetten, dass&#8230;?&#8220;, einer Sendung, die er von 1987 bis 2011 moderierte, hat er Fernsehgeschichte geschrieben. In seinem Buch &#8222;Herbstbunt. Wer nur alt wird, aber nicht kl\u00fcger, ist sch\u00f6n bl\u00f6d&#8220; beschreibt der 69-J\u00e4hrige selbstironisch und lebensklug die komischen und schmerzhaften Seiten des \u00c4lterwerdens. Seine Lebensphilosophie: mit Gelassenheit und einer gesunden Portion Optimismus lebt es sich auch im Alter leichter!<\/p>\n<p>&nbsp;<\/p>\n<p>&nbsp;<\/p>\n<p>&nbsp;<\/p>\n<h3 style=\"text-align: justify;\">Kaya Yanar, Comedian<\/h3>\n<div class=\"contentimage w50\" style=\"text-align: justify;\"><\/div>\n<p style=\"text-align: justify;\">Seit mehr als 20 Jahren steht der Sprachk\u00fcnstler auf der B\u00fchne und nimmt unterschiedliche Nationalit\u00e4ten auf die Schippe. Angefangen hat er damit in einer Zeit, in der es noch lange nicht so salonf\u00e4hig war wie heute, sich \u00fcber kulturelle Unterschiede zwischen T\u00fcrken und Deutschen lustig zu machen. Kult wurde der geb\u00fcrtige Frankfurter mit t\u00fcrkischen Wurzeln mit der SAT.1-Comedysendung &#8222;Was guckst Du?!&#8220; und sp\u00e4ter mit &#8222;Kayas Woche&#8220; auf RTL. Der Komiker wurde im Laufe seiner Karriere unter anderem mehrfach mit dem Deutschen Fernsehpreis und dem Deutschen Comedypreis ausgezeichnet. In seinem aktuellen Programm &#8222;Ausrasten! F\u00fcr Anf\u00e4nger&#8220; geht es darum, was Kaya Yanar im ganz normalen Alltagswahnsinn auf die Palme bringt.<\/p>\n<p>&nbsp;<\/p>\n<p>&nbsp;<\/p>\n<p>&nbsp;<\/p>\n<h3 style=\"text-align: justify;\">Judith Rakers, Moderatorin<\/h3>\n<div class=\"contentimage w50\" style=\"text-align: justify;\"><\/div>\n<p style=\"text-align: justify;\">Sie ist eines der bekanntesten Gesichter der ARD. Seit zehn Jahren spricht die &#8222;Miss Tagesschau&#8220; regelm\u00e4\u00dfig die Hauptausgabe der Nachrichten in Das Erste. Au\u00dferdem \u00fcbernahm sie 2010 die Co-Moderation des Bremer Talks &#8222;3nach9&#8220; und bietet seither nicht nur ihren G\u00e4sten, sondern auch Giovanni di Lorenzo ein Mal im Monat Paroli. Doch Judith Rakers kann noch mehr. Zuletzt machte sie durch engagierte Reportagen auf sich aufmerksam. So sp\u00fcrte sie das Leben einer Obdachlosen nach oder lie\u00df sich in ein Frauengef\u00e4ngnis einsperren. Weniger existenziell, aber nicht minder engagiert zeigt sich Judith Rakers seit 2017 in ihren Inselreportagen im NDR Fernsehen. F\u00fcr neue Folgen war sie bei Wind und Wetter auf Helgoland, Juist, Spiekeroog und Hiddensee unterwegs, um die Magie der sch\u00f6nsten Inseln des Landes zu entdecken.<\/p>\n<p>&nbsp;<\/p>\n<p>&nbsp;<\/p>\n<p>&nbsp;<\/p>\n<h3 style=\"text-align: justify;\">Max Mutzke, S\u00e4nger<\/h3>\n<div class=\"contentimage w50\" style=\"text-align: justify;\"><\/div>\n<p style=\"text-align: justify;\">Der Schwarzw\u00e4lder Max Mutzke gewann die erfolgreiche Show &#8222;The Masked Singer&#8220;. Als Astronaut erlebte er einen beispiellosen H\u00f6henflug: \u00dcber vier Millionen Menschen sahen zu, als der Familienvater nach sechs Wochen Astronauten-Daseins seinen funkelnden Helm vom Kopf nahm. Die gro\u00dfe B\u00fchne ist der Souls\u00e4nger gewohnt: 2004 ist er f\u00fcr Deutschland beim Eurovision Song Contest angetreten. In der NDR Talk Show verr\u00e4t der gefeierte Star, wie es ihm singend unter der Maske erging, warum noch nicht mal seine Familie von seinem Doppelleben als Astronaut erfuhr, und weshalb die gro\u00dfe Kost\u00fcmshow offenbar wie f\u00fcr ihn gemacht war. Im Fr\u00fchjahr 2020 beweist Max Mutze einmal mehr, wie vielf\u00e4ltig er ist, wenn er mit dem WDR Funkhausorchester auf Tour geht.<\/p>\n<p>&nbsp;<\/p>\n<p>&nbsp;<\/p>\n<p>&nbsp;<\/p>\n<h3 style=\"text-align: justify;\">Edin Hasanovic, Schauspieler<\/h3>\n<div class=\"contentimage w50\" style=\"text-align: justify;\">\n<div class=\"image-container landscape\"><\/div>\n<\/div>\n<p style=\"text-align: justify;\">Dass er ein echtes Allroundtalent und ein Entertainer ist, bewies der 27-j\u00e4hrige Edin Hasanovic im letzten Jahr als Host\u00a0des Deutschen Filmpreises, bei dem er hollywoodreif \u00fcber die B\u00fchne tanzte und\u00a0neben Iris Berben souver\u00e4n durch den Gala-Abend f\u00fchrte. Edin Hasanovic, der in Bosnien geboren wurde und in Berlin aufwuchs, wollte schon als Kind Schauspieler sein und &#8211; das ist ihm wichtig &#8211; nicht erst als Erwachsener Schauspieler werden. In jedem Zeugnis stand: Edin spielt und tanzt sehr gerne. Inzwischen wurde er mit der Goldenen Kamera und dem Deutschen Comedypreis ausgezeichnet, hat aber auch die Schattenseiten des Erfolgs kennenlernen m\u00fcssen: 2018 sagte er zu viele Filme und Projekte zu, war am Ende ausgebrannt und st\u00fcrzte dann auch noch im Urlaub so schlimm, dass er mehrere Wochen im Rollstuhl sa\u00df. Jetzt geht es ihm wieder gut und er spielt die Hauptrolle in der Netflix-Serie &#8222;Skylines&#8220; &#8211; einen jungen, talentierten Musik-Produzenten, der hoch hinaus will.<\/p>\n<p>&nbsp;<\/p>\n<p>&nbsp;<\/p>\n<p>&nbsp;<\/p>\n<h3 style=\"text-align: justify;\">Dr. phil. Wolf-Dieter Storl, Ethnobotaniker<\/h3>\n<div class=\"contentimage w50\" style=\"text-align: justify;\">\n<div class=\"image-container landscape\"><\/div>\n<\/div>\n<p style=\"text-align: justify;\">Wolf-Dieter Storl ist promovierter Kulturanthropologe und Ethnobotaniker. Er lehrte 20 Jahre lang als Dozent und Collegeprofessor an verschiedenen Universit\u00e4ten in den USA, Indien sowie Europa. Er erforschte die Indianer und ihre Heilkunde, lebte bei Bauern in Indien und in der Schweiz und arbeitete in einer \u00f6kologischen Landkommune mit. Sein gesammeltes Fachwissen und seine philosophischen Ansichten vermittelt er seit vielen Jahren erfolgreich in B\u00fcchern, Workshops und Vortr\u00e4gen. Seit Ende der 1980er-Jahre lebt er mit seiner Familie auf einem Ein\u00f6dhof im Allg\u00e4u, wo er g\u00e4rtnert und sich mit Heilkr\u00e4utern und Wildpflanzen besch\u00e4ftigt. In seinem aktuellen Buch &#8222;Wir sind Gesch\u00f6pfe des Waldes&#8220; beleuchtet er die Bedeutung der B\u00e4ume f\u00fcr unser Leben.<\/p>\n<p>&nbsp;<\/p>\n<p>&nbsp;<\/p>\n<p>&nbsp;<\/p>\n<h3 style=\"text-align: justify;\">Katja Habermann, Fachanw\u00e4ltin f\u00fcr Erbrecht<\/h3>\n<div class=\"contentimage w50\" style=\"text-align: justify;\">\n<div class=\"image-container landscape\"><\/div>\n<\/div>\n<p style=\"text-align: justify;\">Katja Habermann ist seit 20 Jahren Rechtsanw\u00e4ltin in Hamburg-Wilhelmsburg, seit 2006 mit dem Schwerpunkt Erbrecht. Seitdem hat sie mehr als 1.000 Erbf\u00e4lle betreut, indem sie Testamente f\u00fcr ihre Mandanten erarbeitet hat, Testamentsvollstreckerin war oder nach unbekannten Erben gesucht hat. Etwa alle zwei Wochen entwirft Katja Habermann ein neues Testament. Wie lautet einer ihrer wichtigsten Ratschl\u00e4ge an ihre Mandanten? &#8222;Ich empfehle immer ein Probesterben&#8220;, sagt die 50-J\u00e4hrige. Wann das richtige Alter ist, um sein Testament zu machen, und was es beim Vererben zu beachten gibt, das erz\u00e4hlt Katja Habermann in der NDR Talk Show.<\/p>\n<p>&nbsp;<\/p>\n<p>&nbsp;<\/p>\n<p>&nbsp;<\/p>\n<h3 style=\"text-align: justify;\">Maike Naomi Schnittger, sehbehinderte Schwimmerin<\/h3>\n<div class=\"contentimage w50\" style=\"text-align: justify;\">\n<div class=\"image-container landscape\"><\/div>\n<\/div>\n<p style=\"text-align: justify;\">Ihr Ziel hei\u00dft &#8222;Tokyo 2020&#8220;: Im kommenden Jahr will die sehbehinderte Schwimmerin Maike Naomi Schnittger bei den Paralympischen Spielen in Tokyo eine Medaille f\u00fcr Deutschland erk\u00e4mpfen. Die 25-j\u00e4hrige Schwimmerin der paralympischen Nationalmannschaft ist in Japan geboren, kam jedoch bereits im Alter von zwei Jahren nach Deutschland. Schon als Kind entdeckt sie ihre Leidenschaft f\u00fcr das Wasser und ist schon seit ihrem neunten Lebensjahr im Schwimmsport aktiv. 2004 erkrankt sie an einer Zapfendystrophie, was ihre Sehkraft innerhalb weniger Wochen stark reduzierte. Aktuell kann sie nur noch ein Prozent sehen. Ihrer Zuversicht und ihrer Leidenschaft f\u00fcr den Sport tut das aber keinen Abbruch. Bisher hat sie in ihrer Sportkarriere insgesamt 18 Medaillen bei internationalen Wettk\u00e4mpfen geholt, darunter bei den Paralympics 2016 in Rio Silber, bei diversen Weltmeisterschaften vier Gold- und sechs Bronzemedaillen, bei Europameisterschaften zwei Gold-, zwei Silber- und drei Bronzemedaillen. In der NDR Talk Show erz\u00e4hlt sie, warum sie den Paralympics im kommenden Jahr entgegen fiebert und wie sie sich auf die Spiele vorbereitet.<\/p>\n<p>&nbsp;<\/p>\n<figure id=\"attachment_135059\" aria-describedby=\"caption-attachment-135059\" style=\"width: 522px\" class=\"wp-caption alignnone\"><img decoding=\"async\" loading=\"lazy\" class=\"size-full wp-image-135059\" src=\"https:\/\/online.smago.de\/ws2\/wp-content\/uploads\/2019\/09\/gaeste7150_v-vierspaltig.jpg\" alt=\"\" width=\"522\" height=\"294\" srcset=\"https:\/\/smago.de\/ws2\/wp-content\/uploads\/2019\/09\/gaeste7150_v-vierspaltig.jpg 522w, https:\/\/smago.de\/ws2\/wp-content\/uploads\/2019\/09\/gaeste7150_v-vierspaltig-266x150.jpg 266w, https:\/\/smago.de\/ws2\/wp-content\/uploads\/2019\/09\/gaeste7150_v-vierspaltig-292x164.jpg 292w, https:\/\/smago.de\/ws2\/wp-content\/uploads\/2019\/09\/gaeste7150_v-vierspaltig-435x245.jpg 435w\" sizes=\"(max-width: 522px) 100vw, 522px\" \/><figcaption id=\"caption-attachment-135059\" class=\"wp-caption-text\">Foto-Credit: NDR (Montage)<\/figcaption><\/figure>\n","protected":false},"excerpt":{"rendered":"<p>NDR fernsehen + hr fernsehen, 22:00 Uhr \u2013 00:15 Uhr! Moderation: Barbara Sch\u00f6neberger und Hubertus Meyer-Burckhardt!<\/p>\n","protected":false},"author":2,"featured_media":121799,"comment_status":"open","ping_status":"closed","sticky":false,"template":"","format":"standard","meta":{"_FSMCFIC_featured_image_caption":"","_FSMCFIC_featured_image_nocaption":"","_FSMCFIC_featured_image_hide":""},"categories":[27,128],"tags":[254],"acf":[],"_links":{"self":[{"href":"https:\/\/smago.de\/ws2\/wp-json\/wp\/v2\/posts\/135058"}],"collection":[{"href":"https:\/\/smago.de\/ws2\/wp-json\/wp\/v2\/posts"}],"about":[{"href":"https:\/\/smago.de\/ws2\/wp-json\/wp\/v2\/types\/post"}],"author":[{"embeddable":true,"href":"https:\/\/smago.de\/ws2\/wp-json\/wp\/v2\/users\/2"}],"replies":[{"embeddable":true,"href":"https:\/\/smago.de\/ws2\/wp-json\/wp\/v2\/comments?post=135058"}],"version-history":[{"count":1,"href":"https:\/\/smago.de\/ws2\/wp-json\/wp\/v2\/posts\/135058\/revisions"}],"predecessor-version":[{"id":135081,"href":"https:\/\/smago.de\/ws2\/wp-json\/wp\/v2\/posts\/135058\/revisions\/135081"}],"wp:featuredmedia":[{"embeddable":true,"href":"https:\/\/smago.de\/ws2\/wp-json\/wp\/v2\/media\/121799"}],"wp:attachment":[{"href":"https:\/\/smago.de\/ws2\/wp-json\/wp\/v2\/media?parent=135058"}],"wp:term":[{"taxonomy":"category","embeddable":true,"href":"https:\/\/smago.de\/ws2\/wp-json\/wp\/v2\/categories?post=135058"},{"taxonomy":"post_tag","embeddable":true,"href":"https:\/\/smago.de\/ws2\/wp-json\/wp\/v2\/tags?post=135058"}],"curies":[{"name":"wp","href":"https:\/\/api.w.org\/{rel}","templated":true}]}}