{"id":135018,"date":"2019-09-10T15:24:55","date_gmt":"2019-09-10T13:24:55","guid":{"rendered":"https:\/\/smago.de\/?p=135018"},"modified":"2019-09-10T15:31:45","modified_gmt":"2019-09-10T13:31:45","slug":"roy-black-black-is-back-eine-hommage-an-roy-black-mit-bernd-roberts","status":"publish","type":"post","link":"https:\/\/smago.de\/ws2\/oldies\/roy-black-black-is-back-eine-hommage-an-roy-black-mit-bernd-roberts\/","title":{"rendered":"ROY BLACK <br>Black is back \u2013 eine Hommage an Roy Black mit Bernd Roberts!"},"content":{"rendered":"<p>Die Premiere findet am 28. September in M\u00fchldorf am Inn statt!<br \/>\n<!--more--><\/p>\n<p>&nbsp;<\/p>\n<p style=\"text-align: justify;\">Mit noch jungen 48 Jahren verlie\u00df uns der gro\u00dfartige\u00a0 und unvergessene S\u00e4nger ROY BLACK. Am 9. Oktober 1991 starb er in Heldenstein bei M\u00fchldorf am Inn .Nun, mit ebenfalls48 Jahren kehrt sein musikalischer Sohn Bernd Roberts zur\u00fcck nach M\u00fchldorf am Inn und f\u00fchrt das musikalische Erbe mit seiner Hommage-Show\u201eBlack is back\u201c weiter. Die Fans sind sich einig: Bernd Roberts sieht aus und klingt wie Roy Black .So w\u00e4hlten sie Bernd Roberts bereits 1996 in einem Tribute-Wettbewerb zum besten Roy Black-Performer. Mit Bernd Roberts leben seitdem nicht nur die Hits von Roy Black weiter, auch der Spirit, das Gef\u00fchl und die Lebensphilosophie des gro\u00dfartigen K\u00fcnstlers werden weitergetragen.<\/p>\n<p style=\"text-align: justify;\">F\u00fcr den Tour-Auftakt von \u201eBlack is Back\u201c lag es somit nahe, diesen in M\u00fchldorf am Inn zu machen,dort wo Gerd H\u00f6llerich, so der b\u00fcrgerliche Name von Roy Black,am liebsten in seiner nahegelegenen Fischerh\u00fctte verweilte.Beim offiziellen Tour-Auftakt in M\u00fchldorf am Inn wird Walter H\u00f6llerich, der Bruder von Roy Black, als Ehrengast mit dabei sein. \u201eBernd Roberts f\u00fchrt das musikalische Erbe von Roy Black weiter, und dies auf eine faszinierende Art und Weise\u201c freut sich Walter H\u00f6llerich, der zudem Schirmherr der \u201eBlack is back Show\u201c ist. Des Weiteren wird die 10-j\u00e4hrige Lara Lang den Part der Anita neben Bernd Roberts \u00fcbernehmen.<\/p>\n<p>&nbsp;<\/p>\n<p>&nbsp;<\/p>\n<p>&nbsp;<\/p>\n<p>&nbsp;<\/p>\n<p><strong>\u201eBlack is back\u201c \u2013eine Hommage an Roy Black mit Bernd Roberts<\/strong><\/p>\n<p>&nbsp;<\/p>\n<p><strong>Termin:<\/strong> Samstag, 28. September 2019 Uhrzeit: ab 18:30 Uhr feierlicher Empfang<\/p>\n<p><strong>Showbeginn:<\/strong> 20:00 Uhr<\/p>\n<p><strong>Ort:<\/strong> Haberkasten,Fragnergasse 3, 84453 M\u00fchldorf am Inn<\/p>\n<p><strong>Tickets:<\/strong> \u20ac 28,70 \/ \u20ac 23,20; nummerierte Sitzpl\u00e4tze (Reihenbestuhlung)<\/p>\n<p>&nbsp;<\/p>\n<p>&nbsp;<\/p>\n<p><strong><a href=\"http:\/\/www.blackisback.show\">TERMINE &amp; TICKETS &#8230;:\u00a0<\/a><\/strong><\/p>\n<p>&nbsp;<\/p>\n<p>&nbsp;<\/p>\n<p>Pressekontakt und Tourneeveranstalter: Red Lion Entertainment, Sascha Lang (kontakt@blackisback.show)<\/p>\n","protected":false},"excerpt":{"rendered":"<p>Die Premiere findet am 28. September in M\u00fchldorf am Inn statt!<\/p>\n","protected":false},"author":2,"featured_media":135019,"comment_status":"open","ping_status":"closed","sticky":false,"template":"","format":"standard","meta":{"_FSMCFIC_featured_image_caption":"","_FSMCFIC_featured_image_nocaption":"","_FSMCFIC_featured_image_hide":""},"categories":[24],"tags":[63],"acf":[],"_links":{"self":[{"href":"https:\/\/smago.de\/ws2\/wp-json\/wp\/v2\/posts\/135018"}],"collection":[{"href":"https:\/\/smago.de\/ws2\/wp-json\/wp\/v2\/posts"}],"about":[{"href":"https:\/\/smago.de\/ws2\/wp-json\/wp\/v2\/types\/post"}],"author":[{"embeddable":true,"href":"https:\/\/smago.de\/ws2\/wp-json\/wp\/v2\/users\/2"}],"replies":[{"embeddable":true,"href":"https:\/\/smago.de\/ws2\/wp-json\/wp\/v2\/comments?post=135018"}],"version-history":[{"count":3,"href":"https:\/\/smago.de\/ws2\/wp-json\/wp\/v2\/posts\/135018\/revisions"}],"predecessor-version":[{"id":135022,"href":"https:\/\/smago.de\/ws2\/wp-json\/wp\/v2\/posts\/135018\/revisions\/135022"}],"wp:featuredmedia":[{"embeddable":true,"href":"https:\/\/smago.de\/ws2\/wp-json\/wp\/v2\/media\/135019"}],"wp:attachment":[{"href":"https:\/\/smago.de\/ws2\/wp-json\/wp\/v2\/media?parent=135018"}],"wp:term":[{"taxonomy":"category","embeddable":true,"href":"https:\/\/smago.de\/ws2\/wp-json\/wp\/v2\/categories?post=135018"},{"taxonomy":"post_tag","embeddable":true,"href":"https:\/\/smago.de\/ws2\/wp-json\/wp\/v2\/tags?post=135018"}],"curies":[{"name":"wp","href":"https:\/\/api.w.org\/{rel}","templated":true}]}}