{"id":134998,"date":"2019-09-09T21:46:41","date_gmt":"2019-09-09T19:46:41","guid":{"rendered":"https:\/\/smago.de\/?p=134998"},"modified":"2019-09-09T21:52:38","modified_gmt":"2019-09-09T19:52:38","slug":"wer-weiss-denn-sowas-mehr-wer-weiss-denn-sowas-gabs-noch-nie","status":"publish","type":"post","link":"https:\/\/smago.de\/ws2\/smago-informiert\/wer-weiss-denn-sowas-mehr-wer-weiss-denn-sowas-gabs-noch-nie\/","title":{"rendered":"&#8222;WER WEI\u00df DENN SOWAS?&#8220; <br>Mehr \u201eWer wei\u00df denn sowas?\u201c gab\u2018s noch nie!"},"content":{"rendered":"<p>Die neue Staffel mit Kai Pflaume, Bernhard Ho\u00ebcker und Elton ab 30. September 2019, immer montags bis freitags um 18:00 Uhr im Ersten!<br \/>\n<!--more--><\/p>\n<p>&nbsp;<\/p>\n<p style=\"text-align: justify;\">\n<p class=\"text small\" style=\"text-align: justify;\">Am Montag, 30. September 2019, startet die neue Staffel \u201eWer wei\u00df denn sowas?\u201c im Ersten mit so vielen Rateduellen wie noch nie! Die Zuschauer k\u00f6nnen sich auf 150 brandneue Folgen mit dem lustigen Quiz-Trio freuen.<\/p>\n<p style=\"text-align: justify;\">Montags bis freitags um 18:00 Uhr bringt Moderator Kai Pflaume seine prominenten G\u00e4ste und die \u201eR\u00e4tselmeister\u201c Bernhard Ho\u00ebcker und Elton geh\u00f6rig zum Gr\u00fcbeln, wenn sie versuchen, m\u00f6glichst viele richtige Antworten auf au\u00dfergew\u00f6hnliche Fragen zu geben.<\/p>\n<div class=\"clearMe\" style=\"text-align: justify;\"><\/div>\n<p class=\"text small\" style=\"text-align: justify;\">Bereits in der ersten Woche gibt es zahlreiche brisante Rate-Wettk\u00e4mpfe. Etwa beim Duell der beiden \u201eLet\u2019s Dance\u201c- Stars Isabel Edvardsson und Ekaterina Leonova, der Bestsellerautorin Ildiko von K\u00fcrthy, die gegen die Schauspielerin Maria Furtw\u00e4ngler antritt, oder beim Schlauberger-Giganten-Duell zwischen den beiden allwissenden \u201eJ\u00e4gern\u201c aus der Quizshow \u201eGefragt \u2013 Gejagt\u201c, Sebastian Jacoby und Klaus Otto Nagorsnik.<\/p>\n<div class=\"clearMe\" style=\"text-align: justify;\"><\/div>\n<p class=\"text small\" style=\"text-align: justify;\">Nat\u00fcrlich hat das \u201eWer wei\u00df denn sowas?\u201c-Redaktionsteam wieder jede Menge spannende und witzige Fragen mit \u00fcberraschenden Antwortm\u00f6glichkeiten vorbereitet, die die K\u00f6pfe der Rater zum Qualmen bringen werden.<\/p>\n<div class=\"clearMe\" style=\"text-align: justify;\"><\/div>\n<p class=\"text small\" style=\"text-align: justify;\">Welches Team kann z. B. beantworten, wof\u00fcr sich Schalen und Kerne von Avocados verwenden lassen, was der Mond und eine Weintraube gemeinsam haben, oder warum Kaugummikauen im Flugzeug gegen Ohrenschmerzen hilft? Die bew\u00e4hrte Mischung aus witzigen und alltagstauglichen Fragen und Antworten ist auch in der neuen Staffel praktisch unersch\u00f6pflich.<\/p>\n<div class=\"clearMe\" style=\"text-align: justify;\"><\/div>\n<p class=\"text small\" style=\"text-align: justify;\"><em>\u201eWer wei\u00df denn sowas?\u201c ist eine Produktion der UFA SHOW &amp; FACTUAL GmbH im Auftrag der ARD-Werbung und der ARD f\u00fcr Das Erste. Die Redaktion liegt beim Norddeutschen Rundfunk.<br \/>\n<\/em><\/p>\n<p>&nbsp;<\/p>\n<p class=\"text small\" style=\"text-align: justify;\"><strong><a href=\"http:\/\/www.daserste.de\/wer-weiss-denn-sowas\">\u201eWer wei\u00df denn sowas?&#8220; im Internet &#8230;:\u00a0<\/a><\/strong><\/p>\n","protected":false},"excerpt":{"rendered":"<p>Die neue Staffel mit Kai Pflaume, Bernhard Ho\u00ebcker und Elton ab 30. September 2019, immer montags bis freitags um 18:00<\/p>\n","protected":false},"author":2,"featured_media":125695,"comment_status":"open","ping_status":"closed","sticky":false,"template":"","format":"standard","meta":{"_FSMCFIC_featured_image_caption":"","_FSMCFIC_featured_image_nocaption":"","_FSMCFIC_featured_image_hide":""},"categories":[33,128],"tags":[285],"acf":[],"_links":{"self":[{"href":"https:\/\/smago.de\/ws2\/wp-json\/wp\/v2\/posts\/134998"}],"collection":[{"href":"https:\/\/smago.de\/ws2\/wp-json\/wp\/v2\/posts"}],"about":[{"href":"https:\/\/smago.de\/ws2\/wp-json\/wp\/v2\/types\/post"}],"author":[{"embeddable":true,"href":"https:\/\/smago.de\/ws2\/wp-json\/wp\/v2\/users\/2"}],"replies":[{"embeddable":true,"href":"https:\/\/smago.de\/ws2\/wp-json\/wp\/v2\/comments?post=134998"}],"version-history":[{"count":2,"href":"https:\/\/smago.de\/ws2\/wp-json\/wp\/v2\/posts\/134998\/revisions"}],"predecessor-version":[{"id":135000,"href":"https:\/\/smago.de\/ws2\/wp-json\/wp\/v2\/posts\/134998\/revisions\/135000"}],"wp:featuredmedia":[{"embeddable":true,"href":"https:\/\/smago.de\/ws2\/wp-json\/wp\/v2\/media\/125695"}],"wp:attachment":[{"href":"https:\/\/smago.de\/ws2\/wp-json\/wp\/v2\/media?parent=134998"}],"wp:term":[{"taxonomy":"category","embeddable":true,"href":"https:\/\/smago.de\/ws2\/wp-json\/wp\/v2\/categories?post=134998"},{"taxonomy":"post_tag","embeddable":true,"href":"https:\/\/smago.de\/ws2\/wp-json\/wp\/v2\/tags?post=134998"}],"curies":[{"name":"wp","href":"https:\/\/api.w.org\/{rel}","templated":true}]}}