{"id":134810,"date":"2019-09-06T00:00:41","date_gmt":"2019-09-05T22:00:41","guid":{"rendered":"https:\/\/smago.de\/?p=134810"},"modified":"2019-09-06T09:44:48","modified_gmt":"2019-09-06T07:44:48","slug":"guido-cantz-u-a-heute-06-09-2019-in-der-ndr-talk-show-zu-gast","status":"publish","type":"post","link":"https:\/\/smago.de\/ws2\/nonsens\/guido-cantz-u-a-heute-06-09-2019-in-der-ndr-talk-show-zu-gast\/","title":{"rendered":"GUIDO CANTZ u.a. <br>Heute (06.09.2019) in der &#8222;NDR Talk Show&#8220; zu Gast!"},"content":{"rendered":"<p>NDR fernsehen + hr fernsehen, 22:30 Uhr &#8211; 00:30 Uhr! Moderation: Bettina Tietjen und J\u00f6rg Pilawa!<br \/>\n<!--more--><\/p>\n<p>&nbsp;<\/p>\n<p>&nbsp;<\/p>\n<h3 style=\"text-align: justify;\">Guido Cantz, Moderator<\/h3>\n<p>&nbsp;<\/p>\n<div class=\"contentimage w50\" style=\"text-align: justify;\">\n<div class=\"image-container landscape\"><\/div>\n<\/div>\n<p style=\"text-align: justify;\">Wenn der blonde Rheinl\u00e4nder auftaucht, m\u00fcssen Prominente sich in Acht nehmen, denn der Porzer hat den Schalk im Nacken. Seit neun Jahren moderiert er &#8222;Verstehen Sie Spa\u00df?&#8220;, doch am liebsten ist der Verwandlungsk\u00fcnstler selbst am &#8222;Tatort&#8220; und \u00fcberpr\u00fcft, wie viel Spa\u00df Helene Fischer, Tim M\u00e4lzer oder Andreas Gabalier verstehen. Bekannt wird er 1991 durch den K\u00f6lner Karneval. Mit seinen Reden und Auftritten will er eigentlich nur sein BWL-Studium finanzieren, doch es macht einfach zu viel Spa\u00df. So entdeckt die Comedy-B\u00fchne und bleibt ihr bis heute treu. Im n\u00e4chsten Jahr geht er mit seiner brandneuen B\u00fchnen-Show &#8222;Das volle Programm &#8211; ich sehe was, was du nicht siehst&#8220; auf Tour, moderiert aber vorher noch das &#8222;New Pop Festival&#8220;, die Comedy-Show &#8222;F\u00fcr immer Kult&#8220; oder ist zu Gast in allen Runden, wo es etwas zu Raten gibt. Der Fu\u00dfballfan ist ein Allrounder und einer der meistbesch\u00e4ftigten Entertainer im Deutschen Fernsehen. Guido kann&#8217;s eben.<\/p>\n<p>&nbsp;<\/p>\n<p>&nbsp;<\/p>\n<p>&nbsp;<\/p>\n<h3 style=\"text-align: justify;\">Dagmar W\u00f6hrl, Unternehmerin und &#8222;H\u00f6hle der L\u00f6wen&#8220;-Jurorin<\/h3>\n<p>&nbsp;<\/p>\n<div class=\"contentimage w50\" style=\"text-align: justify;\"><\/div>\n<p style=\"text-align: justify;\">Ihr Lebenslauf liest sich zun\u00e4chst gradlinig und erfolgreich: nach dem Jurastudium gr\u00fcndet sie eine Anwaltskanzlei, heiratet vor 35 Jahren den Unternehmer Hans Rudolf W\u00f6hrl, bekommt zwei S\u00f6hne und sitzt 23 Jahre lang f\u00fcr die CSU im Bundestag. 2017 verabschiedet sie sich aus der aktiven Politik, &#8222;um Platz f\u00fcr neue Gesichter in ihrem Wahlkreis zu machen&#8220;, wie sie sagt.<\/p>\n<p style=\"text-align: justify;\">Vor 18 Jahren ver\u00e4ndert ein Schicksalsschlag alles in der Unternehmerfamilie W\u00f6hrl: Der damals 12-j\u00e4hrige Sohn Emanuel st\u00fcrzt vor den Augen der Mutter vom Dach und stirbt. &#8222;Die ersten Wochen verlief unser Leben wie in Hypnose&#8220;, sagt die 65-J\u00e4hrige heute. Sie gr\u00fcndet eine Stiftung f\u00fcr Kinder, unterst\u00fctzt soziale Projekte und ist eine engagierte Tiersch\u00fctzerin.<\/p>\n<p style=\"text-align: justify;\">Seit zwei Jahren ist sie eine von sieben Investoren der VOX-Gr\u00fcnder-Sendung &#8222;H\u00f6hle der L\u00f6wen&#8220;, die ab September in die sechste Staffel geht.<\/p>\n<p>&nbsp;<\/p>\n<p>&nbsp;<\/p>\n<p>&nbsp;<\/p>\n<h3 style=\"text-align: justify;\">Wolfgang Kubicki, Politiker<\/h3>\n<p>&nbsp;<\/p>\n<div class=\"contentimage w50\" style=\"text-align: justify;\"><\/div>\n<p style=\"text-align: justify;\">Anwalt, Volkswirt, Politiker &#8211; \u00fcber ihn sagt Kanzlerin Angela Merkel, er habe &#8222;den Schalk im Auge&#8220;. Wolfgang Kubicki ist nat\u00fcrlich nicht nur f\u00fcr seine spitzz\u00fcngige Meinungsst\u00e4rke und seine Entertainer-Qualit\u00e4ten, sondern auch f\u00fcr seine steile politische Karriere bekannt. Seit fast zwei Jahren ist der stellvertretende Bundesvorsitzende der FDP auch Bundestagsvizepr\u00e4sident. Bei den Freien Demokraten beginnt seine Karriere vor 48 Jahren, weil er schon damals &#8222;zwei S\u00e4tze zusammenh\u00e4ngend reden konnte&#8220;. Der Liebe wegen zieht es den geb\u00fcrtigen Niedersachsen nach Kiel, dabei verliebt er sich auch in das Land zwischen den Meeren. Mittlerweile ist er in dritter Ehe und seit \u00fcber 20 Jahren mit seiner Frau Annette verheiratet, die ihm als Strafverteidigern ganz nat\u00fcrlich Paroli bieten kann. &#8222;Gegen meine Frau habe ich keine Chance&#8220;, sagt der Vater von Zwillingst\u00f6chtern.<\/p>\n<p>Jetzt erscheint seine Autobiografie, und der Titel ist sowohl sein Lebensmotto als auch seine Arbeitseinstellung: &#8222;Sagen, was Sache ist!&#8220;<\/p>\n<p>&nbsp;<\/p>\n<p>&nbsp;<\/p>\n<p>&nbsp;<\/p>\n<h3 style=\"text-align: justify;\">Dr. Franziska Rubin, \u00c4rztin<\/h3>\n<p>&nbsp;<\/p>\n<div class=\"contentimage w50\" style=\"text-align: justify;\"><\/div>\n<p style=\"text-align: justify;\">Kartoffelsaft hilft gegen Sodbrennen, Salzwasser hilft gegen Erk\u00e4ltung und Ingwer lindert Zahnfleischentz\u00fcndungen. Die Medizin-Journalistin und \u00c4rztin Dr. Franziska Rubin gr\u00e4bt das vergessene, uralte Wissen der Hausmittel wieder aus und erkl\u00e4rt, welche Lebensmittel vorbeugen oder bei Krankheitssymptomen gezielt eingesetzt werden k\u00f6nnen. In ihrer 20-j\u00e4hrigen TV-Karriere hat die geb\u00fcrtige Hannoveranerin ihr umfangreiches Wissen in Gesundheits- und Servicesendungen geteilt und es sogar schon im Kinderfernsehen untergebracht. Immerhin geh\u00f6rt sie zu den ersten KiKa-Moderator*innen. Nach gut drei Jahren Australien, kehrt sie nun mit den drei Kindern und ihrem Mann zur\u00fcck nach Deutschland. Wie immer voller Tatendrang, denn mit 51 Jahren ist sie der beste Beweis f\u00fcr ihre Erkenntnis: &#8222;Je \u00e4lter ich werde, desto mehr verstehe ich, dass viele Erkrankungen auch ein Ergebnis des Lebensstils sind, den wir pflegen. Es ist nie zu sp\u00e4t etwas f\u00fcr sich zu tun&#8220;.<\/p>\n<p>&nbsp;<\/p>\n<p>&nbsp;<\/p>\n<p>&nbsp;<\/p>\n<h3 style=\"text-align: justify;\">Kai Wiesinger, Schauspieler<\/h3>\n<p>&nbsp;<\/p>\n<div class=\"contentimage w50\" style=\"text-align: justify;\"><\/div>\n<p style=\"text-align: justify;\">Warum sollte ich mir ein Sixpack antrainieren, wenn es sowieso keiner zu sehen bekommt? Soll ich mir die Haare f\u00e4rben und wie geht es eigentlich meiner Prostata? Das sind die wirklich wichtigen Fragen, die den Mann \u00dc-50 bewegen &#8211; zumindest Kai Wiesinger. Zusammen mit seiner Frau, der Schauspielerin Bettina Zimmermann, hat er 2016 zu diesem Thema eine sehr witzige und erfolgreiche Serie gemacht: Titel &#8222;Der Lack ist ab&#8220;. Jetzt wendet er sich mit seinem Ratgeber der Frage &#8222;War\u2019s das schon oder kommt da noch was?&#8220; direkt an den Mann von heute &#8211; witzig, charmant und selbstironisch. Der Schauspieler, Regisseur und Autor stammt aus Hannover und ist seit seinem Deb\u00fct 1992 mit &#8222;Kleine Haie&#8220; von S\u00f6nke Wortmann eine feste Gr\u00f6\u00dfe auf der Leinwand und in deutschsprachigen Fernsehproduktionen. Mit seiner Familie lebt er in Berlin. In der Sendung wird er hoffentlich f\u00fcr alle Midlife-Crises-gesch\u00fcttelten M\u00e4nner und ihre Frauen, die sie ertragen m\u00fcssen, Entwarnung geben.<\/p>\n<p>&nbsp;<\/p>\n<p>&nbsp;<\/p>\n<p>&nbsp;<\/p>\n<h3 style=\"text-align: justify;\">Alvaro Soler, S\u00e4nger<\/h3>\n<p>&nbsp;<\/p>\n<div class=\"contentimage w50\" style=\"text-align: justify;\"><\/div>\n<p style=\"text-align: justify;\">Mit Superstar Jennifer Lopez stand er auf der B\u00fchne und Super-Model Toni Garrn hat in einem seiner Videos mitgespielt &#8211; nun ist er selbst zum Weltstar geworden: Alvaro Soler. Vor vier Jahren wird der deutsch-spanische S\u00e4nger vom Nobody zum gefragten Latino-Pop-Star mit \u00fcber einer Milliarde Streams weltweit und Chart-Erfolgen in unz\u00e4hligen L\u00e4ndern. Der 28-j\u00e4hrige Frauenschwarm liefert mit Hits wie &#8222;El Mismo Sol&#8220;, &#8222;Sofia&#8220; und &#8222;La Cintura&#8220; f\u00fcr viele den Soundtrack des Sommers. Im Herbst ist er auf Deutschland-Tournee.<\/p>\n<p>Alvaro Soler w\u00e4chst bis zu seinem zehnten Lebensjahr in Barcelona auf und zieht dann mit seiner Familie f\u00fcr acht Jahre nach Tokio &#8211; eine gro\u00dfe Inspiration f\u00fcr seine heutige Arbeit. Bei uns wird er mit &#8222;La Libertad&#8220; eine Kostprobe aus seinem aktuellen Album &#8222;Mar de Colores&#8220; geben: Pure Lebensfreude und Party bis zum Morgengrauen&#8230; Ay, ay, ay, ay!<\/p>\n<p>&nbsp;<\/p>\n<p>&nbsp;<\/p>\n<p>&nbsp;<\/p>\n<h3 style=\"text-align: justify;\">Maria Ehrich, Schauspielerin<\/h3>\n<p>&nbsp;<\/p>\n<div class=\"contentimage w50\" style=\"text-align: justify;\"><\/div>\n<p style=\"text-align: justify;\">Sie ist erst 26 Jahre alt und hatte schon vor mehr als 15 Jahren ihre erste Hauptrolle im Kino: Schauspielerin Maria Ehrich steht von Kindesbeinen an \u00e4u\u00dferst erfolgreich vor der Kamera. Sie erh\u00e4lt den Nachwuchspreis der &#8222;Goldenen Kamera&#8220; und wird f\u00fcr ihre Hauptrolle in &#8222;Ku&#8217;Damm &#8217;56&#8220; gefeiert. Letztes Jahr nimmt sich die Erfurterin eine Auszeit: Gemeinsam mit ihrem Freund Manuel bereist sie u.a. Kenia, Mexiko, Hawaii, die USA und Kanada &#8211; teilweise mit einem alten VW K\u00e4fer mit Dachzelt. Erkl\u00e4rtes Ziel: Au\u00dfergew\u00f6hnliche Menschen treffen. Menschen, die aus dem Rahmen fallen. Wie zum Beispiel die Ordens-Schwester Mary Jane, die in Nairobi ein Waisenhaus gegr\u00fcndet und schon \u00fcber 300 Kinder gro\u00dfgezogen hat.<\/p>\n<p>Die Reise ins Unbekannte macht die Wahl-Berlinerin erstmalig zur Autorin: &#8222;Leaving the Frame&#8220; wird am 30. August erscheinen. So ganz ohne Film geht es dann aber doch nicht: \u00a0Der Dokumentarfilm zur Reise kommt am 3. Oktober in die Kinos.<\/p>\n<p>&nbsp;<\/p>\n<p>&nbsp;<\/p>\n<p>&nbsp;<\/p>\n<h3 style=\"text-align: justify;\">Pierre M. Krause, Moderator<\/h3>\n<p>&nbsp;<\/p>\n<div class=\"contentimage w50\" style=\"text-align: justify;\"><\/div>\n<p style=\"text-align: justify;\">Er selbst sieht sich als &#8222;Actionheld, gefangen im K\u00f6per einer Ballerina&#8220;, sein Lehrmeister Harald Schmidt, f\u00fcr den er mehr als drei Jahre arbeitet, bezeichnet ihn als &#8222;einen der attraktivsten und intelligentesten Moderatoren weltweit&#8220;. Pierre M. Krause &#8211; das M steht f\u00fcr Marcel &#8211; moderiert seit \u00fcber zehn Jahren seine eigene Sendung &#8222;Die Pierre M. Krause Show &#8211; SWR3 Latenight&#8220;. Hier reicht sich die Oberliga der deutschen Comedybranche die Klinke in die Hand, \u00a0Anke Engelke, Bastian Pastewka oder Cordula Stratmann sind regelm\u00e4\u00dfige G\u00e4ste der Sendung. Seine Show\u00a0 ist eine Art Biotop f\u00fcr Unsinn, Anarchie und Verr\u00fccktheit im \u00f6ffentlich-rechtlichen Fernsehen. Gesendet wird sie &#8222;mitten aus dem Schwarzwald&#8220; ab 23.30 Uhr im SWR, Start der neuen Staffel ist am 24. September mit Thomas Gottschalk. Regelm\u00e4\u00dfig f\u00fchrt Krause auch durch das SWR3 New Pop Festival in Baden-Baden und ist u. a. im Rateteam der SWR Quizshow Sag die Wahrheit zu sehen.<\/p>\n","protected":false},"excerpt":{"rendered":"<p>NDR fernsehen + hr fernsehen, 22:30 Uhr &#8211; 00:30 Uhr! Moderation: Bettina Tietjen und J\u00f6rg Pilawa!<\/p>\n","protected":false},"author":2,"featured_media":134811,"comment_status":"open","ping_status":"closed","sticky":false,"template":"","format":"standard","meta":{"_FSMCFIC_featured_image_caption":"","_FSMCFIC_featured_image_nocaption":"","_FSMCFIC_featured_image_hide":""},"categories":[23,128],"tags":[254],"acf":[],"_links":{"self":[{"href":"https:\/\/smago.de\/ws2\/wp-json\/wp\/v2\/posts\/134810"}],"collection":[{"href":"https:\/\/smago.de\/ws2\/wp-json\/wp\/v2\/posts"}],"about":[{"href":"https:\/\/smago.de\/ws2\/wp-json\/wp\/v2\/types\/post"}],"author":[{"embeddable":true,"href":"https:\/\/smago.de\/ws2\/wp-json\/wp\/v2\/users\/2"}],"replies":[{"embeddable":true,"href":"https:\/\/smago.de\/ws2\/wp-json\/wp\/v2\/comments?post=134810"}],"version-history":[{"count":2,"href":"https:\/\/smago.de\/ws2\/wp-json\/wp\/v2\/posts\/134810\/revisions"}],"predecessor-version":[{"id":134813,"href":"https:\/\/smago.de\/ws2\/wp-json\/wp\/v2\/posts\/134810\/revisions\/134813"}],"wp:featuredmedia":[{"embeddable":true,"href":"https:\/\/smago.de\/ws2\/wp-json\/wp\/v2\/media\/134811"}],"wp:attachment":[{"href":"https:\/\/smago.de\/ws2\/wp-json\/wp\/v2\/media?parent=134810"}],"wp:term":[{"taxonomy":"category","embeddable":true,"href":"https:\/\/smago.de\/ws2\/wp-json\/wp\/v2\/categories?post=134810"},{"taxonomy":"post_tag","embeddable":true,"href":"https:\/\/smago.de\/ws2\/wp-json\/wp\/v2\/tags?post=134810"}],"curies":[{"name":"wp","href":"https:\/\/api.w.org\/{rel}","templated":true}]}}