{"id":134774,"date":"2019-09-05T09:01:51","date_gmt":"2019-09-05T07:01:51","guid":{"rendered":"https:\/\/smago.de\/?p=134774"},"modified":"2019-09-05T09:15:17","modified_gmt":"2019-09-05T07:15:17","slug":"deutscher-radiopreis-2019-mark-forster-lena-und-nico-santos-treten-auf","status":"publish","type":"post","link":"https:\/\/smago.de\/ws2\/smago-informiert\/deutscher-radiopreis-2019-mark-forster-lena-und-nico-santos-treten-auf\/","title":{"rendered":"&#8222;DEUTSCHER RADIOPREIS 2019&#8220; <br>Mark Forster, Lena und Nico Santos treten auf!"},"content":{"rendered":"<p>Grimme-Jury gibt erste Nominierungen bekannt!<br \/>\n<!--more--><\/p>\n<p>&nbsp;<\/p>\n<p>&nbsp;<\/p>\n<p style=\"text-align: justify;\">Die ersten Finalisten des zehnten Deutschen Radiopreises stehen fest. Drei Wochen vor der Verleihung hat die unabh\u00e4ngige Jury des Grimme-Instituts in den Kategorien Bester Newcomer, Beste Innovation, Beste Morgensendung und Beste Programmaktion jeweils drei Einreichungen nominiert. Die Preistr\u00e4gerinnen und Preistr\u00e4ger werden am 25. September in der Elbphilharmonie in Hamburg gek\u00fcrt. Sie erhalten die Auszeichnungen aus der Hand von prominenten Laudatorinnen und Laudatoren, darunter Andrea Sawatzki, Nazan Eckes, S\u00f6nke Wortmann und Dominic Raacke.<\/p>\n<p style=\"text-align: justify;\">Nach Herbert Gr\u00f6nemeyer haben mit Mark Forster, Lena Meyer-Landrut und Nico Santos drei weitere musikalische Starg\u00e4ste f\u00fcr das Showprogramm zugesagt. Ehrengast der Jubil\u00e4umsgala ist Bundespr\u00e4sident Frank-Walter Steinmeier. Die Moderation \u00fcbernimmt Barbara Sch\u00f6neberger. Bundesweit \u00fcbertragen zahlreiche Radiosender den Deutschen Radiopreis live aus der Hansestadt. Erstmals werden Birgit Hahn (Radio Hamburg) und Sebastian Winkler (BAYERN\u00a03) als Kommentatoren die H\u00f6rerinnen und H\u00f6rer durch den glanzvollen Abend f\u00fchren.<\/p>\n<p>&nbsp;<\/p>\n<p>&nbsp;<\/p>\n<p>&nbsp;<\/p>\n<p style=\"text-align: justify;\"><strong>Und das sind die Nominierungen<\/strong>:<\/p>\n<p style=\"text-align: justify;\">Auf den Titel <strong>Bester Newcomer<\/strong> k\u00f6nnen hoffen: Erik Aland von 89.0 RTL (\u201e89.0 RTL Morningshow\u201c), Roger Rekless von PULS (\u201eBayern 3 Sp\u00e4tschicht pr\u00e4sentiert von PULS\u201c) und Nikolai Prod\u00f6hl von TIDE.radio (\u201eInklusive Sportsendung\u201c). Laudatorin ist Nazan Eckes.<\/p>\n<p style=\"text-align: justify;\">Im Wettbewerb um den Preis f\u00fcr die <strong>Beste Innovation<\/strong> stehen 104.6 RTL (\u201eSWOP\u201c), SWR3 (\u201eSWR3 Elchbot\u201c) und mdr KULTUR (<a href=\"http:\/\/www.xn--mllerbaukasten-gsb.de\/\">www.m\u00fcllerbaukasten.de<\/a>). Andrea Sawatzki wird den Preis verleihen.<\/p>\n<p style=\"text-align: justify;\">Nominiert in der Kategorie <strong>Beste Morgensendung<\/strong> sind N-JOY vom NDR (\u201eKuhlage und Hardeland \u2013 die N-JOY Morningshow\u201c), Radio Leverkusen (\u201eRadio Leverkusen am Morgen\u201c) und radioeins vom rbb (\u201eDer Sch\u00f6ne Morgen\u201c). S\u00f6nke Wortmann wird die Laudatio halten.<\/p>\n<p style=\"text-align: justify;\">Ins Rennen um die Auszeichnung f\u00fcr die <strong>Beste Programmaktion<\/strong> gehen WDR 1LIVE (\u201eDie dunkle Seite \u2013 Mobbing\u201c), WDR COSMO (\u201eCOSMO UNITED \u2013 Fu\u00dfball verbindet\u201c) sowie Radio Gong 96.3 (\u201eGong 96.3 Team Taxi: Das Taxi von Frauen f\u00fcr Frauen\u201c). Dominic Raacke wird die Ehrung \u00fcbergeben.<\/p>\n<p style=\"text-align: justify;\">F\u00fcr <strong>Mark Forster<\/strong> ist Radio ein t\u00e4glicher Begleiter. \u201eIch habe dem Radio unfassbar viel, wenn nicht alles zu verdanken\u201c, sagt der 35-J\u00e4hrige. Er freut sich, bei der Gala am 25. September dabei zu sein: \u201eDer Radiopreis ist so wie ein Blind Date. Man sieht endlich die Stimmen, die man nur aus dem Radio kennt.\u201c Mark Forster wird seine neue Single \u201e194 L\u00e4nder\u201c auf die B\u00fchne der Elbphilharmonie bringen.<\/p>\n<p style=\"text-align: justify;\"><strong>Nico Santos<\/strong> ist mit Songs wie \u201eSafe\u201c, \u201eUnforgettable\u201c und \u201eRooftop\u201c der erfolgreichste deutsche Radiok\u00fcnstler 2018. Er ist dem Medium Radio dankbar: \u201eMeine Karriere w\u00e4re ohne das Radio nicht m\u00f6glich gewesen.\u201c Der Singer-Songwriter wird im Duett mit Lena Meyer-Landrut die neue Single \u201eBetter\u201c pr\u00e4sentieren.<\/p>\n<p style=\"text-align: justify;\"><strong>Lena Meyer-Landrut<\/strong> landete mit ihren Songs zahlreiche Radiohits. Die Singles \u201eDon&#8217;t Lie To Me\u201c und \u201eThank You\u201c ihres aktuellen Albums geh\u00f6ren zu den Top-Hits der deutschen Radiocharts. \u201eRadio ist f\u00fcr mich Information, Unterhaltung und ganz viel Musik\u201c, sagt die 28-J\u00e4hrige.<\/p>\n<p style=\"text-align: justify;\">\u00d6ffentlich-rechtliche und private Sender haben den Deutschen Radiopreis gemeinsam ins Leben gerufen. Pr\u00e4miert werden unter anderem die besten Moderatorinnen und Moderatoren, Reportagen, Radiocomedys und Nachrichtenformate. Zum ersten Mal macht sich die Jury auch auf die Suche nach dem \u201eBesten Podcast\u201c.<\/p>\n<p style=\"text-align: justify;\">Stifter des Deutschen Radiopreises sind die H\u00f6rfunkprogramme der ARD, Deutschlandradio und die privaten Radiosender in Deutschland. Gesellschafter sind die Radiozentrale \u2013 eine gemeinsame Plattform privater und \u00f6ffentlich-rechtlicher Sender zur St\u00e4rkung des H\u00f6rfunks \u2013 und die NDR Media, die Vermarktungsgesellschaft des NDR. Zu den Kooperationspartnern z\u00e4hlen das Grimme-Institut, die Freie und Hansestadt Hamburg sowie die Radio-Vermarkter AS&amp;S Radio und RMS. Die Federf\u00fchrung liegt beim Norddeutschen Rundfunk (NDR).<\/p>\n<p style=\"text-align: justify;\"><em>Fotos und weitere Infos auf der Webseite <a href=\"http:\/\/www.deutscher-radiopreis.de\/\">www.deutscher-radiopreis.de<\/a>.<\/em><\/p>\n<p style=\"text-align: justify;\">\n","protected":false},"excerpt":{"rendered":"<p>Grimme-Jury gibt erste Nominierungen bekannt!<\/p>\n","protected":false},"author":2,"featured_media":125692,"comment_status":"open","ping_status":"closed","sticky":false,"template":"","format":"standard","meta":{"_FSMCFIC_featured_image_caption":"","_FSMCFIC_featured_image_nocaption":"","_FSMCFIC_featured_image_hide":""},"categories":[33],"tags":[278],"acf":[],"_links":{"self":[{"href":"https:\/\/smago.de\/ws2\/wp-json\/wp\/v2\/posts\/134774"}],"collection":[{"href":"https:\/\/smago.de\/ws2\/wp-json\/wp\/v2\/posts"}],"about":[{"href":"https:\/\/smago.de\/ws2\/wp-json\/wp\/v2\/types\/post"}],"author":[{"embeddable":true,"href":"https:\/\/smago.de\/ws2\/wp-json\/wp\/v2\/users\/2"}],"replies":[{"embeddable":true,"href":"https:\/\/smago.de\/ws2\/wp-json\/wp\/v2\/comments?post=134774"}],"version-history":[{"count":2,"href":"https:\/\/smago.de\/ws2\/wp-json\/wp\/v2\/posts\/134774\/revisions"}],"predecessor-version":[{"id":134776,"href":"https:\/\/smago.de\/ws2\/wp-json\/wp\/v2\/posts\/134774\/revisions\/134776"}],"wp:featuredmedia":[{"embeddable":true,"href":"https:\/\/smago.de\/ws2\/wp-json\/wp\/v2\/media\/125692"}],"wp:attachment":[{"href":"https:\/\/smago.de\/ws2\/wp-json\/wp\/v2\/media?parent=134774"}],"wp:term":[{"taxonomy":"category","embeddable":true,"href":"https:\/\/smago.de\/ws2\/wp-json\/wp\/v2\/categories?post=134774"},{"taxonomy":"post_tag","embeddable":true,"href":"https:\/\/smago.de\/ws2\/wp-json\/wp\/v2\/tags?post=134774"}],"curies":[{"name":"wp","href":"https:\/\/api.w.org\/{rel}","templated":true}]}}