{"id":134205,"date":"2019-08-26T12:37:36","date_gmt":"2019-08-26T10:37:36","guid":{"rendered":"https:\/\/smago.de\/?p=134205"},"modified":"2019-08-26T12:56:55","modified_gmt":"2019-08-26T10:56:55","slug":"sascha-heyna","status":"publish","type":"post","link":"https:\/\/smago.de\/ws2\/schlager\/sascha-heyna\/","title":{"rendered":"SASCHA HEYNA <br>Sascha Heyna fordert mehr Respekt vor \u00e4lteren Menschen ein!"},"content":{"rendered":"<p>Seinen aktuellen Facebook-Beitrag teilen wir liebend gern &#8230;:<br \/>\n<!--more--><\/p>\n<div class=\"q_10fwogflug k_10fwogltf3 clearfix\">\n<div class=\"clearfix f_10fwogfkt3\">\n<div class=\"clearfix _42ef\">\n<div class=\"l_10fwogfkt8\">\n<div>\n<div class=\"_6a _5u5j\">\n<div class=\"_6a _5u5j _6b\">\n<h5 id=\"js_17\" class=\"_7tae _14f3 _14f5 _5pbw _5vra\" data-ft=\"{&quot;tn&quot;:&quot;C&quot;}\"><\/h5>\n<div id=\"fbfeed_sub__header__id_46;531496597;10157570405371598;10157570405371598;1566814827:-3218187485580377797:5:0\" class=\"_5pcp _5lel _2jyu _232_\" data-testid=\"fb-testid-feedsub-tilte\">\n<p>&nbsp;<\/p>\n<div class=\"_6a _29ee _4f-9 _43_1\" role=\"img\" data-hover=\"tooltip\" data-tooltip-content=\"Geteilt mit: \u00d6ffentlich\" aria-label=\"Geteilt mit: \u00d6ffentlich\"><\/div>\n<\/div>\n<\/div>\n<\/div>\n<\/div>\n<\/div>\n<\/div>\n<\/div>\n<\/div>\n<div id=\"js_18\" class=\"_5pbx userContent _3ds9 _3576\" data-testid=\"post_message\" data-ft=\"{&quot;tn&quot;:&quot;K&quot;}\">\n<div id=\"id_5d63b61b2d2a48d20129961\" class=\"text_exposed_root text_exposed\">\n<p style=\"text-align: justify;\"><em><span class=\"_5mfr\"><span class=\"_6qdm\">&#x1f92c;<\/span><\/span><span class=\"_5mfr\"><span class=\"_6qdm\">&#x1f92c;<\/span><\/span>WARUM ICH SO SAUER BIN <span class=\"_5mfr\"><span class=\"_6qdm\">&#x1f92c;<\/span><\/span><span class=\"_5mfr\"><span class=\"_6qdm\">&#x1f92c;<\/p>\n<p><\/span><\/span><\/em><br \/>\n<em>Liebe Freunde,<\/em><\/p>\n<p><em>ich bin w\u00fctend. Und traurig.<\/em><\/p>\n<p><em>Kennt Ihr diese Tage, an denen man vor Wut sch\u00e4umt, aber auch gleichzeitig hilflos ist?<\/em><\/p>\n<p><em>Seit ein paar Wochen wird mir immer mehr klar, wie Seniorinnen und Senioren in unserem Land diskriminiert werden:\u00a0<span class=\"text_exposed_show\">Alles soll jung, stylish werden. Alles wird hip und crazy. Die Alten werden Links liegen gelassen. Wen k\u00fcmmert schon die Omi? Was interessiert mich der alte Mann? Wir sind jung und frech \u2013 in den Medien, in der Gesellschaft, \u00fcberall&#8230;<\/p>\n<p>Den Abschuss liefert dann ein sogenannter Comedian, der in einer TV-Sendung mit voller Breitseite respektlose Witze \u00fcber betagte Menschen macht.<\/p>\n<p>Wir ihr vielleicht wisst, betreibe ich in K\u00f6ln einen Pflege- &amp; Betreuungsdienst und habe somit t\u00e4glich mit alten Menschen zu tun.<\/p>\n<p>Auch durch diese Arbeit ertrage ich das \u201elinks-liegen-lassen\u201c von \u201eunseren\u201c Alten nicht mehr.<\/p>\n<p>Ich m\u00f6chte versuchen, ein kleines bisschen gegen diesen Trend zu steuern und rufe hiermit die Initiative\u00a0<span class=\"_5mfr\"><span class=\"_6qdm\">&#x1f474;&#x1f3fc;<\/span><\/span><span class=\"_5mfr\"><span class=\"_6qdm\">&#x1f475;&#x1f3fc;<\/span><\/span>OLL IS DOLL<span class=\"_5mfr\"><span class=\"_6qdm\">&#x1f475;&#x1f3fc;<\/span><\/span><span class=\"_5mfr\"><span class=\"_6qdm\">&#x1f474;&#x1f3fc;\u00a0<\/span><\/span>ins Leben. Vielleicht ist es l\u00e4cherlich, aber vielleicht kann ich damit auch Denkanst\u00f6\u00dfe geben.<\/p>\n<p>In den kommenden Tagen, Wochen &amp; Monaten werde ich mir kleine Aktionen ausdenken. Und wer weiss und es macht bei manchen Leuten Klick\u201c \u2013 und Oma &amp; Opa bekommen wieder mehr Respekt!<\/p>\n<p><span class=\"_5mfr\"><span class=\"_6qdm\">&#x1f474;&#x1f3fc;<\/span><\/span><span class=\"_5mfr\"><span class=\"_6qdm\">&#x1f475;&#x1f3fc;<\/span><\/span>OLL IS DOLL<span class=\"_5mfr\"><span class=\"_6qdm\">&#x1f475;&#x1f3fc;<\/span><\/span><span class=\"_5mfr\"><span class=\"_6qdm\">&#x1f474;&#x1f3fc;<\/span><\/span>!!!!!!!<\/span><\/em><\/p>\n<div class=\"text_exposed_show\">\n<p style=\"text-align: justify;\"><em>Alles Liebe,<\/em><\/p>\n<p><em>Sascha<\/em><\/p>\n<\/div>\n<\/div>\n<\/div>\n","protected":false},"excerpt":{"rendered":"<p>Seinen aktuellen Facebook-Beitrag teilen wir liebend gern &#8230;:<\/p>\n","protected":false},"author":2,"featured_media":119859,"comment_status":"open","ping_status":"closed","sticky":false,"template":"","format":"standard","meta":{"_FSMCFIC_featured_image_caption":"","_FSMCFIC_featured_image_nocaption":"","_FSMCFIC_featured_image_hide":""},"categories":[29],"tags":[476],"acf":[],"_links":{"self":[{"href":"https:\/\/smago.de\/ws2\/wp-json\/wp\/v2\/posts\/134205"}],"collection":[{"href":"https:\/\/smago.de\/ws2\/wp-json\/wp\/v2\/posts"}],"about":[{"href":"https:\/\/smago.de\/ws2\/wp-json\/wp\/v2\/types\/post"}],"author":[{"embeddable":true,"href":"https:\/\/smago.de\/ws2\/wp-json\/wp\/v2\/users\/2"}],"replies":[{"embeddable":true,"href":"https:\/\/smago.de\/ws2\/wp-json\/wp\/v2\/comments?post=134205"}],"version-history":[{"count":3,"href":"https:\/\/smago.de\/ws2\/wp-json\/wp\/v2\/posts\/134205\/revisions"}],"predecessor-version":[{"id":134208,"href":"https:\/\/smago.de\/ws2\/wp-json\/wp\/v2\/posts\/134205\/revisions\/134208"}],"wp:featuredmedia":[{"embeddable":true,"href":"https:\/\/smago.de\/ws2\/wp-json\/wp\/v2\/media\/119859"}],"wp:attachment":[{"href":"https:\/\/smago.de\/ws2\/wp-json\/wp\/v2\/media?parent=134205"}],"wp:term":[{"taxonomy":"category","embeddable":true,"href":"https:\/\/smago.de\/ws2\/wp-json\/wp\/v2\/categories?post=134205"},{"taxonomy":"post_tag","embeddable":true,"href":"https:\/\/smago.de\/ws2\/wp-json\/wp\/v2\/tags?post=134205"}],"curies":[{"name":"wp","href":"https:\/\/api.w.org\/{rel}","templated":true}]}}