{"id":133743,"date":"2019-08-16T00:00:36","date_gmt":"2019-08-15T22:00:36","guid":{"rendered":"https:\/\/smago.de\/?p=133743"},"modified":"2019-08-15T21:20:46","modified_gmt":"2019-08-15T19:20:46","slug":"yared-dibaba-eloy-de-jong-u-a-heute-16-08-2019-in-der-849-ausgabe-der-ndr-talk-show-zu-gast","status":"publish","type":"post","link":"https:\/\/smago.de\/ws2\/pop-schlager\/yared-dibaba-eloy-de-jong-u-a-heute-16-08-2019-in-der-849-ausgabe-der-ndr-talk-show-zu-gast\/","title":{"rendered":"YARED DIBABA, ELOY DE JONG u.a. <br>Heute (16.08.2019) in der 849. Ausgabe der &#8222;NDR Talk Show&#8220; zu Gast!"},"content":{"rendered":"<p style=\"text-align: justify;\">NDR fernsehen + hr fernsehen, 22:30 Uhr &#8211; 00:30 Uhr! Moderation: Barbara Sch\u00f6neberger und Hubertus Meyer-Burckhardt!<br \/>\n<!--more--><\/p>\n<p>&nbsp;<\/p>\n<p>&nbsp;<\/p>\n<h3 style=\"text-align: justify;\">Christine Westermann, Journalistin, und Axel Hacke, Autor<\/h3>\n<div class=\"contentimage w50\" style=\"text-align: justify;\"><\/div>\n<p style=\"text-align: justify;\">&#8222;Ab und zu passiert es, dass ich ein Buch liebe, bevor ich es \u00fcberhaupt gelesen habe. Wenn Axel Hacke der Autor ist&#8220;, sagt die Journalistin, ehemalige &#8222;Zimmer frei!&#8220;-Moderatorin und Mitglied des Literarischen Quartetts Christine Westermann.<\/p>\n<p style=\"text-align: justify;\">Demn\u00e4chst erscheint das neue Buch von Schrifsteller Axel Hacke: &#8222;Wozu wir da sind&#8220;. Grund genug, die beiden Buchbegeisterten einmal zusammenzubringen. In der &#8222;NDR Talk Show&#8220; sprechen Christine Westermann und Axel Hacke zum ersten Mal gemeinsam in einer Talkshow \u00fcber ihre Liebe zu B\u00fcchern und das Leben an sich.<\/p>\n<p>&nbsp;<\/p>\n<p>&nbsp;<\/p>\n<h3 style=\"text-align: justify;\">Eloy de Jong, S\u00e4nger<\/h3>\n<div class=\"contentimage w50\" style=\"text-align: justify;\"><\/div>\n<p style=\"text-align: justify;\">&#8222;Love Is Everywhere&#8220;: Vor genau 25 Jahren hatte die Boyband Caught in the Act mit diesem Song ihren gr\u00f6\u00dften Hit. Eloy de Jong war einer der vier S\u00e4nger, denen damals die weiblichen Teenager zu F\u00fc\u00dfen lagen. Heute verzaubert er mit deutschen Schlagern gleich mehrere Generationen und tritt erfolgreich als Solok\u00fcnstler auf. Im Herbst geht er auf seine erste gro\u00dfe Solotournee. Der 46-J\u00e4hrige hat zusammen mit seinem Partner eine Tochter. Das M\u00e4dchen w\u00e4chst mit zwei V\u00e4tern und ihrer Mutter auf. Wie er Privat- und Berufsleben vereinbart, erz\u00e4hlt der sympathische Niederl\u00e4nder in der &#8222;NDR Talk Show&#8220;.<\/p>\n<p>&nbsp;<\/p>\n<p>&nbsp;<\/p>\n<h3 style=\"text-align: justify;\">Yared Dibaba, Moderator und S\u00e4nger<\/h3>\n<div class=\"contentimage w50\" style=\"text-align: justify;\"><\/div>\n<p style=\"text-align: justify;\">Er ist nicht nur einer der beliebtesten Moderatoren im Norden, er ist auch der Plattdeutsch-Experte vom NDR Fernsehen. F\u00fcr die Fernsehsendung &#8222;De Welt Opp Platt&#8220; stellte er bereits Platt-Schnacker auf der ganzen Welt vor. Plattdeutsch wird an den kuriosesten Orten gesprochen, so auch in Kanada, wo er gerade mitsamt der ganzen Familie seinen Sommer verbracht hat. F\u00fcr den Ostfriesen ein Land der Tr\u00e4ume. Doch f\u00fcrs Auswandern bleibt keine Zeit, daf\u00fcr hat er bei uns im Norden viel zu viel zu tun. F\u00fcr den Radiosender NDR 90,3 moderiert er z.B. regelm\u00e4\u00dfig die Sendung &#8222;H\u00f6r mal &#8217;n beten to&#8220;. Au\u00dferdem l\u00e4sst er sich in seiner Reihe &#8222;Yared last minute&#8220; von den NDR-Zuschauern an \u00fcberraschende Reiseziele schicken. Seit 2010 moderiert er regelm\u00e4\u00dfig die Sendung &#8222;Mein Nachmittag&#8220;. Und auch musikalisch hat das Multitalent viel zu bieten: Mit seiner Band &#8222;Yared und die Schlickrutscher&#8220; geht er seit 2016 auf Tournee.<\/p>\n<p>&nbsp;<\/p>\n<p>&nbsp;<\/p>\n<h3 style=\"text-align: justify;\">Susi Kentikian, Boxerin<\/h3>\n<div class=\"contentimage w50\" style=\"text-align: justify;\"><\/div>\n<p style=\"text-align: justify;\">Die Boxerin Susi Kentikian wiegt nicht einmal halb so viel wie ein Wladimir Klitschko. Dennoch schl\u00e4gt sie im Verh\u00e4ltnis genauso hart, aber um ein Drittel schneller &#8211; mit bis zu 400 Schl\u00e4gen in der Minute. Damit ist die 31-j\u00e4hrige Sportlerin und mehrmalige Weltmeisterin im Fliegengewicht &#8211; wissenschaftlich belegt &#8211; die schnellste Boxerin der Welt. Geboren ist die 1,53 m gro\u00dfe Boxerin in Armenien. 1996 kam sie als Fl\u00fcchtling nach Deutschland, lebte auf einem Wohnschiff f\u00fcr Migranten unter einfachsten Bedingungen, entdeckte das Boxen f\u00fcr sich und erk\u00e4mpfte sich ihren Erfolg. Dass Susi Kentikian au\u00dfer Boxen auch singen kann, bewies sie gerade eindrucksvoll in der Fernsehshow &#8222;The Masked Singer&#8220;, bei der sie es im pinken Knuddelmonster-Kost\u00fcm bis in die Finalshow schaffte und Siegerin der Herzen wurde.<\/p>\n<p>&nbsp;<\/p>\n<p>&nbsp;<\/p>\n<h3 style=\"text-align: justify;\">Jan Schierhorn, Unternehmer<\/h3>\n<div class=\"contentimage w50\" style=\"text-align: justify;\"><\/div>\n<p style=\"text-align: justify;\">Mit seinem Unternehmen Das Geld h\u00e4ngt an den B\u00e4umen produziert der Hamburger Jan Schierhorn nicht nur leckeren Apfelsaft in Flaschen, es geht um viel mehr: Aus einer verr\u00fcckten Idee wurde vor zehn Jahren ein beispielloses Inklusionsprojekt. Dabei klingt alles ganz einfach: An zahlreichen Apfelb\u00e4umen von Privatleuten bleiben die \u00c4pfel h\u00e4ngen und werden zum Teil nicht geerntet. Diese \u00c4pfel werden von einer betreuten Gruppe von Menschen mit einer Behinderung geerntet und dann von einer Slow-Food-Mosterei zum naturtr\u00fcben Direktsaft verarbeitet. Dabei folgt das ganze Projekt dem Grundsatz, humanistisch sozial, umweltbewusst und dennoch betriebswirtschaftlich zu sein. Der gesamte Erl\u00f6s flie\u00dft wieder zur\u00fcck in das Projekt und finanziert so die Arbeit der Mitarbeitenden. Beim Apfelsaft wird trendbewusst auf regionale und zum Teil sehr alte Sorten gesetzt. Eine gute Idee, die Schule machen k\u00f6nnte.<\/p>\n<p>&nbsp;<\/p>\n<p>&nbsp;<\/p>\n<h3 style=\"text-align: justify;\">Myriam von M., Anti-Krebs-Aktivistin<\/h3>\n<div class=\"contentimage w50\" style=\"text-align: justify;\"><\/div>\n<p style=\"text-align: justify;\">Seit 17 Jahren k\u00e4mpft sie gegen den Krebs, ihren Lebensmut hat Myriam von M. aber nicht verloren. Die 42-j\u00e4hrige Mutter zweier S\u00f6hne erkrankte im Alter von 25 Jahren erstmals an Krebs, musste zahlreiche Operationen und Therapien \u00fcberstehen und erlitt 2015 einen R\u00fcckfall. Doch anstatt aufzugeben, hat sie es sich zur Aufgabe gemacht, anderen Menschen zu helfen, die an dieser Krankheit leiden. 2014 startete Myriam von M. ihre Krebsvorsorge und Aufkl\u00e4rungskampagne &#8222;Fuck Cancer&#8220;, gr\u00fcndete eine gemeinn\u00fctzige Organisation und erf\u00fcllt in der Fernsehreihe &#8222;Voller Leben &#8211; Meine letzte Liste&#8220; todkranken Krebspatienten ihre letzten W\u00fcnsche.<\/p>\n","protected":false},"excerpt":{"rendered":"<p>NDR fernsehen + hr fernsehen, 22:30 Uhr &#8211; 00:30 Uhr! Moderation: Barbara Sch\u00f6neberger und Hubertus Meyer-Burckhardt!<\/p>\n","protected":false},"author":2,"featured_media":121799,"comment_status":"open","ping_status":"closed","sticky":false,"template":"","format":"standard","meta":{"_FSMCFIC_featured_image_caption":"","_FSMCFIC_featured_image_nocaption":"","_FSMCFIC_featured_image_hide":""},"categories":[28,29,128],"tags":[254],"acf":[],"_links":{"self":[{"href":"https:\/\/smago.de\/ws2\/wp-json\/wp\/v2\/posts\/133743"}],"collection":[{"href":"https:\/\/smago.de\/ws2\/wp-json\/wp\/v2\/posts"}],"about":[{"href":"https:\/\/smago.de\/ws2\/wp-json\/wp\/v2\/types\/post"}],"author":[{"embeddable":true,"href":"https:\/\/smago.de\/ws2\/wp-json\/wp\/v2\/users\/2"}],"replies":[{"embeddable":true,"href":"https:\/\/smago.de\/ws2\/wp-json\/wp\/v2\/comments?post=133743"}],"version-history":[{"count":2,"href":"https:\/\/smago.de\/ws2\/wp-json\/wp\/v2\/posts\/133743\/revisions"}],"predecessor-version":[{"id":133745,"href":"https:\/\/smago.de\/ws2\/wp-json\/wp\/v2\/posts\/133743\/revisions\/133745"}],"wp:featuredmedia":[{"embeddable":true,"href":"https:\/\/smago.de\/ws2\/wp-json\/wp\/v2\/media\/121799"}],"wp:attachment":[{"href":"https:\/\/smago.de\/ws2\/wp-json\/wp\/v2\/media?parent=133743"}],"wp:term":[{"taxonomy":"category","embeddable":true,"href":"https:\/\/smago.de\/ws2\/wp-json\/wp\/v2\/categories?post=133743"},{"taxonomy":"post_tag","embeddable":true,"href":"https:\/\/smago.de\/ws2\/wp-json\/wp\/v2\/tags?post=133743"}],"curies":[{"name":"wp","href":"https:\/\/api.w.org\/{rel}","templated":true}]}}