{"id":132895,"date":"2019-07-28T23:59:52","date_gmt":"2019-07-28T21:59:52","guid":{"rendered":"https:\/\/smago.de\/?p=132895"},"modified":"2019-07-28T23:40:52","modified_gmt":"2019-07-28T21:40:52","slug":"die-schlagerpiloten-die-schlagerpiloten-begeistern-mit-lass-uns-fliegen-beim-grossen-sommer-musi-open-air","status":"publish","type":"post","link":"https:\/\/smago.de\/ws2\/schlager\/die-schlagerpiloten-die-schlagerpiloten-begeistern-mit-lass-uns-fliegen-beim-grossen-sommer-musi-open-air\/","title":{"rendered":"DIE SCHLAGERPILOTEN <br>Die Schlagerpiloten begeistern mit &#8222;Lass uns fliegen&#8220; beim gro\u00dfen &#8222;Sommer Musi Open Air&#8220;!"},"content":{"rendered":"<p>Frank Cordes, Kevin Marx und Stefan P\u00f6ssnicker waren die heimlichen Publikumslieblinge in Bad Kleinkirchheim \/ St. Oswald!<!--more--><\/p>\n<p>&nbsp;<\/p>\n<p style=\"text-align: justify;\">DIE SCHLAGERPILOTEN haben ihren ersten gro\u00dfen TV-Auftritt mit Bravour gemeistert.<\/p>\n<p style=\"text-align: justify;\">Frank Cordes, Kevin Marx und Stefan P\u00f6ssnicker \u00fcberzeugten nicht nur bei der Live-Sendung des gro\u00dfen &#8222;Wenn die Musi spielt &#8211; Sommer Open Air 2019&#8220; auf ganzer Linie, sondern bereits vom Vortag bei der traditionellen Pressekonferenz, im Rahmen derer sie gleich mehrere Titel pr\u00e4sentierten.<\/p>\n<p style=\"text-align: justify;\">Die Veranstalter waren so begeistert, dass sie Die Schlagerpiloten bereits gegen +\/- 19:35 Uhr beim gro\u00dfen Warm up auf die B\u00fchne lie\u00dfen. Auch diesen &#8222;Test&#8220; bestanden Die Schlagerpiloten mit einer 1* (Eins mit Stern). Auch f\u00fcr die unz\u00e4hligen Autogrammj\u00e4ger waren Die Schlagerpiloten DAS Objekt ihrer Begierde.<\/p>\n<p style=\"text-align: justify;\">Ganz besonders gut kam bei den Fans an, dass sich Frank Cordes, Kevin Marx und Stefan P\u00f6ssnicker bei der Generalprobe im str\u00f6menden Regen \u00fcber den Laufsteg zu den treuen &#8222;Musi&#8220; Fans gesellten. (Sie h\u00e4tten ja auch &#8211; wie nahezu alle anderen Interpreten &#8211; unter der &#8222;\u00dcberdachung&#8220; bleiben k\u00f6nnen &#8230;)<\/p>\n<p>Dass Die Schlagerpiloten noch immer nicht auf der Besetzungsliste von &#8222;Immer wieder sonntags&#8220; auftauchen, muss man indes nicht verstehen &#8230; Vielleicht sollten Die Schlagerpiloten dem Redakteur beim SWR Fernsehen, der Die Schlagerpiloten noch immer verhindern will, einen One-Way-Flug zum Mond spendieren &#8230;<\/p>\n","protected":false},"excerpt":{"rendered":"<p>Frank Cordes, Kevin Marx und Stefan P\u00f6ssnicker waren die heimlichen Publikumslieblinge in Bad Kleinkirchheim \/ St. Oswald!<\/p>\n","protected":false},"author":2,"featured_media":132628,"comment_status":"open","ping_status":"closed","sticky":false,"template":"","format":"standard","meta":{"_FSMCFIC_featured_image_caption":"","_FSMCFIC_featured_image_nocaption":"","_FSMCFIC_featured_image_hide":""},"categories":[29,39],"tags":[245],"acf":[],"_links":{"self":[{"href":"https:\/\/smago.de\/ws2\/wp-json\/wp\/v2\/posts\/132895"}],"collection":[{"href":"https:\/\/smago.de\/ws2\/wp-json\/wp\/v2\/posts"}],"about":[{"href":"https:\/\/smago.de\/ws2\/wp-json\/wp\/v2\/types\/post"}],"author":[{"embeddable":true,"href":"https:\/\/smago.de\/ws2\/wp-json\/wp\/v2\/users\/2"}],"replies":[{"embeddable":true,"href":"https:\/\/smago.de\/ws2\/wp-json\/wp\/v2\/comments?post=132895"}],"version-history":[{"count":5,"href":"https:\/\/smago.de\/ws2\/wp-json\/wp\/v2\/posts\/132895\/revisions"}],"predecessor-version":[{"id":132904,"href":"https:\/\/smago.de\/ws2\/wp-json\/wp\/v2\/posts\/132895\/revisions\/132904"}],"wp:featuredmedia":[{"embeddable":true,"href":"https:\/\/smago.de\/ws2\/wp-json\/wp\/v2\/media\/132628"}],"wp:attachment":[{"href":"https:\/\/smago.de\/ws2\/wp-json\/wp\/v2\/media?parent=132895"}],"wp:term":[{"taxonomy":"category","embeddable":true,"href":"https:\/\/smago.de\/ws2\/wp-json\/wp\/v2\/categories?post=132895"},{"taxonomy":"post_tag","embeddable":true,"href":"https:\/\/smago.de\/ws2\/wp-json\/wp\/v2\/tags?post=132895"}],"curies":[{"name":"wp","href":"https:\/\/api.w.org\/{rel}","templated":true}]}}