{"id":132184,"date":"2019-07-12T00:00:13","date_gmt":"2019-07-11T22:00:13","guid":{"rendered":"https:\/\/smago.de\/?p=132184"},"modified":"2019-07-11T07:29:01","modified_gmt":"2019-07-11T05:29:01","slug":"beatrice-egli-u-a-heute-12-07-2019-in-der-letzten-ausgabe-von-tietjen-und-bommel-zu-gast","status":"publish","type":"post","link":"https:\/\/smago.de\/ws2\/schlager\/beatrice-egli-u-a-heute-12-07-2019-in-der-letzten-ausgabe-von-tietjen-und-bommel-zu-gast\/","title":{"rendered":"BEATRICE EGLI u.a. <br>Heute (12.07.2019) in der letzten Ausgabe von &#8222;Tietjen und Bommel&#8220; zu Gast!"},"content":{"rendered":"<p>NDR fernsehen + hr fernsehen, 22:00 Uhr &#8211; 00:00 Uhr! Moderation: Bettina Tietjen und Alexander Bommes!<br \/>\n<!--more--><\/p>\n<p>&nbsp;<\/p>\n<p style=\"text-align: justify;\">Bettina Tietjen und Alexander Bommes begr\u00fc\u00dfen zur letzen Ausgabe von &#8222;Tietjen und Bommes&#8220; im Studio auf dem Messegel\u00e4nde in Hannover folgende Talkg\u00e4ste:<\/p>\n<p>&nbsp;<\/p>\n<p>&nbsp;<\/p>\n<p>&nbsp;<\/p>\n<h3 style=\"text-align: justify;\">Nelson M\u00fcller, Spitzenkoch<\/h3>\n<div class=\"contentimage w50\" style=\"text-align: justify;\"><\/div>\n<p style=\"text-align: justify;\">Liebe geht durch den Magen und Heimatliebe erst recht. F\u00fcr Nelson M\u00fcller gibt es viele Orte, die Heimatgef\u00fchle wecken. Da w\u00e4re Stuttgart, wo er aufgewachsen ist, Dithmarschen, wo er als Kind immer die Ferien verbrachte und das Ruhrgebiet, wo er sesshaft geworden ist und sein Sterne-Restaurant f\u00fchrt. In seinem neuen Kochbuch vereint er alles &#8211; von Handk\u00e4s bis Pannfisch, von K\u00e4ssp\u00e4tzle bis Krabbenbrot &#8211; bodenst\u00e4ndige K\u00fcche und ehrliche Hausmannskost. Ganz anders, als es seine afrikanische Herkunft vielleicht vermuten l\u00e4sst. Mit vier Jahren kam Nelson zu seiner Pflegefamilie nach Stuttgart, seine leiblichen Eltern stammen aus Ghana. F\u00fcr Ihn ist Deutschland Heimat. Ihr hat der leidenschaftliche &#8222;Nebenberufsmusiker&#8220; sogar ein Lied gewidmet, in dem hei\u00dft: &#8222;Ich will nie mehr weg von dir \u2026&#8220; Soulfood f\u00fcr die Ohren!<\/p>\n<p>&nbsp;<\/p>\n<p>&nbsp;<\/p>\n<p>&nbsp;<\/p>\n<h3 style=\"text-align: justify;\">Thomas Heinze, Schauspieler<\/h3>\n<div class=\"contentimage w50\" style=\"text-align: justify;\">\n<div class=\"image-container landscape\"><\/div>\n<\/div>\n<p style=\"text-align: justify;\">Thomas Heinze ist ein &#8222;cooler Dad&#8220; und zwar im echten Leben, wie auch in seiner Rolle in \u201eDie Drei !!!\u201c. Er spielt den entspannten Vater einer der drei jungen Detektivinnen ab dem 25. Juli im Kino. Sein bester Kumpel J\u00fcrgen Vogel ist auch mit dabei. Zusammen drehten sie 2015 auch die Serie &#8222;Blochin&#8220;, die Thomas Heinze als abgr\u00fcndiger einsamer Ermittler endg\u00fcltig vom Kom\u00f6dienfach befreit. Heinzes Patchwork-Familienleben ist eher so fr\u00f6hlich und bunt, wie in einem Kinderfilm. Er lebt in Berlin mit der Radiomoderatorin Jackie Brown und ihrem gemeinsamen Sohn Sam, dazu kommen zeitweise die Zwillinge aus der Beziehung mit Ex-Frau Nina Kronj\u00e4ger. Er selbst reist bis zur Trennung seiner Eltern viel herum. Als Sohn einer Deutschen und eines amerikanischen Soldaten ist er sehr gepr\u00e4gt von der amerikanischen Mentalit\u00e4t: &#8222;Ich sehe das Glas immer halb voll und selbst, wenn es halb leer ist, macht es nichts, weil die Gl\u00e4ser sowieso XXL gro\u00df sind!&#8220;<\/p>\n<p>&nbsp;<\/p>\n<p>&nbsp;<\/p>\n<p>&nbsp;<\/p>\n<h3 style=\"text-align: justify;\">Beatrice Egli, S\u00e4ngerin<\/h3>\n<div class=\"contentimage w50\" style=\"text-align: justify;\"><\/div>\n<p style=\"text-align: justify;\">Zwischen Schweizer Alm und gro\u00dfer B\u00fchne ist sie zu Hause: Beatrice Egli, ist ein Superstar unter den jungen Schlagers\u00e4ngerinnen. Vor f\u00fcnf Jahren gelingt ihr durch DSDS der gro\u00dfe Durchbruch und seitdem r\u00e4umt sie s\u00e4mtliche Preise in Gold und Platin ab. Nach der Tour 2018 beschlie\u00dft sie, eine Auszeit zu nehmen. Sie gibt ihre Wohnung auf, verkauft einen Teil ihrer Klamotten und lagert ihre M\u00f6bel ein. Es geht nach Australien. Dort reist sie zuerst mit Freunden, dann alleine im Auto monatelang quer durch den Kontinent: Sie chillt mit coolen Surfern und feiert bis zum Morgengrauen &#8211; alles, ohne dass sie erkannt wird. Sie macht &#8222;digital detox&#8220; und lernt wieder in den Tag hinein zu leben. Jetzt ist sie zur\u00fcck und hat die vielen Eindr\u00fccke in dem Song &#8222;Terra Australia&#8220; auf ihrem neuen Album verarbeitet. Eine Zeile aus dem Songtext d\u00fcrfte ihre Fans allerdings beunruhigen: &#8222;Irgendwann bleib&#8216; ich f\u00fcr immer da Australia!&#8220;<\/p>\n<p>&nbsp;<\/p>\n<p>&nbsp;<\/p>\n<p>&nbsp;<\/p>\n<h3 style=\"text-align: justify;\">Jeremy Mockridge, Schauspieler<\/h3>\n<div class=\"contentimage w50\" style=\"text-align: justify;\"><\/div>\n<p style=\"text-align: justify;\">Der Sportliche, der Lustige, der Musikalische, der Theatralische \u2026 Das ist nicht etwa die Besetzungsliste der n\u00e4chsten Boygroup, sondern eine kleine Charakterstudie \u00fcber die sechs Mockridge-Br\u00fcder! Das Kabarettisten-Ehepaar Margie Kinsky und Bill Mockridge hat mit ihrem Nachwuchs in Deutschland eine Gro\u00dffamilie gegr\u00fcndet, in der alle Mitglieder im kreativen Show-, Musik-, Film- und Unterhaltungsgesch\u00e4ft arbeiten. Einer von ihnen ist Jeremy, der Schauspielstar, der schon mit elf Jahren die m\u00e4nnliche Hauptrolle im Kinohit &#8222;Die Wilden H\u00fchner&#8220; gespielt hat. &#8222;Bei uns Zuhause kam man auf die Welt und hat geschaut, welche Rolle noch \u00fcbrig ist. Das ist der evolution\u00e4re Prozess bei den Mockridges.&#8220; In seiner Nische ist der mittlerweile 25-J\u00e4hrige sehr erfolgreich. Am 25. Juli geht sein n\u00e4chster Coup, der auf der Berlinale gefeierte M\u00e4rchenfilm &#8222;Cleo&#8220;, in den Kinos an den Start. Den wird seine Familie nat\u00fcrlich in der niemals still stehenden WhatsApp-Gruppe mit vielen Emojis kommentieren.<\/p>\n<p>&nbsp;<\/p>\n<p>&nbsp;<\/p>\n<p>&nbsp;<\/p>\n<h3 style=\"text-align: justify;\">Vera Cordes, Visite-Moderatorin<\/h3>\n<div class=\"contentimage w50\" style=\"text-align: justify;\"><\/div>\n<p style=\"text-align: justify;\">Aufkl\u00e4ren, erkl\u00e4ren, hinterfragen &#8211; Vera Cordes macht das nun seit zwanzig Jahren f\u00fcr das Gesundheitsmagazin &#8222;Visite&#8220; im NDR, dabei wollte sie eigentlich mal Sportreporterin werden. Als Kind war sie Leistungsturnerin, sp\u00e4ter sogar Trainerin. So macht sie bei &#8222;Visite\u201c&#8220; auch gerne mal gelenkige \u00dcbungen zu Demonstrationszwecken im Studio. Die exzellente Journalistin wird im Alltag oft um Rat gefragt. In zwanzig Jahren hat sich nat\u00fcrlich -auch ohne Medizinstudium- kompetentes Wissen angesammelt. Dabei hat sich die Medizin stark ver\u00e4ndert. Wo fr\u00fcher z.B. zu Bettruhe geraten wurde, werden Patienten heute oft dazu angehalten, schnell wieder aufzustehen und sich zu bewegen. Eine Herzensangelegenheit f\u00fcr die Schleswig-Holsteinerin ihr Engagement bei der &#8222;Deutsche Herzstiftung&#8220;, in deren Vorstand sie seit einem Jahr ist. Gegen Verspannungen und Kopfschmerzen hat sie \u00fcbrigens ihr ganz eigenes Mittel gefunden, das sie vor jeder Sendung anwendet &#8211; einfach mal einen Handstand machen und die Welt auf den Kopf stellen!<\/p>\n<p>&nbsp;<\/p>\n<p>&nbsp;<\/p>\n<p>&nbsp;<\/p>\n<h3 style=\"text-align: justify;\">Hans-Hermann Thielke, Komiker<\/h3>\n<div class=\"contentimage w50\" style=\"text-align: justify;\"><\/div>\n<p style=\"text-align: justify;\">&#8222;Mein Name ist Hans-Hermann Thielke, und ich mach hier heute Abend auch mit!&#8220; Endlich hat er Zeit, denn Deutschlands beliebtester Postbeamter ist in den wohlverdienten Vor-Ruhestand gegangen. In seiner Heimat Itzehoe lebt er in einer ger\u00e4umigen Zweizimmerwohnung mitten am Stadtrand und k\u00f6nnte das Leben eigentlich genie\u00dfen. Doch er beobachtet, wie die Welt langsam aus den Fugen ger\u00e4t. Und so hat der Mann mit dem Seitenscheitel, dem gr\u00fcnen Pullunder und der hippen Gleitsichtbrille ein Selbstoptimierungsprogramm entworfen, um in der modernen Welt klar zu kommen. Nat\u00fcrlich geht er mit gutem Beispiel voran: Er bezieht Strom aus Biogasanlagen, auch wenn es manchmal aus der Steckdose schlecht riecht, fragt sich, ob er zuhause ein Zwischenlager f\u00fcr Plastikt\u00fcten einrichten muss und macht sich Sorgen \u00fcber Schafe und W\u00f6lfe, die sich -das hat die Erfahrung gezeigt-\u00a0nicht so gut verstehen. Mit all dem und viel mehr besch\u00e4ftigt sich der &#8222;personifizierte Durchschnittsmensch&#8220; Hans-Hermann Thielke in seinem neuen Programm &#8222;Immer&#8220;.<\/p>\n<p>&nbsp;<\/p>\n<p style=\"text-align: justify;\"><span style=\"color: #2f2f33; font-size: 24px; font-weight: 600;\">\u00a0<\/span><\/p>\n<p style=\"text-align: justify;\"><span style=\"color: #2f2f33; font-size: 24px; font-weight: 600;\">\u00a0<\/span><\/p>\n<p style=\"text-align: justify;\"><span style=\"color: #2f2f33; font-size: 24px; font-weight: 600;\">Klaus-Peter Wolf, Ostfrieslandkrimi-Autor<\/span><\/p>\n<div class=\"contentimage w50\" style=\"text-align: justify;\"><\/div>\n<p style=\"text-align: justify;\">Bei 13 Millionen verkauften B\u00fcchern und \u00dcbersetzungen in 24 Sprachen ist das Ph\u00e4nomen &#8222;Ostfriesenkrimi&#8220; nicht mehr rational zu erkl\u00e4ren. Ihr Sch\u00f6pfer ist geb\u00fcrtiger Gelsenkirchener und Wahl-Ostfriese mit Leib und Seele. Ihm gelingt es, seinen Krimifans den Norden so schmackhaft zu machen, dass die &#8222;Tatorte&#8220; in seinen Romanen zu wahren Pilgerst\u00e4tten auf Langeoog oder Spiekeroog, in Norden-Norddeich oder in Greetsiel und Aurich geworden sind. Der Bestsellerautor genie\u00dft mit seiner Frau, der S\u00e4ngerin und Kinderbuchautorin Bettina G\u00f6schel, die Weite des Landes, das Leben hinterm Deich, das Watt und das Meer direkt vor der Haust\u00fcr so sehr, dass er zuletzt sogar eine Art Reisebuch \u00fcber &#8222;sein&#8220; Ostfriesland geschrieben hat.<\/p>\n","protected":false},"excerpt":{"rendered":"<p>NDR fernsehen + hr fernsehen, 22:00 Uhr &#8211; 00:00 Uhr! Moderation: Bettina Tietjen und Alexander Bommes!<\/p>\n","protected":false},"author":2,"featured_media":56258,"comment_status":"open","ping_status":"closed","sticky":false,"template":"","format":"standard","meta":{"_FSMCFIC_featured_image_caption":"","_FSMCFIC_featured_image_nocaption":"","_FSMCFIC_featured_image_hide":""},"categories":[29,128],"tags":[673],"acf":[],"_links":{"self":[{"href":"https:\/\/smago.de\/ws2\/wp-json\/wp\/v2\/posts\/132184"}],"collection":[{"href":"https:\/\/smago.de\/ws2\/wp-json\/wp\/v2\/posts"}],"about":[{"href":"https:\/\/smago.de\/ws2\/wp-json\/wp\/v2\/types\/post"}],"author":[{"embeddable":true,"href":"https:\/\/smago.de\/ws2\/wp-json\/wp\/v2\/users\/2"}],"replies":[{"embeddable":true,"href":"https:\/\/smago.de\/ws2\/wp-json\/wp\/v2\/comments?post=132184"}],"version-history":[{"count":4,"href":"https:\/\/smago.de\/ws2\/wp-json\/wp\/v2\/posts\/132184\/revisions"}],"predecessor-version":[{"id":132188,"href":"https:\/\/smago.de\/ws2\/wp-json\/wp\/v2\/posts\/132184\/revisions\/132188"}],"wp:featuredmedia":[{"embeddable":true,"href":"https:\/\/smago.de\/ws2\/wp-json\/wp\/v2\/media\/56258"}],"wp:attachment":[{"href":"https:\/\/smago.de\/ws2\/wp-json\/wp\/v2\/media?parent=132184"}],"wp:term":[{"taxonomy":"category","embeddable":true,"href":"https:\/\/smago.de\/ws2\/wp-json\/wp\/v2\/categories?post=132184"},{"taxonomy":"post_tag","embeddable":true,"href":"https:\/\/smago.de\/ws2\/wp-json\/wp\/v2\/tags?post=132184"}],"curies":[{"name":"wp","href":"https:\/\/api.w.org\/{rel}","templated":true}]}}