{"id":132175,"date":"2019-07-12T00:00:07","date_gmt":"2019-07-11T22:00:07","guid":{"rendered":"https:\/\/smago.de\/?p=132175"},"modified":"2019-07-11T07:16:21","modified_gmt":"2019-07-11T05:16:21","slug":"willi-herren-und-jasmin-herren-lets-fetz-die-herrens-ziehen-ins-sommerhaus-der-stars-rtl-ein","status":"publish","type":"post","link":"https:\/\/smago.de\/ws2\/tv-tipps\/willi-herren-und-jasmin-herren-lets-fetz-die-herrens-ziehen-ins-sommerhaus-der-stars-rtl-ein\/","title":{"rendered":"WILLI HERREN und Jasmin Herren <br>Let&#8217;s fetz: Die &#8218;Herrens&#8216; ziehen ins &#8222;Sommerhaus der Stars&#8220; (RTL) ein!"},"content":{"rendered":"<p><em>smago!<\/em> meint: Das b\u00fcrgt f\u00fcr Z\u00fcndstoff!<br \/>\n<!--more--><\/p>\n<p>&nbsp;<\/p>\n<p style=\"text-align: justify;\">Als Oliver \u201eOlli\u201c Klatt spielte WILLI HERREN zwischen 1992 und 2007 in der \u201eLindenstra\u00dfe\u201c mit. 2004 nahm er an der zweiten Staffel \u201eIch bin ein Star! \u2013 Holt mich hier raus\u201c teil, belegte den dritten Platz. Neben der Schauspielerei baute er sich ab 2004 ein weiteres Standbein auf \u2013 als Partys\u00e4nger auf Mallorca. Hier traf er auch auf seine heutige Ehefrau Jasmin, die damals als Nackts\u00e4ngerin \u201eJazmin\u201c am Ballermann auftrat. Mit ihren Auftritten als Nackts\u00e4ngerin hatte sich die Mutter einer Tochter ihre Ausbildung zur Kosmetikerin und Friseurin finanziert \u2013 schaffte es dann aber aus einer K\u00f6lner Table-Dance-Bar bis auf die Partymeile Mallorcas. Willi, der Vater zweier Kinder (Stefano, 24, und Alessia, 17) ist, macht in seiner Karriere immer wieder mit Skandalen Schlagzeilen: Er stand schon wegen Trunkenheit am Steuer, Fahren ohne Fahrerlaubnis und N\u00f6tigung vor Gericht, beichtete zuletzt seine heftige Drogensucht. Zeitweise warf er f\u00fcnf Valium am Tag ein. Das f\u00fchrte auch in der Beziehung immer wieder zu Problemen. 2008 trennte sich Jasmin wegen seiner Drogensucht und Untreue nach mehreren Jahren On-Off-Beziehung von Willi. Beide waren zwischenzeitlich mit anderen Partnern verheiratet, trafen sich 2016 zuf\u00e4llig wieder. Seit August 2016 sind sie wieder ein Liebespaar und Ende Juli 2018 festigten sie das in einer heimlichen Hochzeit.<\/p>\n","protected":false},"excerpt":{"rendered":"<p>smago! meint: Das b\u00fcrgt f\u00fcr Z\u00fcndstoff!<\/p>\n","protected":false},"author":2,"featured_media":132176,"comment_status":"open","ping_status":"closed","sticky":false,"template":"","format":"standard","meta":{"_FSMCFIC_featured_image_caption":"","_FSMCFIC_featured_image_nocaption":"","_FSMCFIC_featured_image_hide":""},"categories":[128],"tags":[102],"acf":[],"_links":{"self":[{"href":"https:\/\/smago.de\/ws2\/wp-json\/wp\/v2\/posts\/132175"}],"collection":[{"href":"https:\/\/smago.de\/ws2\/wp-json\/wp\/v2\/posts"}],"about":[{"href":"https:\/\/smago.de\/ws2\/wp-json\/wp\/v2\/types\/post"}],"author":[{"embeddable":true,"href":"https:\/\/smago.de\/ws2\/wp-json\/wp\/v2\/users\/2"}],"replies":[{"embeddable":true,"href":"https:\/\/smago.de\/ws2\/wp-json\/wp\/v2\/comments?post=132175"}],"version-history":[{"count":5,"href":"https:\/\/smago.de\/ws2\/wp-json\/wp\/v2\/posts\/132175\/revisions"}],"predecessor-version":[{"id":132181,"href":"https:\/\/smago.de\/ws2\/wp-json\/wp\/v2\/posts\/132175\/revisions\/132181"}],"wp:featuredmedia":[{"embeddable":true,"href":"https:\/\/smago.de\/ws2\/wp-json\/wp\/v2\/media\/132176"}],"wp:attachment":[{"href":"https:\/\/smago.de\/ws2\/wp-json\/wp\/v2\/media?parent=132175"}],"wp:term":[{"taxonomy":"category","embeddable":true,"href":"https:\/\/smago.de\/ws2\/wp-json\/wp\/v2\/categories?post=132175"},{"taxonomy":"post_tag","embeddable":true,"href":"https:\/\/smago.de\/ws2\/wp-json\/wp\/v2\/tags?post=132175"}],"curies":[{"name":"wp","href":"https:\/\/api.w.org\/{rel}","templated":true}]}}