{"id":132107,"date":"2019-07-10T16:02:00","date_gmt":"2019-07-10T14:02:00","guid":{"rendered":"https:\/\/smago.de\/?p=132107"},"modified":"2019-07-10T16:17:17","modified_gmt":"2019-07-10T14:17:17","slug":"milva-feat-sascha-merlin-rubin-records-veroeffentlicht-wie-die-moewe-jonathan-neu","status":"publish","type":"post","link":"https:\/\/smago.de\/ws2\/schlager\/milva-feat-sascha-merlin-rubin-records-veroeffentlicht-wie-die-moewe-jonathan-neu\/","title":{"rendered":"MILVA feat. SASCHA MERLIN <br>Rubin Records ver\u00f6ffentlicht &#8222;Wie die M\u00f6we Jonathan&#8220; neu!"},"content":{"rendered":"<p>Der Remix zu Milva&#8217;s 80. Geburtstag am 17. Juli 2019!<br \/>\n<!--more--><\/p>\n<p>&nbsp;<\/p>\n<p style=\"text-align: justify;\">Am 17. Juli diesen Jahres wird die gro\u00dfe italienische S\u00e4ngerin MILVA, die auch in Deutschland \u00fcber Jahrzehnte f\u00fcr Furore sorgte, 80 Jahre alt.<\/p>\n<p style=\"text-align: justify;\">Vor sieben Jahren trafen sich Milva und Sascha Merlin in Mailand im Studio Metropolis, um an einem Lied zu arbeiten, das der Singer\/Songwriter extra f\u00fcr die Diva geschrieben hatte: \u201eWie die M\u00f6we Jonathan\u201c &#8211; nach dem ber\u00fchmten Buch von Richard Bach. Mit einem weiteren Titel von Merlin \u201eDer Mensch, der Dich liebt\u201c ver\u00f6ffentlichte Milva das Ergebnis 2012 bei Rubin Records und pr\u00e4sentierte beide Lieder anschlie\u00dfend im Fernsehen dann noch einmal einem Millionen-Publikum. \u201eIhre beste deutschsprachige Einspielung der letzten f\u00fcnfzehn Jahre\u201c, urteilte damals WDR4. Dies war leider auch die bisher letzte Neu-Einspielung der charismatischen K\u00fcnstlerin, die sich kurz darauf aus gesundheitlichen Gr\u00fcnden ganz zur\u00fcckzog.<\/p>\n<p style=\"text-align: justify;\">Um Milva anl\u00e4\u00dflich ihres besonderen Geburtstages zu ehren, ver\u00f6ffentlicht Sascha Merlin jetzt einen Remix von Milvas \u201eWie die M\u00f6we Jonathan\u201c, f\u00fcr den er eine zweite Stimme neu eingesungen hat. Die neue Fassung soll im Sp\u00e4tsommer dann auch Teil seines Debut-Albums \u201eLeben, um davon zu singen\u201c werden, das ebenfalls bei Rubin erscheint.<\/p>\n<p style=\"text-align: justify;\">Milva wurde im deutschsprachigen Raum Ende der 70er Jahre bekannt mit Liedern von Theodorakis oder Vangelis und deutschen Texten von Thomas Woitkewitsch. Die Liedzeile \u201eganz Frau und trotzdem frei\u201c macht sie zur Symbolgestalt der deutschen Frauenbewegung. Auszeichnungen in Gold und Platin folgten. Sp\u00e4ter schrieben u.a. Heinz Rudolf Kunze, Peter Maffay, Udo Lindeberg oder Udo J\u00fcrgens f\u00fcr sie. Milva ver\u00f6ffentlichte 19 Alben in deutscher Sprache. Auch wenn gleichzeitig in ihrer Heimat Italien, aber auch in Frankreich, Japan oder S\u00fcdamerika Platten mit ihr in der jeweiligen Landesprache erschienen, wurde ihre Arbeit im deutschsprachigen Raum ihr gr\u00f6\u00dfter kommerzieller Erfolg.<\/p>\n<p style=\"text-align: justify;\">Milva sang auch moderne Oper, Tangos von Astor Piazzolla und Brecht-Weill, spielte Theater und in Filmen. 2012 zog sie sich aus gesundheitlichen Gr\u00fcnden zur\u00fcck und lebt seither in Mailand. Aus ihrer Ehe mit Maurizio Corgnati hat Milva eine Tochter, Martina Corgnati, die sich als Kunstkritikerin einen Namen gemacht hat.<\/p>\n<p style=\"text-align: justify;\">2018 wurde Milva vom San Remo Festival, an dem sie 15 Mal teilnahm, f\u00fcr ihr Lebenswerk ausgezeichnet. \u201eEine solche Auszeichnung h\u00e4tte Milva auch f\u00fcr ihre Arbeit im deutschsprachigen Raum verdient\u201c, meint Sascha Merlin.<\/p>\n","protected":false},"excerpt":{"rendered":"<p>Der Remix zu Milva&#8217;s 80. Geburtstag am 17. Juli 2019!<\/p>\n","protected":false},"author":2,"featured_media":132108,"comment_status":"open","ping_status":"closed","sticky":false,"template":"","format":"standard","meta":{"_FSMCFIC_featured_image_caption":"","_FSMCFIC_featured_image_nocaption":"","_FSMCFIC_featured_image_hide":""},"categories":[29],"tags":[1069],"acf":[],"_links":{"self":[{"href":"https:\/\/smago.de\/ws2\/wp-json\/wp\/v2\/posts\/132107"}],"collection":[{"href":"https:\/\/smago.de\/ws2\/wp-json\/wp\/v2\/posts"}],"about":[{"href":"https:\/\/smago.de\/ws2\/wp-json\/wp\/v2\/types\/post"}],"author":[{"embeddable":true,"href":"https:\/\/smago.de\/ws2\/wp-json\/wp\/v2\/users\/2"}],"replies":[{"embeddable":true,"href":"https:\/\/smago.de\/ws2\/wp-json\/wp\/v2\/comments?post=132107"}],"version-history":[{"count":3,"href":"https:\/\/smago.de\/ws2\/wp-json\/wp\/v2\/posts\/132107\/revisions"}],"predecessor-version":[{"id":132111,"href":"https:\/\/smago.de\/ws2\/wp-json\/wp\/v2\/posts\/132107\/revisions\/132111"}],"wp:featuredmedia":[{"embeddable":true,"href":"https:\/\/smago.de\/ws2\/wp-json\/wp\/v2\/media\/132108"}],"wp:attachment":[{"href":"https:\/\/smago.de\/ws2\/wp-json\/wp\/v2\/media?parent=132107"}],"wp:term":[{"taxonomy":"category","embeddable":true,"href":"https:\/\/smago.de\/ws2\/wp-json\/wp\/v2\/categories?post=132107"},{"taxonomy":"post_tag","embeddable":true,"href":"https:\/\/smago.de\/ws2\/wp-json\/wp\/v2\/tags?post=132107"}],"curies":[{"name":"wp","href":"https:\/\/api.w.org\/{rel}","templated":true}]}}