{"id":131826,"date":"2019-07-04T00:00:14","date_gmt":"2019-07-03T22:00:14","guid":{"rendered":"https:\/\/smago.de\/?p=131826"},"modified":"2019-07-03T23:25:19","modified_gmt":"2019-07-03T21:25:19","slug":"neon-gelingt-ihnen-mit-willst-du-mit-mir-gehen-der-sprung-in-die-popschlager-oberliga","status":"publish","type":"post","link":"https:\/\/smago.de\/ws2\/pop-schlager\/neon-gelingt-ihnen-mit-willst-du-mit-mir-gehen-der-sprung-in-die-popschlager-oberliga\/","title":{"rendered":"NEON <br>Gelingt ihnen mit &#8222;Willst du mit mir gehen?&#8220; der Sprung in die Popschlager-Oberliga?"},"content":{"rendered":"<p>SP\u00c4TESTENS JETZT ist ihr Aufstieg nicht mehr aufzuhalten!<br \/>\n<!--more--><\/p>\n<p>&nbsp;<\/p>\n<p>Durch viel Flei\u00df, Engagement und Leistung, haben sich Tom und Andi, besser bekannt als <strong>NEON<\/strong>, in den letzten Jahren die Aufmerksamkeit der Szene verdient. Diverse, hochkar\u00e4tige Achtungserfolge (Ol\u00e9 Party-Entertainer, <a href=\"http:\/\/sonnenklar.tv\/\">Sonnenklar.tv<\/a>-K\u00fcnstler des Jahres 2017 und 2018, <a href=\"http:\/\/schlager.de\/\">Schlager.de<\/a>-Band des Jahres 2018) best\u00e4tigen, dass sich die harte Arbeit immer weiter auszahlt und dass dies genau der richtige Weg ist.<\/p>\n<p>Nun pr\u00e4sentiert <strong>NEON <\/strong>ihren neuen Titel <strong>&#8222;Willst du mit mir gehen?&#8220;<\/strong>, der von Fans wie DJs gleicherma\u00dfen mit gro\u00dfer Spannung erwartet wird. Szenekenner und Fachleute sind sich einig und prognostizieren, dass die beiden Jungs, die schon jetzt erfolgreich auf den gr\u00f6\u00dften B\u00fchnen der Schlagerwelt performen, mit diesem Song den ebenso lang ersehnten wie absolut verdienten, deutschlandweiten Durchbruch schaffen. Text und Musik: Tim Peters und Axel Breitung, Produktion: Tim Peters und Sergej Fuhr.<br \/>\nDie Single erscheint am 05.07.2019<\/p>\n<p>&nbsp;<\/p>\n<p>&nbsp;<\/p>\n<ol>\n<li style=\"text-align: center;\"><strong> &#8222;Willst du mit mir gehen?&#8220; &#8211; 3:17<\/strong><\/li>\n<\/ol>\n<p style=\"text-align: center;\">(Written by Tim Peters, Alex Breitung: Published By: Edition M\u00e4xchen \/ Bishop Verlag)<\/p>\n<p style=\"text-align: center;\"><strong>Produziert by Tim Peters<br \/>\n<\/strong><\/p>\n<p style=\"text-align: center;\">Keyboards: Sergej Fuhr<br \/>\nVocals: Andi Robitzky<br \/>\nVocals: Tom Reese<\/p>\n<p style=\"text-align: center;\">An Electrola recording; (P) 2019 Neon GbR, under exclusive license to Universal Music GmbH<\/p>\n<p style=\"text-align: center;\">(C) 2019 Universal Music GmbH<\/p>\n","protected":false},"excerpt":{"rendered":"<p>SP\u00c4TESTENS JETZT ist ihr Aufstieg nicht mehr aufzuhalten!<\/p>\n","protected":false},"author":2,"featured_media":131827,"comment_status":"open","ping_status":"closed","sticky":false,"template":"","format":"standard","meta":{"_FSMCFIC_featured_image_caption":"","_FSMCFIC_featured_image_nocaption":"","_FSMCFIC_featured_image_hide":""},"categories":[28],"tags":[569],"acf":[],"_links":{"self":[{"href":"https:\/\/smago.de\/ws2\/wp-json\/wp\/v2\/posts\/131826"}],"collection":[{"href":"https:\/\/smago.de\/ws2\/wp-json\/wp\/v2\/posts"}],"about":[{"href":"https:\/\/smago.de\/ws2\/wp-json\/wp\/v2\/types\/post"}],"author":[{"embeddable":true,"href":"https:\/\/smago.de\/ws2\/wp-json\/wp\/v2\/users\/2"}],"replies":[{"embeddable":true,"href":"https:\/\/smago.de\/ws2\/wp-json\/wp\/v2\/comments?post=131826"}],"version-history":[{"count":1,"href":"https:\/\/smago.de\/ws2\/wp-json\/wp\/v2\/posts\/131826\/revisions"}],"predecessor-version":[{"id":131828,"href":"https:\/\/smago.de\/ws2\/wp-json\/wp\/v2\/posts\/131826\/revisions\/131828"}],"wp:featuredmedia":[{"embeddable":true,"href":"https:\/\/smago.de\/ws2\/wp-json\/wp\/v2\/media\/131827"}],"wp:attachment":[{"href":"https:\/\/smago.de\/ws2\/wp-json\/wp\/v2\/media?parent=131826"}],"wp:term":[{"taxonomy":"category","embeddable":true,"href":"https:\/\/smago.de\/ws2\/wp-json\/wp\/v2\/categories?post=131826"},{"taxonomy":"post_tag","embeddable":true,"href":"https:\/\/smago.de\/ws2\/wp-json\/wp\/v2\/tags?post=131826"}],"curies":[{"name":"wp","href":"https:\/\/api.w.org\/{rel}","templated":true}]}}