{"id":131778,"date":"2019-07-03T12:22:32","date_gmt":"2019-07-03T10:22:32","guid":{"rendered":"https:\/\/smago.de\/?p=131778"},"modified":"2019-07-03T23:43:56","modified_gmt":"2019-07-03T21:43:56","slug":"smago-informiert-4-orf-srf-und-zdf-bauen-zusammenarbeit-aus","status":"publish","type":"post","link":"https:\/\/smago.de\/ws2\/smago-informiert\/smago-informiert-4-orf-srf-und-zdf-bauen-zusammenarbeit-aus\/","title":{"rendered":"smago! INFORMIERT <br>ORF, SRF und ZDF bauen Zusammenarbeit aus!"},"content":{"rendered":"<p>Die Planungen gestalten sich wie folgt &#8230;:<br \/>\n<!--more--><\/p>\n<p>&nbsp;<\/p>\n<p style=\"text-align: justify;\">Die \u00f6ffentlich-rechtlichen Fernsehanstalten aus \u00d6sterreich, der Deutschschweiz und Deutschland \u2013 ORF, SRF und ZDF \u2013 haben bei ihrer j\u00e4hrlichen Koproduktionstagung gemeinsame Programmvorhaben f\u00fcr 2020 vereinbart. Die Programmverantwortlichen der drei Sender diskutierten in D\u00fcsseldorf zum 52. Mal \u00fcber die l\u00e4nder\u00fcbergreifende Zusammenarbeit. F\u00fcr 2018 konnte das Koproduktionsvolumen mit rund 150 Millionen Euro um f\u00fcnf Millionen im Vergleich zum Vorjahr erh\u00f6ht werden.<\/p>\n<p style=\"text-align: justify;\">Im vergangenen Jahr war es dank der erfolgreichen Zusammenarbeit der drei Sender m\u00f6glich, langj\u00e4hrige Produktionen wie &#8222;SOKO Wien\/Donau&#8220;, &#8222;Die Chefin&#8220; sowie &#8222;1, 2 oder 3&#8220; zu realisieren. Eine Reihe an Dokumentations-, Kultur- und Kinderprogrammen wurden ebenfalls umgesetzt. F\u00fcr 2020 sind weitere gemeinsame Gro\u00dfprojekte wie das Familienepos &#8222;Porsche und Pi\u00ebch&#8220; (Arbeitstitel) und der Thriller &#8222;Das Tal der M\u00f6rder&#8220; geplant.<\/p>\n<p style=\"text-align: justify;\">&#8222;L\u00e4nder\u00fcbergreifende B\u00fcndnisse von gro\u00dfen Medienh\u00e4usern sind in Zeiten von Sparbem\u00fchungen wichtiger denn je. Die Zusammenarbeit zwischen ZDF, ORF und SRF lebt diesen Partnerschaftsgedanken seit mehr als 50 Jahren. Der gemeinsame Sprachraum eint uns und erm\u00f6glicht zugleich auf einmalige Weise die Reflexion \u00fcber unsere kulturelle Identit\u00e4t. Deshalb werden ZDF, ORF und SRF ihre Zusammenarbeit ausbauen&#8220;, unterstreicht ZDF-Programmdirektor Dr. Norbert Himmler.<\/p>\n<p style=\"text-align: justify;\">ORF-Programmdirektorin Kathrin Zechner betont: &#8222;Das Miteinander in der Ideen-Findung, Entwicklung, vor allem aber der Produktion von gemeinsamen Leuchtt\u00fcrmen ist in Zeiten der Notwendigkeit von herausragenden Angeboten f\u00fcr unser Publikum nicht nur unumg\u00e4nglich, sondern Voraussetzung f\u00fcr Erfolg. Den M\u00f6glichkeiten, die unsere globalen Begleiter im Markt haben \u2013 unbeschr\u00e4nkte finanzielle Mittel und globale Nischen-Produkte \u2013 begegnen wir programmlich gemeinsam mit kreativen, starken, auf Basis der kulturellen Vielfalt unserer L\u00e4nder herausragenden Angeboten. Mit outstanding Qualit\u00e4tsproduktionen zeigen wir durch unsere jahrzehntelang gepflogene und tragf\u00e4hige Partnerschaft: das beste Programm zu schaffen ist nicht nur Auftrag, sondern Teil unserer gemeinsamen DNA!&#8220;<\/p>\n<p style=\"text-align: justify;\">SRF-Programmdirektorin Natalie Wappler: &#8222;Koproduktionen mit unseren Kolleginnen und Kollegen aus Deutschland und \u00d6sterreich sind seit \u00fcber 50 Jahren nicht mehr aus unserem Angebot wegzudenken. Dank der hochprofessionellen Zusammenarbeit innerhalb der drei L\u00e4nder profitiert unser Publikum von einer Vielzahl an fiktionalen und dokumentarischen Formaten sowie Shows, die ohne diese langj\u00e4hrigen, gemeinsamen Anstrengungen zwischen ZDF, ORF und SRF bei uns in der Form nicht m\u00f6glich w\u00e4ren. Alleinstellungsmerkmale, die uns von unserer immer globaler agierenden Konkurrenz abheben, sind in Zeiten der fortschreitenden Digitalisierung und dem damit verbundenen, v\u00f6llig ver\u00e4nderten Nutzerverhalten unabdingbar. Koproduktionen sind ein solches Alleinstellungsmerkmal.&#8220;<\/p>\n<p style=\"text-align: justify;\">Die Koproduktionstagung von ORF, SRF und ZDF findet j\u00e4hrlich seit 1967 statt. Ziel der Zusammenarbeit \u00fcber Grenzen und Genres hinweg sind die gemeinsame Herstellung von Produktionen mit starker Relevanz f\u00fcr den deutschsprachigen Raum.<\/p>\n","protected":false},"excerpt":{"rendered":"<p>Die Planungen gestalten sich wie folgt &#8230;:<\/p>\n","protected":false},"author":2,"featured_media":123698,"comment_status":"open","ping_status":"closed","sticky":false,"template":"","format":"standard","meta":{"_FSMCFIC_featured_image_caption":"","_FSMCFIC_featured_image_nocaption":"","_FSMCFIC_featured_image_hide":""},"categories":[33],"tags":[60],"acf":[],"_links":{"self":[{"href":"https:\/\/smago.de\/ws2\/wp-json\/wp\/v2\/posts\/131778"}],"collection":[{"href":"https:\/\/smago.de\/ws2\/wp-json\/wp\/v2\/posts"}],"about":[{"href":"https:\/\/smago.de\/ws2\/wp-json\/wp\/v2\/types\/post"}],"author":[{"embeddable":true,"href":"https:\/\/smago.de\/ws2\/wp-json\/wp\/v2\/users\/2"}],"replies":[{"embeddable":true,"href":"https:\/\/smago.de\/ws2\/wp-json\/wp\/v2\/comments?post=131778"}],"version-history":[{"count":2,"href":"https:\/\/smago.de\/ws2\/wp-json\/wp\/v2\/posts\/131778\/revisions"}],"predecessor-version":[{"id":131842,"href":"https:\/\/smago.de\/ws2\/wp-json\/wp\/v2\/posts\/131778\/revisions\/131842"}],"wp:featuredmedia":[{"embeddable":true,"href":"https:\/\/smago.de\/ws2\/wp-json\/wp\/v2\/media\/123698"}],"wp:attachment":[{"href":"https:\/\/smago.de\/ws2\/wp-json\/wp\/v2\/media?parent=131778"}],"wp:term":[{"taxonomy":"category","embeddable":true,"href":"https:\/\/smago.de\/ws2\/wp-json\/wp\/v2\/categories?post=131778"},{"taxonomy":"post_tag","embeddable":true,"href":"https:\/\/smago.de\/ws2\/wp-json\/wp\/v2\/tags?post=131778"}],"curies":[{"name":"wp","href":"https:\/\/api.w.org\/{rel}","templated":true}]}}