{"id":131453,"date":"2019-06-26T23:58:51","date_gmt":"2019-06-26T21:58:51","guid":{"rendered":"https:\/\/smago.de\/?p=131453"},"modified":"2019-06-27T00:26:42","modified_gmt":"2019-06-26T22:26:42","slug":"smago-informiert-comeback-im-mdr","status":"publish","type":"post","link":"https:\/\/smago.de\/ws2\/smago-informiert\/smago-informiert-comeback-im-mdr\/","title":{"rendered":"J\u00d6RG KACHELMANN <br>Comeback im MDR:"},"content":{"rendered":"<p>J\u00f6rg Kachelmann kehrt noch ein Mal an die Wetterkarte zur\u00fcck!<br \/>\n<!--more--><\/p>\n<p>&nbsp;<\/p>\n<p class=\"leadText\" style=\"text-align: justify;\">J\u00f6rg Kachelmann kehrt am 3. Juli f\u00fcr einen Tag als Wettermoderator im MDR zur\u00fcck. Zum Start in die mitteldeutschen Sommerferien gibt es im MDR einen einmaligen \u201eWettertag\u201c \u2013 unter anderem mit dem besonderen Urlaubs-Reisewetter bei \u201eMDR um 4\u201c.<\/p>\n<p style=\"text-align: justify;\">Kachelmann enttarnt nicht nur das M\u00e4rchen von der Mittagshitze, sondern \u201esein\u201c Radar wei\u00df auch wo Regen, Gewitter, Hagel und Wirbelst\u00fcrme drohen. Jetzt ist der \u201eWetterguru\u201c J\u00f6rg Kachelmann f\u00fcr einen Tag zur\u00fcck als Wettermoderator beim MDR. F\u00fcr den \u201eRiverboat\u201c-Moderator geht mit dem \u201eWettertag\u201c im MDR \u201eein langersehnter Wunsch in Erf\u00fcllung, ganz selbstbestimmt ein letztes Mal die MDR-Zuschauerinnen und -Zuschauer \u00fcber die aktuellen Wetteraussichten auch in den sch\u00f6nsten Reisel\u00e4ndern zu informieren.\u201c<\/p>\n<p style=\"text-align: justify;\">&#8222;Wetter ist regelm\u00e4\u00dfig Top-Thema in allen MDR-Angeboten\u00a0<strong>\u2013<\/strong> gerade jetzt im Sommer und vor den Ferien. Deshalb freuen wir uns sehr, dass J\u00f6rg Kachelmann als einer der bekanntesten und beliebtesten Wetterexperten Deutschlands f\u00fcr den MDR-\u201aWettertag\u2018 noch einmal bei uns als Wettermoderator aktiv wird&#8220;, so Wolf-Dieter Jacobi, Programmdirektor des MDR.<\/p>\n<p style=\"text-align: justify;\">Der MDR-\u201eWettertag\u201c mit J\u00f6rg Kachelmann startet am 3. Juli bereits ab 7.00 Uhr mit aktuellen Live-\u201eWettertalks\u201c bei MDR AKTUELL im Radio. Bei MDR AKTUELL im Web geht es erg\u00e4nzend u.a. auch um Klimafragen f\u00fcr Mitteldeutschland. Auf der Antenne zu h\u00f6ren ist J\u00f6rg Kachelmann auch bei MDR JUMP und MDR KULTUR. Am Nachmittag wird der Wetterexperte ab 16.00 Uhr zu Gast bei \u201eMDR um 4\u201c im MDR-Fernsehen sein. Neben \u201eLive-Wetter\u201c und einem ausf\u00fchrlichen Ausblick auf das Wetter in den Urlaubsregionen wird J\u00f6rg Kachelmann ab 16.30 Uhr bei \u201eG\u00e4ste zum Kaffee\u201c mit Ren\u00e9 Kindermann und den Zuschauerinnen und Zuschauern des MDR ausf\u00fchrlich \u00fcber seine Wetterleidenschaft plaudern.<\/p>\n","protected":false},"excerpt":{"rendered":"<p>J\u00f6rg Kachelmann kehrt noch ein Mal an die Wetterkarte zur\u00fcck!<\/p>\n","protected":false},"author":2,"featured_media":51685,"comment_status":"open","ping_status":"closed","sticky":false,"template":"","format":"standard","meta":{"_FSMCFIC_featured_image_caption":"","_FSMCFIC_featured_image_nocaption":"","_FSMCFIC_featured_image_hide":""},"categories":[33],"tags":[842],"acf":[],"_links":{"self":[{"href":"https:\/\/smago.de\/ws2\/wp-json\/wp\/v2\/posts\/131453"}],"collection":[{"href":"https:\/\/smago.de\/ws2\/wp-json\/wp\/v2\/posts"}],"about":[{"href":"https:\/\/smago.de\/ws2\/wp-json\/wp\/v2\/types\/post"}],"author":[{"embeddable":true,"href":"https:\/\/smago.de\/ws2\/wp-json\/wp\/v2\/users\/2"}],"replies":[{"embeddable":true,"href":"https:\/\/smago.de\/ws2\/wp-json\/wp\/v2\/comments?post=131453"}],"version-history":[{"count":3,"href":"https:\/\/smago.de\/ws2\/wp-json\/wp\/v2\/posts\/131453\/revisions"}],"predecessor-version":[{"id":131487,"href":"https:\/\/smago.de\/ws2\/wp-json\/wp\/v2\/posts\/131453\/revisions\/131487"}],"wp:featuredmedia":[{"embeddable":true,"href":"https:\/\/smago.de\/ws2\/wp-json\/wp\/v2\/media\/51685"}],"wp:attachment":[{"href":"https:\/\/smago.de\/ws2\/wp-json\/wp\/v2\/media?parent=131453"}],"wp:term":[{"taxonomy":"category","embeddable":true,"href":"https:\/\/smago.de\/ws2\/wp-json\/wp\/v2\/categories?post=131453"},{"taxonomy":"post_tag","embeddable":true,"href":"https:\/\/smago.de\/ws2\/wp-json\/wp\/v2\/tags?post=131453"}],"curies":[{"name":"wp","href":"https:\/\/api.w.org\/{rel}","templated":true}]}}