{"id":131203,"date":"2019-06-21T11:59:10","date_gmt":"2019-06-21T09:59:10","guid":{"rendered":"https:\/\/smago.de\/?p=131203"},"modified":"2019-06-21T12:03:29","modified_gmt":"2019-06-21T10:03:29","slug":"fantasy-fantasy-praesentieren-ihr-video-zur-single-casanova","status":"publish","type":"post","link":"https:\/\/smago.de\/ws2\/pop-schlager\/fantasy-fantasy-praesentieren-ihr-video-zur-single-casanova\/","title":{"rendered":"FANTASY <br>Fantasy pr\u00e4sentieren ihr Video zur Single \u201eCasanova&#8220;!"},"content":{"rendered":"<p style=\"text-align: justify;\">Das gleichnamige Album erscheint am 13. September 2019!<br \/>\n<!--more--><\/p>\n<p>&nbsp;<\/p>\n<p style=\"text-align: justify;\">\n<p style=\"text-align: justify;\">Zwei Jahre mussten Fantasy-Fans auf ein neues Studio-Album ihrer Idole warten \u2013 nun steht der Ver\u00f6ffentlichungstermin des zehnten Longplayers der \u201eK\u00f6nige des Discofox\u201c fest. <strong>\u201eCasanova\u201c,<\/strong> so der Titel des neuen Werkes, das ab dem 13. September \u00fcberall erh\u00e4ltlich sein wird. Es ist der Follow-Up zu \u201eBonnie &amp; Clyde\u201c, das im April 2017 erschien und wie die vier Alben zuvor mit Gold ausgezeichnet wurde. Im M\u00e4rz letzten Jahres erschien mit \u201eDas Beste von Fantasy\u201c ihr Best Of-Album, das direkt auf Platz 1 der Albumcharts einstieg!<\/p>\n<p style=\"text-align: justify;\">Auch bei ihrem neuen Album haben die beiden (Mehrfach-) Echo-Nominierten Freddy und Martin einige \u00dcberraschungen parat. Zum Beispiel in punkto Entstehungsgeschichte des Albumtitels \u2013 denn mitnichten wurde der Longplayer nach dem ber\u00fchmten venezianischen Schriftsteller, Abenteurer, Romancier und Erz-Hallodri Giacomo Girolamo Casanova (1725 \u2013 1798) benannt.\u00a0 <em><strong>\u201eCasanova\u2018 <\/strong>hei\u00dft ja \u00fcbersetzt \u201aNeues Haus\u2018 und genauso f\u00fchlen wir uns gerade\u201c,<\/em> erkl\u00e4rt Freddy. <em>\u201eWir waren viel auf Tournee, haben einiges erlebt und teilweise auch mit neuen Produzententeams gearbeitet. Letzten Endes sind wir allerdings wieder zu unserem alten Produzenten zur\u00fcckgekehrt und es kam uns wie etwas v\u00f6llig Neues vor. Schlie\u00dflich waren wir zwei Jahre nicht dort. Au\u00dferdem sind sowohl Martin als auch ich umgezogen und wohnen jetzt jeweils in neuen H\u00e4usern. Der Titel war also das Passendste, was wir uns denken konnten.\u201c<\/em><\/p>\n<p style=\"text-align: justify;\">Bereits jetzt liegt mit <strong>\u201eCasanova\u201c<\/strong> der Titelsong als erste Single vor, die sich textlich aber keineswegs mit dem Thema Immobilien besch\u00e4ftigt. Der in Zusammenarbeit mit Felix Gauder (Vanessa Mai, Maite Kelly u.a.), Oli Nova (Vanessa Mai, Andrea Berg, Semino Rossi, Michelle) und Alexander Scholz (J\u00fcrgen Drews, Bernhard Brink, Michelle) entstandene Song widmet sich vielmehr dem schmerzhaften Gef\u00fchl des Versetztwerdens beim Blinddate. Die beiden Musiker haben f\u00fcr die Sitzengelassene allerdings (im wunderbar eing\u00e4ngigen Refrain) umgehend einen praktischen L\u00f6sungsansatz parat: \u201eDein Casanova liebt dich nicht, verdient dich nicht \u2013 komm her, dann \u00fcbernehme ich\u2026\u201c<\/p>\n<p style=\"text-align: justify;\">Gleichzeitig bietet der Song einen ersten musikalischen Vorgeschmack auf das kommende Album des mit Mehrfach-Platin ausgezeichneten Duos, das seit vielen Jahren \u00fcber alle Ma\u00dfen erfolgreich ist. \u201e<strong>Die Produktion war sehr, sehr emotional\u201c,<\/strong> erinnert sich Freddy. <em>\u201eWir haben \u00fcber zwei Jahre kein neues Studio-Album ver\u00f6ffentlicht und hatten dementsprechend viel Spa\u00df, aber auch Leid in der Gesangskabine. Denn wir haben in diesen zwei Jahren viele Dinge erlebt &#8211; sch\u00f6ne und nicht so sch\u00f6ne &#8211; die wir niedergeschrieben und nun musikalisch umgesetzt haben. Und darum geht es uns &#8211; wir wollten ein Album voller Emotionen: Liebe, Leid und Freude. Auch musikalisch haben wir uns ver\u00e4ndert: wir sind frischer geworden, poppiger und die Texte sind moderner.\u201c<\/em><\/p>\n<p>&nbsp;<\/p>\n<p>&nbsp;<\/p>\n<p><iframe loading=\"lazy\" src=\"\/\/www.youtube.com\/embed\/3DGrDGCq5Oc\" width=\"560\" height=\"314\" allowfullscreen=\"allowfullscreen\"><\/iframe><\/p>\n<p>&nbsp;<\/p>\n","protected":false},"excerpt":{"rendered":"<p>Das gleichnamige Album erscheint am 13. September 2019!<\/p>\n","protected":false},"author":2,"featured_media":131207,"comment_status":"open","ping_status":"closed","sticky":false,"template":"","format":"standard","meta":{"_FSMCFIC_featured_image_caption":"","_FSMCFIC_featured_image_nocaption":"","_FSMCFIC_featured_image_hide":""},"categories":[28,39],"tags":[406],"acf":[],"_links":{"self":[{"href":"https:\/\/smago.de\/ws2\/wp-json\/wp\/v2\/posts\/131203"}],"collection":[{"href":"https:\/\/smago.de\/ws2\/wp-json\/wp\/v2\/posts"}],"about":[{"href":"https:\/\/smago.de\/ws2\/wp-json\/wp\/v2\/types\/post"}],"author":[{"embeddable":true,"href":"https:\/\/smago.de\/ws2\/wp-json\/wp\/v2\/users\/2"}],"replies":[{"embeddable":true,"href":"https:\/\/smago.de\/ws2\/wp-json\/wp\/v2\/comments?post=131203"}],"version-history":[{"count":5,"href":"https:\/\/smago.de\/ws2\/wp-json\/wp\/v2\/posts\/131203\/revisions"}],"predecessor-version":[{"id":131209,"href":"https:\/\/smago.de\/ws2\/wp-json\/wp\/v2\/posts\/131203\/revisions\/131209"}],"wp:featuredmedia":[{"embeddable":true,"href":"https:\/\/smago.de\/ws2\/wp-json\/wp\/v2\/media\/131207"}],"wp:attachment":[{"href":"https:\/\/smago.de\/ws2\/wp-json\/wp\/v2\/media?parent=131203"}],"wp:term":[{"taxonomy":"category","embeddable":true,"href":"https:\/\/smago.de\/ws2\/wp-json\/wp\/v2\/categories?post=131203"},{"taxonomy":"post_tag","embeddable":true,"href":"https:\/\/smago.de\/ws2\/wp-json\/wp\/v2\/tags?post=131203"}],"curies":[{"name":"wp","href":"https:\/\/api.w.org\/{rel}","templated":true}]}}